{"id":70912,"date":"2008-06-09T17:52:33","date_gmt":"2008-06-09T17:52:33","guid":{"rendered":"http:\/\/diariodominicano.ddns.net\/?p=70912"},"modified":"2008-06-09T17:52:33","modified_gmt":"2008-06-09T17:52:33","slug":"fernando-trueba-inicia-el-rodaje-de-su-proxima-pelicula","status":"publish","type":"post","link":"https:\/\/diariodominicano.com\/?p=70912","title":{"rendered":"Fernando Trueba inicia el rodaje de su pr\u00f3xima pel\u00edcula"},"content":{"rendered":"<p><body><\/p>\n<p align=\"justify\"><strong class=\"titulogrande1\">Fernando Trueba inicia el rodaje de su pr\u00f3xima pel\u00edcula<\/strong><br \/>&#13;<br \/>\n  <br \/>&#13;<br \/>\n    <span class=\"text1noticias\">Se llamar\u00e1 &#8216;El baile de la victoria&#8217; y ser\u00e1 protagonizada por Ricardo Dar\u00edn <br \/>&#13;<br \/>\n    <br \/>&#13;<br \/>\n    <strong>OTR\/Press<\/strong> &#8211; Los \u00c1ngeles &#8211; 09\/06\/2008 <\/span><\/p>\n<p>&#13;<\/p>\n<p align=\"justify\" class=\"text1noticias\"><img loading=\"lazy\" decoding=\"async\" src=\"http:\/\/localhost:8080\/img\/trueba.jpg\" width=\"375\" height=\"276\" hspace=\"4\" align=\"left\" \/>Fernando Trueba regresa a la  direcci\u00f3n. Cuatro a\u00f1os despu\u00e9s de dirigir el documental <em>El milagro de  Candeal<\/em>, protagonizado por Carlinhos Brown, y seis desde el que fue su  \u00faltimo largometraje de ficci\u00f3n, <em>El embrujo de Shanghai<\/em>, el ganador del  Oscar por <em>Belle \u00c9poque<\/em> vuelve a ponerse tras las c\u00e1maras con <em>El baile  de la victoria<\/em>, la adaptaci\u00f3n cinematogr\u00e1fica de la novela hom\u00f3nima del  escritor chileno Antonio Sk\u00e1rmeta.<br \/>&#13;<br \/>\n  <br \/>&#13;<br \/>\n  Seg\u00fan anunci\u00f3 el propio director  el rodaje comenzar\u00e1 en Chile el pr\u00f3ximo 28 de julio y finalizar\u00e1 en octubre con  el argentino Ricardo Dar\u00edn (<em>El hijo de la novia<\/em>, <em>XXY<\/em>) como  protagonista. El gui\u00f3n de la pel\u00edcula es obra de Trueba, el hijo del director,  Jon\u00e1s Trueba, y del propio autor de la obra original. Esta no ser\u00e1 la primera  novela de Sk\u00e1rmeta que da el salto a la gran pantalla, ya que el chileno  tambi\u00e9n es el autor de <em>El cartero y Pablo Neruda<\/em> que en 1995 dirigi\u00f3  Michael Radford.<br \/>&#13;<br \/>\n  <br \/>&#13;<br \/>\n  Trueba, en declaraciones a  \u00bbVariety\u00bb recogidas por otr\/press, define la pel\u00edcula como \u00abun film de  tres personajes\u00bb cuya historia gira alrededor de un ladr\u00f3n profesional,  que interpretar\u00e1 Dar\u00edn, un joven que est\u00e1 en la c\u00e1rcel por robar un caballo,  que estar\u00e1 interpretado por el tambi\u00e9n argentino Abel Ayala (<em>El ni\u00f1o de  barro<\/em>) y una joven \u00abcuya \u00fanico modo de expresarse es bailar\u00bb, que  estar\u00e1 interpretada por la chilena Miranda Bodenhofer.<br \/>&#13;<br \/>\n  <br \/>&#13;<br \/>\n\u00abEs sobre todo una pel\u00edcula  rom\u00e1ntica, pero con elementos de comedia y de cine negro\u00bb, se\u00f1al\u00f3 del  director que espera poder estrenar \u00bbEl Baile de la Victoria\u00bb en febrero o  marzo del pr\u00f3ximo a\u00f1o. Muy volcado en su labor de guionista, Trueba tambi\u00e9n  se\u00f1al\u00f3 que ya tiene terminados los guiones de <em>Haunted heart<\/em>, una cinta  que protagonizar\u00e1 Pen\u00e9lope Cruz, y de <em>The artist and the model<\/em>, un drama  ambientado en la Francia ocupada por los nazis.<\/p>\n<p>&#13;<\/p>\n<h6> 2008-06-09 17:52:33 <\/h6>\n<p><!--\n<link rel=\"stylesheet\" href=\"css\/bootstrap.min.css\">\n\n\n<ul class=\"pagination\">\n\t    \n\t\n\n<li >\n\t<a href='?page_no=22589'>Previous<\/a>\n\t<\/li>\n\n\n       \n    \n\n<li><a href='?page_no=1'>1<\/a><\/li>\n\n\n\n<li><a href='?page_no=2'>2<\/a><\/li>\n\n\n\n<li><a>...<\/a><\/li>\n\n\n\n<li><a href='?page_no=22588'>22588<\/a><\/li>\n\n\n\n<li><a href='?page_no=22589'>22589<\/a><\/li>\n\n\n\n<li class='active'><a>22590<\/a><\/li>\n\n\n\n<li><a href='?page_no=22591'>22591<\/a><\/li>\n\n\n\n<li><a href='?page_no=22592'>22592<\/a><\/li>\n\n\n\n<li><a>...<\/a><\/li>\n\n\n\n<li><a href='?page_no=22911'>22911<\/a><\/li>\n\n\n\n<li><a href='?page_no=22912'>22912<\/a><\/li>\n\n    \n\t\n\n<li >\n\t<a href='?page_no=22591'>Next<\/a>\n\t<\/li>\n\n\n    \n\n<li><a href='?page_no=22912'>Last &rsaquo;&rsaquo;<\/a><\/li>\n\n<\/ul>\n\n\n--><br \/>\n<\/body><\/p>\n","protected":false},"excerpt":{"rendered":"<p>Fernando Trueba inicia el rodaje de su pr\u00f3xima pel\u00edcula&#13; &#13; Se llamar\u00e1 &#8216;El baile de la victoria&#8217; y ser\u00e1 protagonizada por Ricardo Dar\u00edn &#13; &#13; OTR\/Press &#8211; Los \u00c1ngeles &#8211; 09\/06\/2008 &#13; Fernando Trueba regresa a la direcci\u00f3n. Cuatro a\u00f1os despu\u00e9s de dirigir el documental El milagro de Candeal, protagonizado por Carlinhos Brown, y seis [&hellip;]<\/p>\n","protected":false},"author":3,"featured_media":0,"comment_status":"open","ping_status":"open","sticky":false,"template":"","format":"standard","meta":{"footnotes":""},"categories":[21],"tags":[],"class_list":["post-70912","post","type-post","status-publish","format-standard","hentry","category-cultura"],"_links":{"self":[{"href":"https:\/\/diariodominicano.com\/index.php?rest_route=\/wp\/v2\/posts\/70912","targetHints":{"allow":["GET"]}}],"collection":[{"href":"https:\/\/diariodominicano.com\/index.php?rest_route=\/wp\/v2\/posts"}],"about":[{"href":"https:\/\/diariodominicano.com\/index.php?rest_route=\/wp\/v2\/types\/post"}],"author":[{"embeddable":true,"href":"https:\/\/diariodominicano.com\/index.php?rest_route=\/wp\/v2\/users\/3"}],"replies":[{"embeddable":true,"href":"https:\/\/diariodominicano.com\/index.php?rest_route=%2Fwp%2Fv2%2Fcomments&post=70912"}],"version-history":[{"count":0,"href":"https:\/\/diariodominicano.com\/index.php?rest_route=\/wp\/v2\/posts\/70912\/revisions"}],"wp:attachment":[{"href":"https:\/\/diariodominicano.com\/index.php?rest_route=%2Fwp%2Fv2%2Fmedia&parent=70912"}],"wp:term":[{"taxonomy":"category","embeddable":true,"href":"https:\/\/diariodominicano.com\/index.php?rest_route=%2Fwp%2Fv2%2Fcategories&post=70912"},{"taxonomy":"post_tag","embeddable":true,"href":"https:\/\/diariodominicano.com\/index.php?rest_route=%2Fwp%2Fv2%2Ftags&post=70912"}],"curies":[{"name":"wp","href":"https:\/\/api.w.org\/{rel}","templated":true}]}}