{"id":70911,"date":"2008-06-09T17:55:11","date_gmt":"2008-06-09T17:55:11","guid":{"rendered":"http:\/\/diariodominicano.ddns.net\/?p=70911"},"modified":"2008-06-09T17:55:11","modified_gmt":"2008-06-09T17:55:11","slug":"ferran-adria-honoris-causa-por-la-universidad-de-aberdeen","status":"publish","type":"post","link":"https:\/\/diariodominicano.com\/?p=70911","title":{"rendered":"Ferran Adri\u00e0, &#8216;honoris causa&#8217; por la Universidad de Aberdeen"},"content":{"rendered":"<p><body><\/p>\n<p align=\"justify\"><strong class=\"titulogrande1\">Ferran Adri\u00e0, &#8216;honoris causa&#8217; por la Universidad de Aberdeen<\/strong><br \/>&#13;<br \/>\n  <br \/>&#13;<br \/>\n    <span class=\"text1noticias\">El centro escoc\u00e9s equipara las creaciones del cocinero catal\u00e1n a los  trabajos art\u00edsticos de Dal\u00ed, Picasso, Mir\u00f3 o Bu\u00f1uel <br \/>&#13;<br \/>\n    <br \/>&#13;<br \/>\n    <strong>EFE<\/strong> &#8211; Barcelona &#8211; 09\/06\/2008 <\/span><\/p>\n<p>&#13;<\/p>\n<p align=\"justify\" class=\"text1noticias\">El cocinero catal\u00e1n Ferran Adri\u00e0  ser\u00e1 investido doctor <em>honoris causa<\/em> en Humanidades por la Universidad de  Aberdeen (Escocia), que de esta forma premia la contribuci\u00f3n al pensamiento  contempor\u00e1neo de este maestro de los fogones, al que comparan con los genios  Salvador Dal\u00ed, Pablo Picasso, Joan Mir\u00f3 y Luis Bu\u00f1uel. Seg\u00fan ha informado este  centro universitario escoc\u00e9s, Adri\u00e0 ser\u00e1 investido el pr\u00f3ximo 1 de julio en el  Marischal College de Aberdeen, a propuesta del Centro de Pensamiento Moderno de  esta localidad.<br \/>&#13;<br \/>\n  <br \/>&#13;<br \/>\n  La concesi\u00f3n de este  reconocimiento a Adri\u00e0 se produce cuando a\u00fan colea la pol\u00e9mica por las  declaraciones en las que el cocinero catal\u00e1n Santi Santamar\u00eda arremet\u00eda contra  el responsable de El Bulli y su modelo de cocina experimental. Adri\u00e0 ha evitado  entrar en la pol\u00e9mica y ha asegurado que este premio es un \u00abreconocimiento  a la solidez de toda la gastronom\u00eda espa\u00f1ola, independientemente del tipo de  cocina que se haga\u00bb. \u00abYo quiero compartir este reconocimiento con  toda la gente que hace que la gastronom\u00eda espa\u00f1ola est\u00e9 donde est\u00e1\u00bb, ha  agregado Adri\u00e0, que se ha mostrado convencido de que esta distinci\u00f3n  \u00abayudar\u00e1 a potenciar la imagen y los productos\u00bb de la cocina  espa\u00f1ola.<br \/>&#13;<br \/>\n  <br \/>&#13;<br \/>\n  <strong>\u00abUn genio\u00bb<\/strong> <br \/>&#13;<br \/>\n  <br \/>&#13;<br \/>\n  A la hora de describir los m\u00e9ritos  por los que se le concede el <em>honoris causa<\/em> a Adri\u00e0, la Universidad de  Aberdeen no duda en se\u00f1alar que se trata de \u00abun genio, un pensador  destinado a renovar la conexi\u00f3n entre la alimentaci\u00f3n intelectual y la  alimentaci\u00f3n sensorial, de manera que est\u00e1 en el proceso de cambiar para  siempre nuestro entendimiento sobre nuestra relaci\u00f3n de cocinar y de  comer.\u00bb \u00abExiste una clara conexi\u00f3n entre el trabajo de Adri\u00e0 y las  distintas tendencias art\u00edsticas y filos\u00f3ficas del siglo XX, desde el  surrealismo hasta la nueva cr\u00edtica del movimiento te\u00f3rico de deconstrucci\u00f3n\u00bb,  agrega el razonamiento del centro acad\u00e9mico.<br \/>&#13;<br \/>\n  <br \/>&#13;<br \/>\n  Adem\u00e1s, los responsables de la  universidad escocesa subrayan que la cocina de Adri\u00e0 ha sido entendida desde el  principio como \u00abarte o filosof\u00eda\u00bb, por lo que comparan su don con el  de los genios Salvador Dal\u00ed, Pablo Picasso, Joan Mir\u00f3 y Luis Bu\u00f1uel.<\/p>\n<p>&#13;<\/p>\n<h6> 2008-06-09 17:55:11 <\/h6>\n<p><!--\n<link rel=\"stylesheet\" href=\"css\/bootstrap.min.css\">\n\n\n<ul class=\"pagination\">\n\t    \n\t\n\n<li >\n\t<a href='?page_no=22588'>Previous<\/a>\n\t<\/li>\n\n\n       \n    \n\n<li><a href='?page_no=1'>1<\/a><\/li>\n\n\n\n<li><a href='?page_no=2'>2<\/a><\/li>\n\n\n\n<li><a>...<\/a><\/li>\n\n\n\n<li><a href='?page_no=22587'>22587<\/a><\/li>\n\n\n\n<li><a href='?page_no=22588'>22588<\/a><\/li>\n\n\n\n<li class='active'><a>22589<\/a><\/li>\n\n\n\n<li><a href='?page_no=22590'>22590<\/a><\/li>\n\n\n\n<li><a href='?page_no=22591'>22591<\/a><\/li>\n\n\n\n<li><a>...<\/a><\/li>\n\n\n\n<li><a href='?page_no=22911'>22911<\/a><\/li>\n\n\n\n<li><a href='?page_no=22912'>22912<\/a><\/li>\n\n    \n\t\n\n<li >\n\t<a href='?page_no=22590'>Next<\/a>\n\t<\/li>\n\n\n    \n\n<li><a href='?page_no=22912'>Last &rsaquo;&rsaquo;<\/a><\/li>\n\n<\/ul>\n\n\n--><br \/>\n<\/body><\/p>\n","protected":false},"excerpt":{"rendered":"<p>Ferran Adri\u00e0, &#8216;honoris causa&#8217; por la Universidad de Aberdeen&#13; &#13; El centro escoc\u00e9s equipara las creaciones del cocinero catal\u00e1n a los trabajos art\u00edsticos de Dal\u00ed, Picasso, Mir\u00f3 o Bu\u00f1uel &#13; &#13; EFE &#8211; Barcelona &#8211; 09\/06\/2008 &#13; El cocinero catal\u00e1n Ferran Adri\u00e0 ser\u00e1 investido doctor honoris causa en Humanidades por la Universidad de Aberdeen (Escocia), [&hellip;]<\/p>\n","protected":false},"author":3,"featured_media":0,"comment_status":"open","ping_status":"open","sticky":false,"template":"","format":"standard","meta":{"footnotes":""},"categories":[21],"tags":[],"class_list":["post-70911","post","type-post","status-publish","format-standard","hentry","category-cultura"],"_links":{"self":[{"href":"https:\/\/diariodominicano.com\/index.php?rest_route=\/wp\/v2\/posts\/70911","targetHints":{"allow":["GET"]}}],"collection":[{"href":"https:\/\/diariodominicano.com\/index.php?rest_route=\/wp\/v2\/posts"}],"about":[{"href":"https:\/\/diariodominicano.com\/index.php?rest_route=\/wp\/v2\/types\/post"}],"author":[{"embeddable":true,"href":"https:\/\/diariodominicano.com\/index.php?rest_route=\/wp\/v2\/users\/3"}],"replies":[{"embeddable":true,"href":"https:\/\/diariodominicano.com\/index.php?rest_route=%2Fwp%2Fv2%2Fcomments&post=70911"}],"version-history":[{"count":0,"href":"https:\/\/diariodominicano.com\/index.php?rest_route=\/wp\/v2\/posts\/70911\/revisions"}],"wp:attachment":[{"href":"https:\/\/diariodominicano.com\/index.php?rest_route=%2Fwp%2Fv2%2Fmedia&parent=70911"}],"wp:term":[{"taxonomy":"category","embeddable":true,"href":"https:\/\/diariodominicano.com\/index.php?rest_route=%2Fwp%2Fv2%2Fcategories&post=70911"},{"taxonomy":"post_tag","embeddable":true,"href":"https:\/\/diariodominicano.com\/index.php?rest_route=%2Fwp%2Fv2%2Ftags&post=70911"}],"curies":[{"name":"wp","href":"https:\/\/api.w.org\/{rel}","templated":true}]}}