{"id":70909,"date":"2008-06-09T18:01:43","date_gmt":"2008-06-09T18:01:43","guid":{"rendered":"http:\/\/diariodominicano.ddns.net\/?p=70909"},"modified":"2008-06-09T18:01:43","modified_gmt":"2008-06-09T18:01:43","slug":"el-jurado-del-velazquez-se-profesionaliza","status":"publish","type":"post","link":"https:\/\/diariodominicano.com\/?p=70909","title":{"rendered":"El jurado del Vel\u00e1zquez se profesionaliza"},"content":{"rendered":"<p><body><\/p>\n<p align=\"justify\"><strong class=\"titulogrande1\">El jurado del Vel\u00e1zquez se profesionaliza<\/strong><br \/>&#13;<br \/>\n  <br \/>&#13;<br \/>\n    <span class=\"text1noticias\">Esta tarde le ser\u00e1 entregado el galard\u00f3n, equivalente al Cervantes de  literatura, al brasile\u00f1o Cildo Meireles <br \/>&#13;<br \/>\n    <br \/>&#13;<br \/>\n    <strong>EFE<\/strong> &#8211; Madrid &#8211; 09\/06\/2008 <\/span><\/p>\n<p>&#13;<\/p>\n<p align=\"justify\" class=\"text1noticias\">El jurado del Premio Vel\u00e1zquez  tendr\u00e1 un car\u00e1cter \u00abmarcadamente profesional\u00bb, con la incorporaci\u00f3n  de personalidades y expertos del mundo del arte, para garantizar a partir del  a\u00f1o que viene su \u00abcompleta autonom\u00eda\u00bb, ha anunciado hoy el ministro  de Cultura, C\u00e9sar Antonio Molina. Molina ha informado hoy de los cambios, que  se introducir\u00e1n en el galard\u00f3n a partir del pr\u00f3ximo a\u00f1o, en una rueda de prensa  junto al artista brasile\u00f1o Cildo Meireles, quien esta tarde recibir\u00e1 el Premio  Vel\u00e1zquez 2008 de manos del Rey.<br \/>&#13;<br \/>\n  <br \/>&#13;<br \/>\n  El ministro ha admitido que este  a\u00f1o es \u00abla m\u00e1s vanguardista\u00bb de todas las ediciones porque con el premio  a Meireles se reconoce la \u00abexperimentaci\u00f3n\u00bb y ha destacado de \u00e9l su  gran rigor conceptual y compromiso pol\u00edtico e intelectual. Al premio, reservado  en sus siete primeras ediciones a los artistas espa\u00f1oles y de los pa\u00edses  latinoamericanos, podr\u00e1n ser candidatos a partir de 2009 los nacionales de  Espa\u00f1a y de los estados americanos de la comunidad iberoamericana, adem\u00e1s de  Portugal, para \u00abalentar y reconocer\u00bb as\u00ed \u00ablos lazos que  unen\u00bb a todos esos pa\u00edses, ha explicado Molina.<br \/>&#13;<br \/>\n  <br \/>&#13;<br \/>\n  La dotaci\u00f3n del Vel\u00e1zquez, creado  en 2001, aumentar\u00e1 de 90.450 a 125.000 euros, se mantiene la exposici\u00f3n que el  Reina Sof\u00eda dedica al ganador y se elimina la obligaci\u00f3n de que el galardonado  designe a un artista menor de 35 a\u00f1os para agraciarle con una beca de 30.000  euros. \u00abLa experiencia nos ha ense\u00f1ado que se creaba una preocupaci\u00f3n y un  problema al premiado, porque la mayor parte de las veces no sab\u00eda a qui\u00e9n  elegir. En principio lo hemos suprimido pero si alg\u00fan artista tuviera especial  inter\u00e9s se podr\u00eda recuperar\u00bb, ha explicado.<br \/>&#13;<br \/>\n  <br \/>&#13;<br \/>\n  <strong>Mayor car\u00e1cter profesional<\/strong> <br \/>&#13;<br \/>\n  <br \/>&#13;<br \/>\n  Con la nueva composici\u00f3n del  jurado, seg\u00fan Molina, se reforzar\u00e1 su car\u00e1cter profesional porque se incorporan  expertos del mundo del arte, la cr\u00edtica y los museos nacionales,  iberoamericanos y de otros pa\u00edses. El ministerio s\u00f3lo propondr\u00e1 a uno de sus  miembros, personificado en el director general de Bellas Artes, que presidir\u00e1  el jurado, y del que no podr\u00e1 formar parte ninguna persona que lo haya sido en  las tres convocatorias anteriores.<br \/>&#13;<br \/>\n  <br \/>&#13;<br \/>\n  El jurado del Vel\u00e1zquez estar\u00e1  formado por el \u00faltimo ganador del premio; un artista de reconocido prestigio  internacional, a propuesta de la Uni\u00f3n de Asociaciones de Artistas Visuales  (UAAV); y dos directores o conservadores de museos de arte contempor\u00e1neo, uno  del \u00e1mbito espa\u00f1ol y otro del iberoamericano (Portugal incluida), a propuesta  de la Real Academia de Bellas Artes. El Instituto de Arte Contempor\u00e1neo (IAC)  propondr\u00e1 a otros dos directores o conservadores de museos de arte  contempor\u00e1neo de \u00e1mbito internacional de reconocido prestigio, exceptuando  Espa\u00f1a e Iberoam\u00e9rica.<br \/>&#13;<br \/>\n  <br \/>&#13;<br \/>\n  El jurado se completar\u00e1 con dos  cr\u00edticos, comisarios, investigaores e historiadores de arte contempor\u00e1neo, a  propuesta de la Asociaci\u00f3n de Directores de Arte Contempor\u00e1neo de Espa\u00f1a  (ADACE). El jurado estaba compuesto hasta ahora por 14 miembros, entre ellos  los directores del Prado, el Reina Sof\u00eda y la Real Academia de Bellas Artes,  adem\u00e1s de tres especialistas designados por el ministerio y uno por el  Instituto Cervantes, as\u00ed como 2 por personaidades iberoamericanas elegidas por  Exteriores.<\/p>\n<p>&#13;<\/p>\n<h6> 2008-06-09 18:01:43 <\/h6>\n<p><!--\n<link rel=\"stylesheet\" href=\"css\/bootstrap.min.css\">\n\n\n<ul class=\"pagination\">\n\t    \n\t\n\n<li >\n\t<a href='?page_no=22586'>Previous<\/a>\n\t<\/li>\n\n\n       \n    \n\n<li><a href='?page_no=1'>1<\/a><\/li>\n\n\n\n<li><a href='?page_no=2'>2<\/a><\/li>\n\n\n\n<li><a>...<\/a><\/li>\n\n\n\n<li><a href='?page_no=22585'>22585<\/a><\/li>\n\n\n\n<li><a href='?page_no=22586'>22586<\/a><\/li>\n\n\n\n<li class='active'><a>22587<\/a><\/li>\n\n\n\n<li><a href='?page_no=22588'>22588<\/a><\/li>\n\n\n\n<li><a href='?page_no=22589'>22589<\/a><\/li>\n\n\n\n<li><a>...<\/a><\/li>\n\n\n\n<li><a href='?page_no=22911'>22911<\/a><\/li>\n\n\n\n<li><a href='?page_no=22912'>22912<\/a><\/li>\n\n    \n\t\n\n<li >\n\t<a href='?page_no=22588'>Next<\/a>\n\t<\/li>\n\n\n    \n\n<li><a href='?page_no=22912'>Last &rsaquo;&rsaquo;<\/a><\/li>\n\n<\/ul>\n\n\n--><br \/>\n<\/body><\/p>\n","protected":false},"excerpt":{"rendered":"<p>El jurado del Vel\u00e1zquez se profesionaliza&#13; &#13; Esta tarde le ser\u00e1 entregado el galard\u00f3n, equivalente al Cervantes de literatura, al brasile\u00f1o Cildo Meireles &#13; &#13; EFE &#8211; Madrid &#8211; 09\/06\/2008 &#13; El jurado del Premio Vel\u00e1zquez tendr\u00e1 un car\u00e1cter \u00abmarcadamente profesional\u00bb, con la incorporaci\u00f3n de personalidades y expertos del mundo del arte, para garantizar a [&hellip;]<\/p>\n","protected":false},"author":3,"featured_media":0,"comment_status":"open","ping_status":"open","sticky":false,"template":"","format":"standard","meta":{"footnotes":""},"categories":[21],"tags":[],"class_list":["post-70909","post","type-post","status-publish","format-standard","hentry","category-cultura"],"_links":{"self":[{"href":"https:\/\/diariodominicano.com\/index.php?rest_route=\/wp\/v2\/posts\/70909","targetHints":{"allow":["GET"]}}],"collection":[{"href":"https:\/\/diariodominicano.com\/index.php?rest_route=\/wp\/v2\/posts"}],"about":[{"href":"https:\/\/diariodominicano.com\/index.php?rest_route=\/wp\/v2\/types\/post"}],"author":[{"embeddable":true,"href":"https:\/\/diariodominicano.com\/index.php?rest_route=\/wp\/v2\/users\/3"}],"replies":[{"embeddable":true,"href":"https:\/\/diariodominicano.com\/index.php?rest_route=%2Fwp%2Fv2%2Fcomments&post=70909"}],"version-history":[{"count":0,"href":"https:\/\/diariodominicano.com\/index.php?rest_route=\/wp\/v2\/posts\/70909\/revisions"}],"wp:attachment":[{"href":"https:\/\/diariodominicano.com\/index.php?rest_route=%2Fwp%2Fv2%2Fmedia&parent=70909"}],"wp:term":[{"taxonomy":"category","embeddable":true,"href":"https:\/\/diariodominicano.com\/index.php?rest_route=%2Fwp%2Fv2%2Fcategories&post=70909"},{"taxonomy":"post_tag","embeddable":true,"href":"https:\/\/diariodominicano.com\/index.php?rest_route=%2Fwp%2Fv2%2Ftags&post=70909"}],"curies":[{"name":"wp","href":"https:\/\/api.w.org\/{rel}","templated":true}]}}