{"id":70908,"date":"2008-06-10T16:19:34","date_gmt":"2008-06-10T16:19:34","guid":{"rendered":"http:\/\/diariodominicano.ddns.net\/?p=70908"},"modified":"2008-06-10T16:19:34","modified_gmt":"2008-06-10T16:19:34","slug":"muere-a-los-78-anos-escritor-peter-ruhmkorf","status":"publish","type":"post","link":"https:\/\/diariodominicano.com\/?p=70908","title":{"rendered":"Muere a los 78 a\u00f1os escritor Peter R\u00fchmkorf"},"content":{"rendered":"<p><body><\/p>\n<p align=\"justify\"><span class=\"titulogrande1\">Muere a los 78 a\u00f1os escritor Peter R\u00fchmkorf <\/span><br \/>&#13;<br \/>\n  <br \/>&#13;<br \/>\n    <span class=\"text1noticias\">Integr\u00f3 el \u00abGrupo 47\u00bb junto al Premio Nobel de  Literatura, G\u00fcnter Grass.<br \/>&#13;<br \/>\n    <br \/>&#13;<br \/>\n    DPA <\/span><\/p>\n<p>&#13;<\/p>\n<p align=\"justify\" class=\"text1noticias\"><img loading=\"lazy\" decoding=\"async\" src=\"http:\/\/localhost:8080\/img\/peter.jpg\" width=\"375\" height=\"270\" hspace=\"4\" align=\"left\" \/>El escritor alem\u00e1n Peter R\u00fchmkorf, uno de los autores m\u00e1s  destacados de la literatura alemana contempor\u00e1nea, falleci\u00f3 el domingo a los 78  a\u00f1os v\u00edctima de un c\u00e1ncer, inform\u00f3 la editorial Rohwolt.<br \/>&#13;<br \/>\n  <br \/>&#13;<br \/>\n  R\u00fchmkorf, ganador del Premio B\u00fcchner de la lengua alemana,  destac\u00f3 como poeta, ensayista y dramaturgo, pero sobre todo por la fina iron\u00eda,  el sarcasmo y la mordacidad con la que describ\u00eda la sociedad alemana moderna.<br \/>&#13;<br \/>\n  <br \/>&#13;<br \/>\n  Junto a G\u00fcnter Grass y Hans-Magnus Enzensberger integr\u00f3 el  \u00abGrupo 47\u00bb.\u00a0 Los escritores se presentaron en p\u00fablico por \u00faltima  vez hace tres a\u00f1os, cuando R\u00fchmkorf ya estaba marcado por la grave enfermedad  que padec\u00eda.<br \/>&#13;<br \/>\n  <br \/>&#13;<br \/>\n  Justo ayer se le iba a entregar un nuevo premio, el de  Literatura Grotesca de la ciudad de Kassel.<\/p>\n<p>&#13;<\/p>\n<h6> 2008-06-10 16:19:34 <\/h6>\n<p><!--\n<link rel=\"stylesheet\" href=\"css\/bootstrap.min.css\">\n\n\n<ul class=\"pagination\">\n\t    \n\t\n\n<li >\n\t<a href='?page_no=22585'>Previous<\/a>\n\t<\/li>\n\n\n       \n    \n\n<li><a href='?page_no=1'>1<\/a><\/li>\n\n\n\n<li><a href='?page_no=2'>2<\/a><\/li>\n\n\n\n<li><a>...<\/a><\/li>\n\n\n\n<li><a href='?page_no=22584'>22584<\/a><\/li>\n\n\n\n<li><a href='?page_no=22585'>22585<\/a><\/li>\n\n\n\n<li class='active'><a>22586<\/a><\/li>\n\n\n\n<li><a href='?page_no=22587'>22587<\/a><\/li>\n\n\n\n<li><a href='?page_no=22588'>22588<\/a><\/li>\n\n\n\n<li><a>...<\/a><\/li>\n\n\n\n<li><a href='?page_no=22911'>22911<\/a><\/li>\n\n\n\n<li><a href='?page_no=22912'>22912<\/a><\/li>\n\n    \n\t\n\n<li >\n\t<a href='?page_no=22587'>Next<\/a>\n\t<\/li>\n\n\n    \n\n<li><a href='?page_no=22912'>Last &rsaquo;&rsaquo;<\/a><\/li>\n\n<\/ul>\n\n\n--><br \/>\n<\/body><\/p>\n","protected":false},"excerpt":{"rendered":"<p>Muere a los 78 a\u00f1os escritor Peter R\u00fchmkorf &#13; &#13; Integr\u00f3 el \u00abGrupo 47\u00bb junto al Premio Nobel de Literatura, G\u00fcnter Grass.&#13; &#13; DPA &#13; El escritor alem\u00e1n Peter R\u00fchmkorf, uno de los autores m\u00e1s destacados de la literatura alemana contempor\u00e1nea, falleci\u00f3 el domingo a los 78 a\u00f1os v\u00edctima de un c\u00e1ncer, inform\u00f3 la editorial [&hellip;]<\/p>\n","protected":false},"author":3,"featured_media":0,"comment_status":"open","ping_status":"open","sticky":false,"template":"","format":"standard","meta":{"footnotes":""},"categories":[21],"tags":[],"class_list":["post-70908","post","type-post","status-publish","format-standard","hentry","category-cultura"],"_links":{"self":[{"href":"https:\/\/diariodominicano.com\/index.php?rest_route=\/wp\/v2\/posts\/70908","targetHints":{"allow":["GET"]}}],"collection":[{"href":"https:\/\/diariodominicano.com\/index.php?rest_route=\/wp\/v2\/posts"}],"about":[{"href":"https:\/\/diariodominicano.com\/index.php?rest_route=\/wp\/v2\/types\/post"}],"author":[{"embeddable":true,"href":"https:\/\/diariodominicano.com\/index.php?rest_route=\/wp\/v2\/users\/3"}],"replies":[{"embeddable":true,"href":"https:\/\/diariodominicano.com\/index.php?rest_route=%2Fwp%2Fv2%2Fcomments&post=70908"}],"version-history":[{"count":0,"href":"https:\/\/diariodominicano.com\/index.php?rest_route=\/wp\/v2\/posts\/70908\/revisions"}],"wp:attachment":[{"href":"https:\/\/diariodominicano.com\/index.php?rest_route=%2Fwp%2Fv2%2Fmedia&parent=70908"}],"wp:term":[{"taxonomy":"category","embeddable":true,"href":"https:\/\/diariodominicano.com\/index.php?rest_route=%2Fwp%2Fv2%2Fcategories&post=70908"},{"taxonomy":"post_tag","embeddable":true,"href":"https:\/\/diariodominicano.com\/index.php?rest_route=%2Fwp%2Fv2%2Ftags&post=70908"}],"curies":[{"name":"wp","href":"https:\/\/api.w.org\/{rel}","templated":true}]}}