{"id":70906,"date":"2008-06-10T16:27:38","date_gmt":"2008-06-10T16:27:38","guid":{"rendered":"http:\/\/diariodominicano.ddns.net\/?p=70906"},"modified":"2008-06-10T16:27:38","modified_gmt":"2008-06-10T16:27:38","slug":"caetano-veloso-complacido-por-victoria-de-obama","status":"publish","type":"post","link":"https:\/\/diariodominicano.com\/?p=70906","title":{"rendered":"Caetano Veloso complacido por victoria de Obama"},"content":{"rendered":"<p><body><\/p>\n<p align=\"justify\"><span class=\"titulogrande1\">Caetano Veloso complacido por victoria de Obama <\/span><br \/>&#13;<br \/>\n  <br \/>&#13;<br \/>\n    <span class=\"text1noticias\">El cantautor considera que, incluso, el candidato del  Partido Republicano, \u00ab(John) McCain ser\u00eda mejor que (el actual Presidente,  George W.) Bush\u00bb.<br \/>&#13;<br \/>\n    <br \/>&#13;<br \/>\nDPA <\/span><\/p>\n<p>&#13;<\/p>\n<p align=\"justify\" class=\"text1noticias\"><img loading=\"lazy\" decoding=\"async\" src=\"http:\/\/localhost:8080\/img\/caetano.jpg\" width=\"375\" height=\"270\" hspace=\"4\" align=\"left\" \/>El cantautor brasile\u00f1o Caetano Veloso se manifest\u00f3  complacido por la victoria de Barack Obama en las primarias que designan al  candidato del Partido Dem\u00f3crata a la Presidencia de Estados Unidos.<br \/>&#13;<br \/>\n  <br \/>&#13;<br \/>\n  \u00abYo ten\u00eda simpat\u00eda por \u00e9l, pero nunca sent\u00ed qu\u00e9 desea y  qu\u00e9 puede hacer como l\u00edder pol\u00edtico de la naci\u00f3n (a\u00fan) m\u00e1s poderosa del mundo.  Pero hasta (el candidato del Partido Republicano, John) McCain ser\u00eda mejor que  (el actual Presidente, George W.) Bush\u00bb, dijo Veloso, en una entrevista  que publica hoy el diario \u00abO Estado de Sao Paulo\u00bb.<br \/>&#13;<br \/>\n<br \/>&#13;<br \/>\nEl creador del movimiento musical \u00abTropicalia\u00bb,  quien a lo largo de junio protagoniza en R\u00edo de Janeiro el espect\u00e1culo  \u00abOrden en Progreso\u00bb, de preparaci\u00f3n de su nuevo \u00e1lbum, coment\u00f3 en la  entrevista la pol\u00e9mica generada por su declaraci\u00f3n en referencia a la disputa  entre Obama y Hillary Clinton por la nominaci\u00f3n del Partido Dem\u00f3crata: \u00abMe  gustan mucho m\u00e1s negros que mujeres\u00bb.<br \/>&#13;<br \/>\n<br \/>&#13;<br \/>\n\u00abEsa frase es algo mala y c\u00ednica. Por una parte, dice  que hay algo rid\u00edculo en suponer que uno elige a alguien por ser negro o mujer.  Hay cierta violenta iron\u00eda contra eso en mi frase. Por otro lado, esa iron\u00eda no  se exime de reconocer que son factores importantes\u00bb, expres\u00f3.<br \/>&#13;<br \/>\n<br \/>&#13;<br \/>\nAdem\u00e1s del show que presenta actualmente en R\u00edo, Caetano  Veloso se prepara para realizar en agosto un espect\u00e1culo conjunto con el  \u00abrey\u00bb de la canci\u00f3n rom\u00e1ntica de Brasil, Roberto Carlos, en el que  ambos interpretar\u00e1n canciones de uno de los \u00abpadres\u00bb de la Bossa  Nova, Tom Jobim.<\/p>\n<p>&#13;<\/p>\n<h6> 2008-06-10 16:27:38 <\/h6>\n<p><!--\n<link rel=\"stylesheet\" href=\"css\/bootstrap.min.css\">\n\n\n<ul class=\"pagination\">\n\t    \n\t\n\n<li >\n\t<a href='?page_no=22583'>Previous<\/a>\n\t<\/li>\n\n\n       \n    \n\n<li><a href='?page_no=1'>1<\/a><\/li>\n\n\n\n<li><a href='?page_no=2'>2<\/a><\/li>\n\n\n\n<li><a>...<\/a><\/li>\n\n\n\n<li><a href='?page_no=22582'>22582<\/a><\/li>\n\n\n\n<li><a href='?page_no=22583'>22583<\/a><\/li>\n\n\n\n<li class='active'><a>22584<\/a><\/li>\n\n\n\n<li><a href='?page_no=22585'>22585<\/a><\/li>\n\n\n\n<li><a href='?page_no=22586'>22586<\/a><\/li>\n\n\n\n<li><a>...<\/a><\/li>\n\n\n\n<li><a href='?page_no=22911'>22911<\/a><\/li>\n\n\n\n<li><a href='?page_no=22912'>22912<\/a><\/li>\n\n    \n\t\n\n<li >\n\t<a href='?page_no=22585'>Next<\/a>\n\t<\/li>\n\n\n    \n\n<li><a href='?page_no=22912'>Last &rsaquo;&rsaquo;<\/a><\/li>\n\n<\/ul>\n\n\n--><br \/>\n<\/body><\/p>\n","protected":false},"excerpt":{"rendered":"<p>Caetano Veloso complacido por victoria de Obama &#13; &#13; El cantautor considera que, incluso, el candidato del Partido Republicano, \u00ab(John) McCain ser\u00eda mejor que (el actual Presidente, George W.) Bush\u00bb.&#13; &#13; DPA &#13; El cantautor brasile\u00f1o Caetano Veloso se manifest\u00f3 complacido por la victoria de Barack Obama en las primarias que designan al candidato del [&hellip;]<\/p>\n","protected":false},"author":3,"featured_media":0,"comment_status":"open","ping_status":"open","sticky":false,"template":"","format":"standard","meta":{"footnotes":""},"categories":[21],"tags":[],"class_list":["post-70906","post","type-post","status-publish","format-standard","hentry","category-cultura"],"_links":{"self":[{"href":"https:\/\/diariodominicano.com\/index.php?rest_route=\/wp\/v2\/posts\/70906","targetHints":{"allow":["GET"]}}],"collection":[{"href":"https:\/\/diariodominicano.com\/index.php?rest_route=\/wp\/v2\/posts"}],"about":[{"href":"https:\/\/diariodominicano.com\/index.php?rest_route=\/wp\/v2\/types\/post"}],"author":[{"embeddable":true,"href":"https:\/\/diariodominicano.com\/index.php?rest_route=\/wp\/v2\/users\/3"}],"replies":[{"embeddable":true,"href":"https:\/\/diariodominicano.com\/index.php?rest_route=%2Fwp%2Fv2%2Fcomments&post=70906"}],"version-history":[{"count":0,"href":"https:\/\/diariodominicano.com\/index.php?rest_route=\/wp\/v2\/posts\/70906\/revisions"}],"wp:attachment":[{"href":"https:\/\/diariodominicano.com\/index.php?rest_route=%2Fwp%2Fv2%2Fmedia&parent=70906"}],"wp:term":[{"taxonomy":"category","embeddable":true,"href":"https:\/\/diariodominicano.com\/index.php?rest_route=%2Fwp%2Fv2%2Fcategories&post=70906"},{"taxonomy":"post_tag","embeddable":true,"href":"https:\/\/diariodominicano.com\/index.php?rest_route=%2Fwp%2Fv2%2Ftags&post=70906"}],"curies":[{"name":"wp","href":"https:\/\/api.w.org\/{rel}","templated":true}]}}