{"id":70904,"date":"2008-06-10T17:21:44","date_gmt":"2008-06-10T17:21:44","guid":{"rendered":"http:\/\/diariodominicano.ddns.net\/?p=70904"},"modified":"2008-06-10T17:21:44","modified_gmt":"2008-06-10T17:21:44","slug":"cantantes-chilenos-viajan-a-concurso-de-opera-en-alemania","status":"publish","type":"post","link":"https:\/\/diariodominicano.com\/?p=70904","title":{"rendered":"Cantantes chilenos viajan a concurso de \u00f3pera en Alemania"},"content":{"rendered":"<p><body><\/p>\n<p align=\"justify\"><span class=\"titulogrande1\">Cantantes chilenos viajan a concurso de \u00f3pera en Alemania <\/span><br \/>&#13;<br \/>\n  <br \/>&#13;<br \/>\n    <span class=\"text1noticias\">Los int\u00e9rpretes nacionales se presentar\u00e1n en septiembre en  Dresden, encabezados por el tenor Luis Olivares y el bar\u00edtono Juan Drup\u00e9.<br \/>&#13;<br \/>\n    <br \/>&#13;<br \/>\nUPI <\/span><\/p>\n<p>&#13;<\/p>\n<p align=\"justify\" class=\"text1noticias\">Un grupo de cantantes chilenos participar\u00e1 en el Concurso  Competizioni dell&#8217; Opera, que se realizar\u00e1 desde el 5 al 12 de septiembre en  Dresden, Alemania.<br \/>&#13;<br \/>\n  <br \/>&#13;<br \/>\n  El grupo de futuros viajeros lo encabezan el tenor Luis  Olivares y el bar\u00edtono Juan Pablo Drup\u00e9 y lo integran adem\u00e1s, los int\u00e9rpretes  Madelene V\u00e1squez, Felipe Catal\u00e1n, Rossana Herrera, Alvaro Zambrano, Victoria  Cox y Carla Andrade.<br \/>&#13;<br \/>\n  <br \/>&#13;<br \/>\n  La preselecci\u00f3n de Chile, se llev\u00f3 a cabo en la Sala Claudio  Arrau del Teatro Municipal de Santiago, actuando como jurados, Carmen Luisa  Letelier, Hilda CabezasGr\u00e4bner, Ahike Scheffelt, el Pr\u00edncipe Alejandro de  Sajonia y Hans-Joachim Frey, Intendente de la \u00f3pera de Bremen y presidente del  citado concurso.<br \/>&#13;<br \/>\n  <br \/>&#13;<br \/>\n  Por su parte, el tenor nacional Claudio Fern\u00e1ndez, luego  de\u00a0interpretar el rol de Parpignol en la \u00f3pera La Boh\u00e8me, que abri\u00f3 la  temporada l\u00edrica del Municipal, viaj\u00f3 a Europa para formar parte de los elencos  de las \u00f3peras Carmen, Tosca y Turandot, en junio y julio, en Versalles, Par\u00eds,  y Alemania. El cantante tambi\u00e9n ofrecer\u00e1 conciertos de gala con solistas de  Europa, en la producci\u00f3n Opera Cl\u00e1sica de la ciudad de Bad Schwalbach,  Alemania.<\/p>\n<p>&#13;<\/p>\n<h6> 2008-06-10 17:21:44 <\/h6>\n<p><!--\n<link rel=\"stylesheet\" href=\"css\/bootstrap.min.css\">\n\n\n<ul class=\"pagination\">\n\t    \n\t\n\n<li >\n\t<a href='?page_no=22581'>Previous<\/a>\n\t<\/li>\n\n\n       \n    \n\n<li><a href='?page_no=1'>1<\/a><\/li>\n\n\n\n<li><a href='?page_no=2'>2<\/a><\/li>\n\n\n\n<li><a>...<\/a><\/li>\n\n\n\n<li><a href='?page_no=22580'>22580<\/a><\/li>\n\n\n\n<li><a href='?page_no=22581'>22581<\/a><\/li>\n\n\n\n<li class='active'><a>22582<\/a><\/li>\n\n\n\n<li><a href='?page_no=22583'>22583<\/a><\/li>\n\n\n\n<li><a href='?page_no=22584'>22584<\/a><\/li>\n\n\n\n<li><a>...<\/a><\/li>\n\n\n\n<li><a href='?page_no=22911'>22911<\/a><\/li>\n\n\n\n<li><a href='?page_no=22912'>22912<\/a><\/li>\n\n    \n\t\n\n<li >\n\t<a href='?page_no=22583'>Next<\/a>\n\t<\/li>\n\n\n    \n\n<li><a href='?page_no=22912'>Last &rsaquo;&rsaquo;<\/a><\/li>\n\n<\/ul>\n\n\n--><br \/>\n<\/body><\/p>\n","protected":false},"excerpt":{"rendered":"<p>Cantantes chilenos viajan a concurso de \u00f3pera en Alemania &#13; &#13; Los int\u00e9rpretes nacionales se presentar\u00e1n en septiembre en Dresden, encabezados por el tenor Luis Olivares y el bar\u00edtono Juan Drup\u00e9.&#13; &#13; UPI &#13; Un grupo de cantantes chilenos participar\u00e1 en el Concurso Competizioni dell&#8217; Opera, que se realizar\u00e1 desde el 5 al 12 de [&hellip;]<\/p>\n","protected":false},"author":3,"featured_media":0,"comment_status":"open","ping_status":"open","sticky":false,"template":"","format":"standard","meta":{"footnotes":""},"categories":[21],"tags":[],"class_list":["post-70904","post","type-post","status-publish","format-standard","hentry","category-cultura"],"_links":{"self":[{"href":"https:\/\/diariodominicano.com\/index.php?rest_route=\/wp\/v2\/posts\/70904","targetHints":{"allow":["GET"]}}],"collection":[{"href":"https:\/\/diariodominicano.com\/index.php?rest_route=\/wp\/v2\/posts"}],"about":[{"href":"https:\/\/diariodominicano.com\/index.php?rest_route=\/wp\/v2\/types\/post"}],"author":[{"embeddable":true,"href":"https:\/\/diariodominicano.com\/index.php?rest_route=\/wp\/v2\/users\/3"}],"replies":[{"embeddable":true,"href":"https:\/\/diariodominicano.com\/index.php?rest_route=%2Fwp%2Fv2%2Fcomments&post=70904"}],"version-history":[{"count":0,"href":"https:\/\/diariodominicano.com\/index.php?rest_route=\/wp\/v2\/posts\/70904\/revisions"}],"wp:attachment":[{"href":"https:\/\/diariodominicano.com\/index.php?rest_route=%2Fwp%2Fv2%2Fmedia&parent=70904"}],"wp:term":[{"taxonomy":"category","embeddable":true,"href":"https:\/\/diariodominicano.com\/index.php?rest_route=%2Fwp%2Fv2%2Fcategories&post=70904"},{"taxonomy":"post_tag","embeddable":true,"href":"https:\/\/diariodominicano.com\/index.php?rest_route=%2Fwp%2Fv2%2Ftags&post=70904"}],"curies":[{"name":"wp","href":"https:\/\/api.w.org\/{rel}","templated":true}]}}