{"id":70903,"date":"2008-06-10T17:24:28","date_gmt":"2008-06-10T17:24:28","guid":{"rendered":"http:\/\/diariodominicano.ddns.net\/?p=70903"},"modified":"2008-06-10T17:24:28","modified_gmt":"2008-06-10T17:24:28","slug":"erentxun-no-quiero-convertirme-en-un-dinosaurio-trasnochado","status":"publish","type":"post","link":"https:\/\/diariodominicano.com\/?p=70903","title":{"rendered":"Erentxun: \u00abNo quiero convertirme en un dinosaurio trasnochado\u00bb"},"content":{"rendered":"<p><body><\/p>\n<p align=\"justify\"><strong class=\"titulogrande1\">Erentxun: \u00abNo quiero convertirme en un dinosaurio trasnochado\u00bb<\/strong><br \/>&#13;<br \/>\n  <br \/>&#13;<br \/>\n    <span class=\"text1noticias\">El cantante vasco presenta nuevo \u00e1lbum, &#8216;Tres noches en el Victoria  Eugenia&#8217;, a la venta el d\u00eda 17 de junio <br \/>&#13;<br \/>\n    <br \/>&#13;<br \/>\n    <strong>EP<\/strong> &#8211; Madrid &#8211; 10\/06\/2008 <\/span><\/p>\n<p>&#13;<\/p>\n<p align=\"justify\" class=\"text1noticias\">Tras 22 a\u00f1os sobre los escenarios,  Mikel Erentxun cierra una etapa y publica el 17 de junio <em>Tres  noches en el Victoria Eugenia<\/em> (DRO), una edici\u00f3n especial (doble CD m\u00e1s  DVD), grabado a principios de a\u00f1o durante tres noches de conciertos en San  Sebasti\u00e1n, rodeado de amigos como Leiva, Amaia Montero o Iv\u00e1n Ferreiro. Con  este trabajo, que llevar\u00e1 de gira, y que incluye una selecci\u00f3n de canciones de  su etapa en solitario, quiere hacer un alto en el camino, como ocurri\u00f3 con el  fin de Duncan Dhu.<br \/>&#13;<br \/>\n  <br \/>&#13;<br \/>\n\u00abNo es un adi\u00f3s a la m\u00fasica,  pero no quiero convertirme en un dinosaurio trasnochado\u00bb,  afirm\u00f3 Erentxun, durante una entrevista. El m\u00fasico quiere cerrar su repertorio  en solitario y empezar de cero, porque la industria del disco ha cambiado y no  quiere convertirse \u00aben una caricatura\u00bb de s\u00ed mismo. \u00abQuiero que  haya un antes y un despu\u00e9s, que se diferencien las etapas\u00bb, apunt\u00f3.<br \/>&#13;<br \/>\n<br \/>&#13;<br \/>\nPara ello, Erentxun no tuvo mejor  idea que reunirse con amigos (tambi\u00e9n est\u00e1n en este trabajo Rafa Berrio y  Enrique Bunbury) \u00aben casa\u00bb y grabar los directos en el Teatro  Victoria Eugenia de San Sebasti\u00e1n, los d\u00edas 31 de enero y 1 y 2 de febrero  pasados. Canciones como &#8216;California&#8217;, &#8216;A pleno sol&#8217;, &#8216;Hoy&#8217;, &#8216;A un minuto de  ti&#8217;, &#8216;Cartas de amor&#8217; o &#8216;Marcos y Nerea&#8217; est\u00e1n en este trabajo, que, a modo de  cierre de cap\u00edtulo, hace \u00abun gui\u00f1o especial\u00bb a lo que tambi\u00e9n fue el  final de Duncan Dhu y reserva un espacio \u00abespecial y simb\u00f3lico\u00bb para  su \u00abcompa\u00f1ero de fatigas\u00bb, Diego Vasallo.<br \/>&#13;<br \/>\n<br \/>&#13;<br \/>\n\u00abDejar Duncan Dhu quiz\u00e1 se  entendiera mejor, que el que ahora vaya a dejar a un lado a Mikel Erentxun. Lo  nuevo ser\u00e1 otra cosa, aunque siga llam\u00e1ndose igual\u00bb explic\u00f3 el m\u00fasico, que  s\u00f3lo ha querido recuperar en este directo un tema de su etapa en Duncan Dhu,  &#8216;La herida&#8217;, que se incluye en el cap\u00edtulo de este trabajo titulado &#8216;El club de  las horas contadas&#8217;.<br \/>&#13;<br \/>\n<br \/>&#13;<br \/>\n  <strong>\u00abHijo del cambio\u00bb<\/strong> <br \/>&#13;<br \/>\n  <br \/>&#13;<br \/>\n  Y es que Erentxun en consciente de  que la industria del disco ha cambiado y de que necesita \u00abtiempo\u00bb  para asimilar los cambios y afrontar el futuro. \u00abQuiero que mi nuevo disco  sea hijo de ese cambio\u00bb, afirm\u00f3, recordando que no encontr\u00f3 mejor modo de  hacer un alto en el camino que con un trabajo en directo en el que cada artista  invitado fuera \u00abla estrella\u00bb de la canci\u00f3n interpretada.<br \/>&#13;<br \/>\n  <br \/>&#13;<br \/>\n  Con muchos temas ya escritos para  ese nuevo trabajo \u00abdiferente\u00bb, Erentxun explic\u00f3 que le gustar\u00eda poder  trabajar con instrumentos de cuerda y orquesta, adem\u00e1s de hacer un disco  \u00abconceptual, como los de los a\u00f1os 70\u00bb, al estilo de Lou Reed, y  utilizando las nuevas tecnolog\u00edas trabajando desde su casa y rompiendo con los  \u00abmecanismos anticuados\u00bb, adem\u00e1s de \u00absin prisas ni presi\u00f3n\u00bb.<br \/>&#13;<br \/>\n  <br \/>&#13;<br \/>\n\u00abAntes quer\u00eda hacer cosas m\u00e1s  espont\u00e1neas, frescas&#8230; Ahora tengo m\u00e1s tranquilidad, soy m\u00e1s  pausado\u00bb, prosigui\u00f3 el artista, agradecido por haber podido tener una  carrera \u00abelogiable\u00bb, cargada de \u00e9xitos. \u00abSoy un privilegiado al  poder vivir de la m\u00fasica. He trabajado mucho, con una carrera muy honesta, pero  tambi\u00e9n he tenido fortuna\u00bb, reconoci\u00f3.<br \/>&#13;<br \/>\n<br \/>&#13;<br \/>\n  <strong>\u00abEfervescencia  irrepetible\u00bb<\/strong> <br \/>&#13;<br \/>\n  <br \/>&#13;<br \/>\n  Respecto a los nuevos grupos,  Erentxun se confes\u00f3 seguidor de Nena Daconte, Pereza o Amaral  (de hecho lament\u00f3 que Eva no haya podido estar en este trabajo, as\u00ed como la  ausencia de Loquillo, con el que participar\u00e1 en octubre en Zaragoza en el  directo que \u00e9ste ofrecer\u00e1 con motivo de su 30 aniversario). \u00abAhora todo  est\u00e1 m\u00e1s domesticado\u00bb, dijo, reconociendo que los 80 fueron unos a\u00f1os de  \u00abefervescencia irrepetible\u00bb.<br \/>&#13;<br \/>\n  <br \/>&#13;<br \/>\n  Pese a que en un principio esta  &#8216;despedida&#8217; moment\u00e1nea se iba a quedar en este disco, Erentxun decidi\u00f3 al final  hacer gira. \u00abEs un repertorio apetecible, al que se le ha dado un lavado  de cara y llevo una banda estupenda\u00bb, confes\u00f3 Erentxun, al que acompa\u00f1ar\u00e1n  en los escenarios Rufu Urbina (bater\u00eda), Fran Iturbe (guitarra), Joserra  Senperena (piano), Manolo Mej\u00edas (bajo) y Rub\u00e9n Caballero (guitarra).<br \/>&#13;<br \/>\n  <br \/>&#13;<br \/>\nEn los meses de verano habr\u00e1 gira,  pero no ser\u00e1 hasta septiembre cuando emule estos directos en teatros de  ciudades como Madrid o Barcelona. Antes ofrecer\u00e1 conciertos m\u00e1s \u00edntimos en los  F\u00f3rum de la Fnac de San Sebasti\u00e1n (16 de junio), Bilbao (d\u00eda 17), Barcelona  (18), Madrid (19), Valencia (24) y Zaragoza (25).<\/p>\n<p>&#13;<\/p>\n<h6> 2008-06-10 17:24:28 <\/h6>\n<p><!--\n<link rel=\"stylesheet\" href=\"css\/bootstrap.min.css\">\n\n\n<ul class=\"pagination\">\n\t    \n\t\n\n<li >\n\t<a href='?page_no=22580'>Previous<\/a>\n\t<\/li>\n\n\n       \n    \n\n<li><a href='?page_no=1'>1<\/a><\/li>\n\n\n\n<li><a href='?page_no=2'>2<\/a><\/li>\n\n\n\n<li><a>...<\/a><\/li>\n\n\n\n<li><a href='?page_no=22579'>22579<\/a><\/li>\n\n\n\n<li><a href='?page_no=22580'>22580<\/a><\/li>\n\n\n\n<li class='active'><a>22581<\/a><\/li>\n\n\n\n<li><a href='?page_no=22582'>22582<\/a><\/li>\n\n\n\n<li><a href='?page_no=22583'>22583<\/a><\/li>\n\n\n\n<li><a>...<\/a><\/li>\n\n\n\n<li><a href='?page_no=22911'>22911<\/a><\/li>\n\n\n\n<li><a href='?page_no=22912'>22912<\/a><\/li>\n\n    \n\t\n\n<li >\n\t<a href='?page_no=22582'>Next<\/a>\n\t<\/li>\n\n\n    \n\n<li><a href='?page_no=22912'>Last &rsaquo;&rsaquo;<\/a><\/li>\n\n<\/ul>\n\n\n--><br \/>\n<\/body><\/p>\n","protected":false},"excerpt":{"rendered":"<p>Erentxun: \u00abNo quiero convertirme en un dinosaurio trasnochado\u00bb&#13; &#13; El cantante vasco presenta nuevo \u00e1lbum, &#8216;Tres noches en el Victoria Eugenia&#8217;, a la venta el d\u00eda 17 de junio &#13; &#13; EP &#8211; Madrid &#8211; 10\/06\/2008 &#13; Tras 22 a\u00f1os sobre los escenarios, Mikel Erentxun cierra una etapa y publica el 17 de junio Tres [&hellip;]<\/p>\n","protected":false},"author":3,"featured_media":0,"comment_status":"open","ping_status":"open","sticky":false,"template":"","format":"standard","meta":{"footnotes":""},"categories":[21],"tags":[],"class_list":["post-70903","post","type-post","status-publish","format-standard","hentry","category-cultura"],"_links":{"self":[{"href":"https:\/\/diariodominicano.com\/index.php?rest_route=\/wp\/v2\/posts\/70903","targetHints":{"allow":["GET"]}}],"collection":[{"href":"https:\/\/diariodominicano.com\/index.php?rest_route=\/wp\/v2\/posts"}],"about":[{"href":"https:\/\/diariodominicano.com\/index.php?rest_route=\/wp\/v2\/types\/post"}],"author":[{"embeddable":true,"href":"https:\/\/diariodominicano.com\/index.php?rest_route=\/wp\/v2\/users\/3"}],"replies":[{"embeddable":true,"href":"https:\/\/diariodominicano.com\/index.php?rest_route=%2Fwp%2Fv2%2Fcomments&post=70903"}],"version-history":[{"count":0,"href":"https:\/\/diariodominicano.com\/index.php?rest_route=\/wp\/v2\/posts\/70903\/revisions"}],"wp:attachment":[{"href":"https:\/\/diariodominicano.com\/index.php?rest_route=%2Fwp%2Fv2%2Fmedia&parent=70903"}],"wp:term":[{"taxonomy":"category","embeddable":true,"href":"https:\/\/diariodominicano.com\/index.php?rest_route=%2Fwp%2Fv2%2Fcategories&post=70903"},{"taxonomy":"post_tag","embeddable":true,"href":"https:\/\/diariodominicano.com\/index.php?rest_route=%2Fwp%2Fv2%2Ftags&post=70903"}],"curies":[{"name":"wp","href":"https:\/\/api.w.org\/{rel}","templated":true}]}}