{"id":70902,"date":"2008-06-10T17:26:54","date_gmt":"2008-06-10T17:26:54","guid":{"rendered":"http:\/\/diariodominicano.ddns.net\/?p=70902"},"modified":"2008-06-10T17:26:54","modified_gmt":"2008-06-10T17:26:54","slug":"la-moda-espanola-desembarcara-en-el-soho-de-nueva-york","status":"publish","type":"post","link":"https:\/\/diariodominicano.com\/?p=70902","title":{"rendered":"La moda espa\u00f1ola desembarcar\u00e1 en el SoHo de Nueva York"},"content":{"rendered":"<p><body><\/p>\n<p align=\"justify\"><strong class=\"titulogrande1\">La moda espa\u00f1ola desembarcar\u00e1 en el SoHo de Nueva York<\/strong><br \/>&#13;<br \/>\n  <br \/>&#13;<br \/>\n    <span class=\"text1noticias\">Doce dise\u00f1adores de la Pasarela Cibeles exponen en la ciudad estadounidense  para impulsar el sector espa\u00f1ol <br \/>&#13;<br \/>\n    <br \/>&#13;<br \/>\n    <strong>EFE<\/strong> &#8211; Madrid &#8211; 10\/06\/2008 <\/span><\/p>\n<p>&#13;<\/p>\n<p align=\"justify\" class=\"text1noticias\">Doce dise\u00f1adores espa\u00f1oles que  participaron en la \u00faltima edici\u00f3n de la Pasarela Cibeles expondr\u00e1n una  selecci\u00f3n de sus mejores trabajos en Nueva York esta semana en la muestra  Madrid Fashion Week, con la que se pretende impulsar la actividad comercial de  la moda nacional en el extranjero.<br \/>&#13;<br \/>\n  <br \/>&#13;<br \/>\n  Esta exposici\u00f3n, que se celebra  por segundo a\u00f1o consecutivo por iniciativa de Ifema y la delegaci\u00f3n de la  C\u00e1mara de Comercio de Espa\u00f1a en Nueva York, reunir\u00e1 las mejores colecciones de  modistos como Devota&amp;Lomba, Jes\u00fas del Pozo, Roberto Torreta, Agatha Ru\u00edz de  la Prada, Davidelf\u00edn, Duyos, Alma Aguilar, Ana Locking, Juanjo Oliva, Alianto,  Miguel Palacio y Roberto Verino.<br \/>&#13;<br \/>\n  <br \/>&#13;<br \/>\n  La exhibici\u00f3n se llevar\u00e1 a cabo en  el Queen Sofia Spanish Institute y se realizar\u00e1 en el marco de la Spanish Mile  in Soho, una iniciativa con la que se persigue incrementar las ventas de  productos textiles espa\u00f1oles en Nueva York a trav\u00e9s de promociones y ofertas  comerciales para el p\u00fablico.<br \/>&#13;<br \/>\n  <br \/>&#13;<br \/>\n  Ifema ha presentado hoy un  adelanto de la exposici\u00f3n en una rueda de prensa en la que han participado el  presidente del Comit\u00e9 Ejecutivo de esta instituci\u00f3n, Luis Eduardo Cort\u00e9s, el  presidente de la Asociaci\u00f3n de Creadores de Moda de Espa\u00f1a (ACME), Modesto  Lomba, la viceconsejera de Cultura y Turismo de Madrid, Concepci\u00f3n Guerra, y el  coordinador de Econom\u00eda del Ayuntamiento, Javier Oyarz\u00e1bal.<br \/>&#13;<br \/>\n  <br \/>&#13;<br \/>\n  El dise\u00f1ador Modesto Lomba ha  dicho que la muestra, promovida tambi\u00e9n por instituciones como la Comunidad y  el Ayuntamiento de Madrid, representa \u00abun esfuerzo para abrir presencia en  los mercados internacionales\u00bb, y ha explicado que la exhibici\u00f3n se  realizar\u00e1 en el Soho de Nueva York, donde se encuentra gran parte de la  actividad comercial y art\u00edstica de la ciudad.<br \/>&#13;<br \/>\n  <br \/>&#13;<br \/>\n  Ha comentado, en referencia a la  situaci\u00f3n que afecta a la econom\u00eda espa\u00f1ola, que esta iniciativa no responde a  una estrategia concreta para impulsar las exportaciones textiles \u00abahora\u00bb,  sino que forma parte de \u00abuna apuesta de largo recorrido\u00bb que comenz\u00f3  desde hace a\u00f1os tras la primera edici\u00f3n de la Pasarela Cibeles. \u00abLos  dise\u00f1adores deben seguir trabajando constantemente tanto en momentos de crisis  como de bonanza para seguir impulsando la moda espa\u00f1ola en el extranjero\u00bb,  explic\u00f3 Modesto Lomba.<br \/>&#13;<br \/>\n  <br \/>&#13;<br \/>\n  El presidente del Comit\u00e9 Ejecutivo  de Ifema ha afirmado que no se ha vendido \u00ablo suficientemente bien\u00bb  la moda espa\u00f1ola en el extranjero, por lo que se deben seguir llevando a cabo  iniciativas de este tipo en ciudades como Nueva York, que suponen un  \u00abmercado clave\u00bb para la industria. Cort\u00e9s ha comentado que en las  futuras ediciones de la Pasarela Cibeles se utilizar\u00e1 m\u00e1s la frase Madrid  Fashion Week, con el fin de adecuarla a un contexto m\u00e1s internacional, ha  indicado, ya que a trav\u00e9s de la industria de la moda tambi\u00e9n se promociona la  imagen de Madrid como capital mundial.<br \/>&#13;<br \/>\n  <br \/>&#13;<br \/>\n  Tras la intervenci\u00f3n de Cort\u00e9s, la  viceconsejera de la comunidad de Madrid ha agregado que el gobierno regional  seguir\u00e1 apoyando el trabajo de \u00abestos dise\u00f1adores y empresarios\u00bb que  contribuyen al desarrollo de la imagen de Madrid en el extranjero. Por su  parte, el coordinador general de Econom\u00eda del Ayuntamiento ha recordado que  Estados Unidos es el segundo inversor en Madrid con el 9 por ciento del total,  y que los turistas norteamericanos gastan en la regi\u00f3n una media que supera los  mil euros por persona.<\/p>\n<p>&#13;<\/p>\n<h6> 2008-06-10 17:26:54 <\/h6>\n<p><!--\n<link rel=\"stylesheet\" href=\"css\/bootstrap.min.css\">\n\n\n<ul class=\"pagination\">\n\t    \n\t\n\n<li >\n\t<a href='?page_no=22579'>Previous<\/a>\n\t<\/li>\n\n\n       \n    \n\n<li><a href='?page_no=1'>1<\/a><\/li>\n\n\n\n<li><a href='?page_no=2'>2<\/a><\/li>\n\n\n\n<li><a>...<\/a><\/li>\n\n\n\n<li><a href='?page_no=22578'>22578<\/a><\/li>\n\n\n\n<li><a href='?page_no=22579'>22579<\/a><\/li>\n\n\n\n<li class='active'><a>22580<\/a><\/li>\n\n\n\n<li><a href='?page_no=22581'>22581<\/a><\/li>\n\n\n\n<li><a href='?page_no=22582'>22582<\/a><\/li>\n\n\n\n<li><a>...<\/a><\/li>\n\n\n\n<li><a href='?page_no=22911'>22911<\/a><\/li>\n\n\n\n<li><a href='?page_no=22912'>22912<\/a><\/li>\n\n    \n\t\n\n<li >\n\t<a href='?page_no=22581'>Next<\/a>\n\t<\/li>\n\n\n    \n\n<li><a href='?page_no=22912'>Last &rsaquo;&rsaquo;<\/a><\/li>\n\n<\/ul>\n\n\n--><br \/>\n<\/body><\/p>\n","protected":false},"excerpt":{"rendered":"<p>La moda espa\u00f1ola desembarcar\u00e1 en el SoHo de Nueva York&#13; &#13; Doce dise\u00f1adores de la Pasarela Cibeles exponen en la ciudad estadounidense para impulsar el sector espa\u00f1ol &#13; &#13; EFE &#8211; Madrid &#8211; 10\/06\/2008 &#13; Doce dise\u00f1adores espa\u00f1oles que participaron en la \u00faltima edici\u00f3n de la Pasarela Cibeles expondr\u00e1n una selecci\u00f3n de sus mejores trabajos [&hellip;]<\/p>\n","protected":false},"author":3,"featured_media":0,"comment_status":"open","ping_status":"open","sticky":false,"template":"","format":"standard","meta":{"footnotes":""},"categories":[21],"tags":[],"class_list":["post-70902","post","type-post","status-publish","format-standard","hentry","category-cultura"],"_links":{"self":[{"href":"https:\/\/diariodominicano.com\/index.php?rest_route=\/wp\/v2\/posts\/70902","targetHints":{"allow":["GET"]}}],"collection":[{"href":"https:\/\/diariodominicano.com\/index.php?rest_route=\/wp\/v2\/posts"}],"about":[{"href":"https:\/\/diariodominicano.com\/index.php?rest_route=\/wp\/v2\/types\/post"}],"author":[{"embeddable":true,"href":"https:\/\/diariodominicano.com\/index.php?rest_route=\/wp\/v2\/users\/3"}],"replies":[{"embeddable":true,"href":"https:\/\/diariodominicano.com\/index.php?rest_route=%2Fwp%2Fv2%2Fcomments&post=70902"}],"version-history":[{"count":0,"href":"https:\/\/diariodominicano.com\/index.php?rest_route=\/wp\/v2\/posts\/70902\/revisions"}],"wp:attachment":[{"href":"https:\/\/diariodominicano.com\/index.php?rest_route=%2Fwp%2Fv2%2Fmedia&parent=70902"}],"wp:term":[{"taxonomy":"category","embeddable":true,"href":"https:\/\/diariodominicano.com\/index.php?rest_route=%2Fwp%2Fv2%2Fcategories&post=70902"},{"taxonomy":"post_tag","embeddable":true,"href":"https:\/\/diariodominicano.com\/index.php?rest_route=%2Fwp%2Fv2%2Ftags&post=70902"}],"curies":[{"name":"wp","href":"https:\/\/api.w.org\/{rel}","templated":true}]}}