{"id":70901,"date":"2008-06-10T18:26:13","date_gmt":"2008-06-10T18:26:13","guid":{"rendered":"http:\/\/diariodominicano.ddns.net\/?p=70901"},"modified":"2008-06-10T18:26:13","modified_gmt":"2008-06-10T18:26:13","slug":"todo-el-viejo-continente-en-las-pantallas-de-la-cinemateca","status":"publish","type":"post","link":"https:\/\/diariodominicano.com\/?p=70901","title":{"rendered":"Todo el Viejo Continente en las pantallas de la Cinemateca"},"content":{"rendered":"<p><body><\/p>\n<h4 align=\"center\">EUROCINE 2008<\/h4>\n<p>&#13;<\/p>\n<p align=\"center\" class=\"titulogrande1\"><strong>Todo el  Viejo Continente en las pantallas de la Cinemateca <\/strong><\/p>\n<p>&#13;<\/p>\n<p align=\"justify\" class=\"text1noticias\"><strong>Santo Domingo.-<\/strong> La  Secretar\u00eda de Estado de Cultura y la Cinemateca Dominicana invitan a un  recorrido cinematogr\u00e1fico a lo largo de toda Europa en el evento  cinematogr\u00e1fico m\u00e1s completo del \u00a0a\u00f1o: Eurocine  2008. Este festival se ha propuesto ir en crecimiento cada a\u00f1o, por lo que se  extiende su duraci\u00f3n a tres semanas y contar\u00e1 con la participaci\u00f3n de treinta y  seis naciones, logrando una cobertura geogr\u00e1fica que supera considerablemente a  las pasadas ediciones.<\/p>\n<p>&#13;<\/p>\n<p align=\"justify\" class=\"text1noticias\">Con  una imagen renovada y con el lema \u201cVer el otro lado del cine\u201d, el Eurocine 2008  es un esfuerzo por dar a conocer las historias, tradiciones, lenguas y culturas  del viejo continente en las pantallas de la Cinemateca Dominicana. El evento cuenta  con un extenso programa que incluye secciones de cine contempor\u00e1neo, y cl\u00e1sico -que  abarcan m\u00e1s de setenta t\u00edtulos-, una interesante secci\u00f3n documental dedicada al  cine, su historia, grandes maestros y estrellas, una secci\u00f3n de cortometrajes,  con treinta y seis obras y tandas de cine infantil. <\/p>\n<p>&#13;<\/p>\n<p align=\"justify\" class=\"text1noticias\">Como  otra novedad en la presente edici\u00f3n se ha incluido una importante participaci\u00f3n  de filmes dirigidos por mujeres, con importantes realizadoras como Natasha  Arthy, Lucile Hadzihalilovic, Eva Urthal,\u00a0  Julie Delpy, Mireia Ros, Claire Denis, Isabelle Mergault, Val\u00e9rie  Lemercier, Jasmila Zbanic y Marjane Satrapi y una secci\u00f3n de cortos denominada  \u201cEllas\u201d.<\/p>\n<p>&#13;<\/p>\n<p align=\"justify\" class=\"text1noticias\">La  programaci\u00f3n de este a\u00f1o incluye producciones de Alemania, Armenia, Austria, B\u00e9lgica,  Bosnia-Herzegovina, Bulgaria, Croacia, Dinamarca, Eslovaquia, Eslovenia,  Espa\u00f1a, Estonia, Finlandia, Francia, Gran Breta\u00f1a, Grecia, Hungr\u00eda, Irlanda,  Islandia, Italia, Lituania, Luxemburgo, Macedonia, Noruega, Pa\u00edses Bajos,  Polonia, Portugal, Rep\u00fablica Checa, Ruman\u00eda, Rusia, Serbia y Montenegro,  Suecia, Suiza, Ucrania as\u00ed como de pa\u00edses asi\u00e1ticos enclavados en el continente  europeo como son Kazajistan y Turqu\u00eda. <\/p>\n<p>&#13;<\/p>\n<p align=\"justify\" class=\"text1noticias\">Uno de los\u00a0 homenajes de este a\u00f1o ser\u00e1 a la ciudad de la  luz: Par\u00eds, con filmes como \u201cPar\u00eds, yo te amo\u201d, \u201cDos d\u00edas en Par\u00eds\u201d y \u201cEn  Par\u00eds\u201d que ofrecen todo un caleidoscopio de historias sobre la alegr\u00eda, la  separaci\u00f3n, encuentros extra\u00f1os e inesperados y, sobre todo, el amor en a todo  lo largo de la ciudad m\u00e1s hermosa y visitada del mundo.<\/p>\n<p>&#13;<\/p>\n<p align=\"justify\" class=\"text1noticias\">Dos grandes  maestros ser\u00e1n objeto de un tributo este a\u00f1o: El aragon\u00e9s Luis Bu\u00f1uel y el  portugu\u00e9s Manoel de Oliveira, por lo que ambos ser\u00e1n objeto de retrospectivas de  su obra con posterioridad al Eurocine. El primero, en conmemoraci\u00f3n del 25  aniversario de su fallecimiento y el segundo al celebrar el centenario de su  nacimiento en plena actividad cinematogr\u00e1fica. La obra de ambos se entrelazan  en el Eurocine, con la exhibici\u00f3n del cl\u00e1sico de Bu\u00f1uel \u201cBelle de jour\u201d y la  nueva cinta de Oliveira \u201cBelle toujours\u201d, donde\u00a0  38 a\u00f1os despu\u00e9s dos personajes de la pel\u00edcula vuelven a cruzarse con el  misterio de un secreto, que s\u00f3lo conoce el personaje masculino y cuya  revelaci\u00f3n es imprescindible para el personaje femenino. <\/p>\n<p>&#13;<\/p>\n<p align=\"justify\" class=\"text1noticias\">El cine dentro del cine es  un eje central de la programaci\u00f3n con la presentaci\u00f3n de los treinta y tres  cortos que componen el programa \u00a0\u201cCada  quien con su cine\u201d realizados para el sexag\u00e9simo aniversario del festival de  Cannes, \u00a0que tienen en com\u00fan la presencia  de una sala cinematogr\u00e1fica. Estos famosos realizadores se\u00f1alan la decadencia  de los grandes salones de anta\u00f1o, la desaparici\u00f3n del cine m\u00e1s arriesgado o  sugieren que hoy no hay nada que ver, suicidarse en el cine o bien otros m\u00e1s  optimistas arrancan carcajadas. Completan el programa documentales sobre  Marcello Mastroianni, Carl Theodore Dreyer, Federico Fellini, Marlene Dietrich  o la serie de historias del cine de Jean-Luc Godard.<\/p>\n<p>&#13;<\/p>\n<p align=\"justify\" class=\"text1noticias\">La inauguraci\u00f3n de esta  cuarta edici\u00f3n est\u00e1 pautada para el jueves 12, a las 7:30, con la  pel\u00edcula\u00a0 espa\u00f1ola \u201cMataharis\u201d (2007) de  Ic\u00edar Bolla\u00edn, un relato vivo de tres mujeres que son detectives privados, y  que mientras trabajan desvelando secretos ajenos, descubrir\u00e1n que hay mentiras  propias que no han sabido ver y verdades que es mejor no revelar. \u00a0Esta cinta recibi\u00f3 nominaciones a los Goya  2008 a la mejor direcci\u00f3n y gui\u00f3n original <\/p>\n<p>&#13;<\/p>\n<p align=\"justify\" class=\"text1noticias\">Entre las  pel\u00edculas m\u00e1s destacadas que estar\u00e1n presentes, se encuentran estrenos como: \u201cTaxidermia\u201d,  de Gy\u00f6rgy P\u00e1lfi,; \u201cDas Fr\u00e4ulein\u201d, de Andrea Staka; \u201cPersepolis\u201d, de Marjane Satrapi y Vincent Paronnaud; \u201cConversaciones con mi  jardinero\u201d, de Jean Becker; \u201cCa\u00f3tica Ana\u201d, de Julio M\u00e9dem; \u201cThis is England\u201d, de Shane Meadows; \u201cLa escafandra y la mariposa\u201d, de Julian Schnabel, \u201cLadrones\u201d, de Jaime Marqu\u00e9s, \u201c4 meses, 2 semanas y 3 d\u00edas\u201d de Cristian  Mungiu, \u201cEl Sol\u201d (Solntse) de Alexandr Sokurov, \u201cMongol\u201d de Sergei Bodrov,  \u201cGbravica\u201d,\u00a0 de Jasmila Zbanic \u201cEl  infierno\u201d de Danis Tanovic, \u201cLos climas\u201d Nuri Bilge Ceylan, \u201cEuforia\u201d  (Eyforiya), \u201cHawaii, Oslo\u201d de Erik Poppe y\u00a0  \u201cPrague (Prag)\u201d de Ole Christian Madsen,\u00a0  y \u201cLa desconocida\u201d de Giuseppe Tornatore entre otras.<\/p>\n<p>&#13;<\/p>\n<p align=\"justify\" class=\"text1noticias\">Con m\u00e1s de 70  pel\u00edculas contempor\u00e1neas y cl\u00e1sicas de ficci\u00f3n, m\u00e1s de sesenta cortometrajes (incluyendo  los cortos europeos nominados al Oscar en sus \u00faltimas ediciones), importantes  homenajes, programas para ni\u00f1os y adolescentes, as\u00ed como una representaci\u00f3n de  primera de las directoras m\u00e1s prominentes europeas, el Eurocine 2008 abre sus  puertas en grande, constituyendo uno de los m\u00e1s relevantes eventos culturales  de nuestro pa\u00eds.<\/p>\n<p>&#13;<\/p>\n<p align=\"justify\" class=\"text1noticias\">La Cinemateca Dominicana (ubicada en la Plaza de la Cultura) desarrollar\u00e1 este magno evento en su sala principal  desde el jueves 12 de junio hasta el mi\u00e9rcoles 2 de julio, en todas sus tandas  (5:30 p.m., 7:30 p.m. y 9:30 p.m.), adem\u00e1s de los domingos a la 4:00 de la  tarde, en su tanda infantil, adem\u00e1s de proyecciones adicionales en su sal\u00f3n de  conferencias, donde presentar\u00e1 un programa paralelo de cortos, documentales y  cl\u00e1sicos. Para m\u00e1s informaci\u00f3n, entre a la p\u00e1gina www.cinematecadominicana.org.<\/p>\n<p>&#13;<\/p>\n<h6> 2008-06-10 18:26:13 <\/h6>\n<p><!--\n<link rel=\"stylesheet\" href=\"css\/bootstrap.min.css\">\n\n\n<ul class=\"pagination\">\n\t    \n\t\n\n<li >\n\t<a href='?page_no=22578'>Previous<\/a>\n\t<\/li>\n\n\n       \n    \n\n<li><a href='?page_no=1'>1<\/a><\/li>\n\n\n\n<li><a href='?page_no=2'>2<\/a><\/li>\n\n\n\n<li><a>...<\/a><\/li>\n\n\n\n<li><a href='?page_no=22577'>22577<\/a><\/li>\n\n\n\n<li><a href='?page_no=22578'>22578<\/a><\/li>\n\n\n\n<li class='active'><a>22579<\/a><\/li>\n\n\n\n<li><a href='?page_no=22580'>22580<\/a><\/li>\n\n\n\n<li><a href='?page_no=22581'>22581<\/a><\/li>\n\n\n\n<li><a>...<\/a><\/li>\n\n\n\n<li><a href='?page_no=22911'>22911<\/a><\/li>\n\n\n\n<li><a href='?page_no=22912'>22912<\/a><\/li>\n\n    \n\t\n\n<li >\n\t<a href='?page_no=22580'>Next<\/a>\n\t<\/li>\n\n\n    \n\n<li><a href='?page_no=22912'>Last &rsaquo;&rsaquo;<\/a><\/li>\n\n<\/ul>\n\n\n--><br \/>\n<\/body><\/p>\n","protected":false},"excerpt":{"rendered":"<p>EUROCINE 2008 &#13; Todo el Viejo Continente en las pantallas de la Cinemateca &#13; Santo Domingo.- La Secretar\u00eda de Estado de Cultura y la Cinemateca Dominicana invitan a un recorrido cinematogr\u00e1fico a lo largo de toda Europa en el evento cinematogr\u00e1fico m\u00e1s completo del \u00a0a\u00f1o: Eurocine 2008. Este festival se ha propuesto ir en crecimiento [&hellip;]<\/p>\n","protected":false},"author":3,"featured_media":0,"comment_status":"open","ping_status":"open","sticky":false,"template":"","format":"standard","meta":{"footnotes":""},"categories":[21],"tags":[],"class_list":["post-70901","post","type-post","status-publish","format-standard","hentry","category-cultura"],"_links":{"self":[{"href":"https:\/\/diariodominicano.com\/index.php?rest_route=\/wp\/v2\/posts\/70901","targetHints":{"allow":["GET"]}}],"collection":[{"href":"https:\/\/diariodominicano.com\/index.php?rest_route=\/wp\/v2\/posts"}],"about":[{"href":"https:\/\/diariodominicano.com\/index.php?rest_route=\/wp\/v2\/types\/post"}],"author":[{"embeddable":true,"href":"https:\/\/diariodominicano.com\/index.php?rest_route=\/wp\/v2\/users\/3"}],"replies":[{"embeddable":true,"href":"https:\/\/diariodominicano.com\/index.php?rest_route=%2Fwp%2Fv2%2Fcomments&post=70901"}],"version-history":[{"count":0,"href":"https:\/\/diariodominicano.com\/index.php?rest_route=\/wp\/v2\/posts\/70901\/revisions"}],"wp:attachment":[{"href":"https:\/\/diariodominicano.com\/index.php?rest_route=%2Fwp%2Fv2%2Fmedia&parent=70901"}],"wp:term":[{"taxonomy":"category","embeddable":true,"href":"https:\/\/diariodominicano.com\/index.php?rest_route=%2Fwp%2Fv2%2Fcategories&post=70901"},{"taxonomy":"post_tag","embeddable":true,"href":"https:\/\/diariodominicano.com\/index.php?rest_route=%2Fwp%2Fv2%2Ftags&post=70901"}],"curies":[{"name":"wp","href":"https:\/\/api.w.org\/{rel}","templated":true}]}}