{"id":70900,"date":"2008-06-10T20:27:58","date_gmt":"2008-06-10T20:27:58","guid":{"rendered":"http:\/\/diariodominicano.ddns.net\/?p=70900"},"modified":"2008-06-10T20:27:58","modified_gmt":"2008-06-10T20:27:58","slug":"exposicion-individual-del-reconocido-artista-espanol-jose-manuel-ciria","status":"publish","type":"post","link":"https:\/\/diariodominicano.com\/?p=70900","title":{"rendered":"Exposici\u00f3n individual del reconocido artista espa\u00f1ol Jos\u00e9 Manuel Ciria"},"content":{"rendered":"<p><body><\/p>\n<p align=\"justify\"><span class=\"text1noticias\">Museo  de Arte Moderno<br \/>&#13;<br \/>\n  <br \/>&#13;<br \/>\n\u201cRARE  PAINTINGS.\u00a0 Ciria\u201d<\/span><br \/>&#13;<br \/>\n  <br \/>&#13;<br \/>\n  <span class=\"titulogrande1\">Exposici\u00f3n  individual del reconocido artista espa\u00f1ol Jos\u00e9 Manuel Ciria<\/span><br \/>&#13;<br \/>\n  \u00a0<br \/>&#13;<br \/>\n  <span class=\"text1noticias\"><strong><img loading=\"lazy\" decoding=\"async\" src=\"http:\/\/localhost:8080\/img\/acuarela.jpg\" width=\"375\" height=\"752\" hspace=\"4\" align=\"left\" \/>SANTO DOMINGO.-<\/strong>  La Secretaria  de Estado de Cultura y el Museo de Arte Moderno dejaran abierta la exposici\u00f3n  \u201cRARE PAINTINGS. CIRIA\u201d del consagrado artista espa\u00f1ol Jos\u00e9 Manuel Ciria.<\/span><\/p>\n<p>&#13;<\/p>\n<p align=\"justify\" class=\"text1noticias\"> La actividad,  pautada para este pr\u00f3ximo martes 17 de junio, a las 7:30 p.m., en el segundo  nivel del MAM, es coordinada adem\u00e1s por el Ministerio de Relaciones Exteriores  y de Cooperaci\u00f3n, la Embajada  de Espa\u00f1a en Rep\u00fablica Dominicana, la Embajada de la Rep\u00fablica Dominicana  en Espa\u00f1a, el Fondo Internacional de las Artes (FIART) y la Fundaci\u00f3n Museo de  Arte Moderno.<\/p>\n<p>&#13;<\/p>\n<p align=\"justify\" class=\"text1noticias\">\u201cRARE  PAINTINGS.\u00a0 CIRIA\u201d es una muestra  compuesta por unas 34 pinturas que se enmarcan dentro de la serie \u201cLa Guardia Place\u201d, cuyo  nombre hace alusi\u00f3n a la ubicaci\u00f3n de su taller en Manhattan, Nueva York. Esta  serie mantiene la constante de la definici\u00f3n del color, los espacios a trav\u00e9s  de la l\u00ednea que nunca interrumpen las \u00e1reas adyacentes y define contornos,\u00a0 dando como resultado formas concretas que  aisladas se convierten en temas principales.<br \/>&#13;<br \/>\n  \u00a0<br \/>&#13;<br \/>\n  El t\u00e9rmino  \u201crare painting\u201d, afirma el artista, significa \u201cuna pintura cruda e  inacabada\u00a0 que evita la sensaci\u00f3n de  rotundidad, dando a la ret\u00f3rica del texto visual el deseo de otros \u00e9nfasis\u201d.<br \/>&#13;<br \/>\n  \u00a0<br \/>&#13;<br \/>\n  Jos\u00e9 Manuel  Ciria, naci\u00f3 en Manchester en 1960. Comenz\u00f3 su actividad art\u00edstica elaborando  una pintura figurativa de corte neo-expresionista, para acercarse a una  personal abstracci\u00f3n sint\u00e9tica en la que se preocupaba por la construcci\u00f3n  gestual y geom\u00e9trica del cuadro. Sus investigaciones t\u00e9cnicas y formales le  llevaron a desarrollar a partir de 1992 una pintura profundamente personal,  imbuida de la tradici\u00f3n lum\u00ednica de la escuela espa\u00f1ola y de la depuraci\u00f3n de  algunos de los planteamientos m\u00e1s innovadores del arte de vanguardia. <br \/>&#13;<br \/>\n  \u00a0<br \/>&#13;<br \/>\n  Dentro de sus  exposiciones individuales ya realizadas se pueden mencionar: 2004 Museo Estatal  Galer\u00eda Tretyakov, Mosc\u00fa (Rusia). 2003 Museo de Bellas Artes de Asturias,  Oviedo. 2002 Museo de Arte Contempor\u00e1neo de Herzliya,Tel Aviv (Israel). Bach  Quatre Arte Contempor\u00e1neo, Barcelona. 2001 Sala Rekalde, Bilbao. C.C. Recoleta,  Buenos Aires (Argentina). Museo-Teatro Givatayim,Tel Aviv (Israel). 2000 Museo  Extreme\u00f1o e Iberoamericano de Arte Contempor\u00e1neo (MEIAC), Badajoz. <br \/>&#13;<br \/>\n  \u00a0<br \/>&#13;<br \/>\n  Tambi\u00e9n ha  participado en diferentes exposiciones colectivas como:\u00a0\u00a0 2004 ARCO\u00b404. Galer\u00eda Mois\u00e9s P\u00e9rez de  Albeniz (MPA), Galer\u00eda Estiarte, Galer\u00eda Bores &amp; Mallo, Galer\u00eda Italia y  Galer\u00eda Fernando Sili\u00f3, Madrid. Impurezas. El h\u00edbrido fotograf\u00eda-pintura en el  \u00faltimo arte espa\u00f1ol, Sala Ver\u00f3nicas, Murcia. III Trienal de Arte Gr\u00e1fico. Museo  de la Ciudad,  Madrid. La cuerda de hilo. Galerie im Hof der Backfabrik, Berl\u00edn (Alemania).  Fashion Art. Museo Nacional de Bellas Artes, Buenos Aires (Argentina). ART  BRUSSELS\u00b402. Galer\u00eda Bastien, Bruselas (B\u00e9lgica). Markers II. APEX-METRO. The  International Artist\u00b4 Museum, Edimburgo (Inglaterra). <br \/>&#13;<br \/>\n  \u00a0<br \/>&#13;<br \/>\n  Sus obras  forman parte de colecciones como las del Museo Nacional Centro de Arte Reina  Sof\u00eda, Madrid. El Instituto Valenciano de Arte Moderno (IVAM), Valencia.  Albertina Museum, Viena (Austria). Museo-Teatro Givatayim, Tel Aviv (Israel).  Museo de Arte Contempor\u00e1neo Uni\u00f3n Fenosa, La Coru\u00f1a. Museo de  Bellas Artes de Asturias, Oviedo. Museo del Grabado Espa\u00f1ol Contempor\u00e1neo,  Marbella. Museo Internacional de Arte Gr\u00e1fico, El Cairo (Egipto). Chase  Manhattan Bank, Nueva York (Estados Unidos). Ministerio de Asuntos Exteriores,  Madrid. Ministerio de Asuntos Exteriores, Manila (Filipinas). Academia Espa\u00f1ola,  Roma (Italia). Mustassaren Kulturitalolla, Vaasa, Finlandia, entre otras.<br \/>&#13;<br \/>\n  \u00a0<br \/>&#13;<br \/>\n  A prop\u00f3sito de  esta exposici\u00f3n, el comisario de la misma, Carlos Delgado, sostiene que: \u201cEl  artista se encuentra en la g\u00e9nesis\u00a0 de un  fascinante\u00a0 proceso de investigaci\u00f3n  avalado por su f\u00e9rrea capacidad de explorar\u00a0  con \u00e9xito los diversos ep\u00edgrafes que glosan su evoluci\u00f3n. Y as\u00ed, al  final\u00a0 de este recorrido por la obra  reciente de de Jos\u00e9 Manuel Ciria, hemos vuelto al punto de partida, es decir,  al campo de reflexi\u00f3n conceptual como foco de la creaci\u00f3n pl\u00e1stica.\u201d.<br \/>&#13;<br \/>\n  \u00a0<br \/>&#13;<br \/>\n  \u201cRARE PAINTINGS.\u00a0 CIRIA\u201d pone en evidencia que Jos\u00e9 Manuel  Ciria, a trav\u00e9s de su trayectoria creativa, se ha convertido en uno de los  protagonistas de la renovaci\u00f3n pict\u00f3rica de Espa\u00f1a. A partir de la abstracci\u00f3n  que inspira la mayor parte de su obra, la incorporaci\u00f3n de objetos y cuerpos  humanos ha ido ampliando el campo de la representaci\u00f3n, conjuntamente\u00a0 con la utilizaci\u00f3n de m\u00faltiples soportes y  materiales y una gama de colores recurrentes, en la que sobresalen el blanco,  el verde, el negro y, sobre todo, el rojo.\u00a0  Todo ello sit\u00faa a este artista en una tradici\u00f3n pict\u00f3rica donde  confluyen el automatismo surrealista y el expresionismo abstracto  norteamericano.<br \/>&#13;<br \/>\n  \u00a0<br \/>&#13;<br \/>\n  El\u00a0 Museo de Arte Moderno de la Rep\u00fablica\u00a0 Dominicana est\u00e1 localizado  en la Avda. Pedro  Henr\u00edquez Ure\u00f1a, Plaza de la   Cultura Juan Pablo Duarte y est\u00e1 abierto de martes a domingo  en horario de 10:00 a.m. a 6:00 p.m. Sus tel\u00e9fonos son 809-685-2153 al 56.<\/p>\n<p>&#13;<\/p>\n<h6> 2008-06-10 20:27:58 <\/h6>\n<p><!--\n<link rel=\"stylesheet\" href=\"css\/bootstrap.min.css\">\n\n\n<ul class=\"pagination\">\n\t    \n\t\n\n<li >\n\t<a href='?page_no=22577'>Previous<\/a>\n\t<\/li>\n\n\n       \n    \n\n<li><a href='?page_no=1'>1<\/a><\/li>\n\n\n\n<li><a href='?page_no=2'>2<\/a><\/li>\n\n\n\n<li><a>...<\/a><\/li>\n\n\n\n<li><a href='?page_no=22576'>22576<\/a><\/li>\n\n\n\n<li><a href='?page_no=22577'>22577<\/a><\/li>\n\n\n\n<li class='active'><a>22578<\/a><\/li>\n\n\n\n<li><a href='?page_no=22579'>22579<\/a><\/li>\n\n\n\n<li><a href='?page_no=22580'>22580<\/a><\/li>\n\n\n\n<li><a>...<\/a><\/li>\n\n\n\n<li><a href='?page_no=22911'>22911<\/a><\/li>\n\n\n\n<li><a href='?page_no=22912'>22912<\/a><\/li>\n\n    \n\t\n\n<li >\n\t<a href='?page_no=22579'>Next<\/a>\n\t<\/li>\n\n\n    \n\n<li><a href='?page_no=22912'>Last &rsaquo;&rsaquo;<\/a><\/li>\n\n<\/ul>\n\n\n--><br \/>\n<\/body><\/p>\n","protected":false},"excerpt":{"rendered":"<p>Museo de Arte Moderno&#13; &#13; \u201cRARE PAINTINGS.\u00a0 Ciria\u201d&#13; &#13; Exposici\u00f3n individual del reconocido artista espa\u00f1ol Jos\u00e9 Manuel Ciria&#13; \u00a0&#13; SANTO DOMINGO.- La Secretaria de Estado de Cultura y el Museo de Arte Moderno dejaran abierta la exposici\u00f3n \u201cRARE PAINTINGS. CIRIA\u201d del consagrado artista espa\u00f1ol Jos\u00e9 Manuel Ciria. &#13; La actividad, pautada para este pr\u00f3ximo martes [&hellip;]<\/p>\n","protected":false},"author":3,"featured_media":0,"comment_status":"open","ping_status":"open","sticky":false,"template":"","format":"standard","meta":{"footnotes":""},"categories":[21],"tags":[],"class_list":["post-70900","post","type-post","status-publish","format-standard","hentry","category-cultura"],"_links":{"self":[{"href":"https:\/\/diariodominicano.com\/index.php?rest_route=\/wp\/v2\/posts\/70900","targetHints":{"allow":["GET"]}}],"collection":[{"href":"https:\/\/diariodominicano.com\/index.php?rest_route=\/wp\/v2\/posts"}],"about":[{"href":"https:\/\/diariodominicano.com\/index.php?rest_route=\/wp\/v2\/types\/post"}],"author":[{"embeddable":true,"href":"https:\/\/diariodominicano.com\/index.php?rest_route=\/wp\/v2\/users\/3"}],"replies":[{"embeddable":true,"href":"https:\/\/diariodominicano.com\/index.php?rest_route=%2Fwp%2Fv2%2Fcomments&post=70900"}],"version-history":[{"count":0,"href":"https:\/\/diariodominicano.com\/index.php?rest_route=\/wp\/v2\/posts\/70900\/revisions"}],"wp:attachment":[{"href":"https:\/\/diariodominicano.com\/index.php?rest_route=%2Fwp%2Fv2%2Fmedia&parent=70900"}],"wp:term":[{"taxonomy":"category","embeddable":true,"href":"https:\/\/diariodominicano.com\/index.php?rest_route=%2Fwp%2Fv2%2Fcategories&post=70900"},{"taxonomy":"post_tag","embeddable":true,"href":"https:\/\/diariodominicano.com\/index.php?rest_route=%2Fwp%2Fv2%2Ftags&post=70900"}],"curies":[{"name":"wp","href":"https:\/\/api.w.org\/{rel}","templated":true}]}}