{"id":70899,"date":"2008-06-10T20:30:26","date_gmt":"2008-06-10T20:30:26","guid":{"rendered":"http:\/\/diariodominicano.ddns.net\/?p=70899"},"modified":"2008-06-10T20:30:26","modified_gmt":"2008-06-10T20:30:26","slug":"conservatorio-nacional-de-musica-celebrara-tercer-concurso-nacional-de-piano-manuel-rueda","status":"publish","type":"post","link":"https:\/\/diariodominicano.com\/?p=70899","title":{"rendered":"Conservatorio Nacional de M\u00fasica celebrar\u00e1 Tercer Concurso Nacional de Piano Manuel Rueda"},"content":{"rendered":"<p><body><\/p>\n<p align=\"justify\" class=\"titulogrande1\"><strong>Conservatorio Nacional de M\u00fasica celebrar\u00e1 Tercer  Concurso Nacional de Piano Manuel Rueda<\/strong><\/p>\n<p>&#13;<\/p>\n<p align=\"justify\" class=\"text1noticias\"><strong>Santo Domingo.-<\/strong> Por tercera ocasi\u00f3n una representaci\u00f3n de estudiantes  del Conservatorio Nacional de M\u00fasica y academias privadas de la capital y el  interior, tendr\u00e1 la oportunidad de mostrar su talento y habilidad musical en el  marco del III Concurso Nacional de Piano \u201c<strong>Manuel  Rueda\u2019\u2019,<\/strong> a celebrarse desde el lunes 23 al mi\u00e9rcoles 25 de Junio. <\/p>\n<p>&#13;<\/p>\n<p align=\"justify\" class=\"text1noticias\">Al referirse a la gran importancia que reviste el  evento para la formaci\u00f3n de los estudiantes, la Directora del  Conservatorio, profesora Mar\u00eda Irene Blanco, expres\u00f3 que se trata de un  concurso de gran relevancia cultural\u00a0 que  surge por iniciativa de la   Secretar\u00eda de Estado de Cultura y la Direcci\u00f3n General  de Bellas Artes.<\/p>\n<p>&#13;<\/p>\n<p align=\"justify\" class=\"text1noticias\">El ganador del primer lugar del \u201c<strong>Premio Manuel Rueda\u201d,<\/strong> en la Categor\u00eda Intermedia,  recibir\u00e1 RD$15,000, el segundo RD$10,000 y el tercero RD$5,000, mientras que en  la Categor\u00eda Superior,  el primer lugar recibir\u00e1 RD$20,000, el segundo RD$15,000 y el tercero RD$10,000.<\/p>\n<p>&#13;<\/p>\n<p align=\"justify\" class=\"text1noticias\">La actividad, que se celebra cada dos a\u00f1os, tendr\u00e1  como escenario la Sala Juan  Francisco Garc\u00eda, en horario de 9:00 de la ma\u00f1ana a 1:00 de la tarde; y de 2:30  de la tarde a 7:00 de la noche.<\/p>\n<p>&#13;<\/p>\n<p align=\"justify\" class=\"text1noticias\">Al igual que en a\u00f1os anteriores el evento est\u00e1  dirigido a estudiantes del nivel medio y superior en edades de 18 y 26 a\u00f1os  quienes recibir\u00e1n certificados de participaci\u00f3n.<\/p>\n<p>&#13;<\/p>\n<p align=\"justify\" class=\"text1noticias\">El jurado designado por la Direcci\u00f3n del Conservatorio  estar\u00e1 integrado por connotadas personalidades de la vida musical, teniendo  como presidenta a la \u00a0reconocida pianista  colombiana Blanca Uribe. <br \/>&#13;<br \/>\n  \u00a0<br \/>&#13;<br \/>\n  Luego de concluido el concurso, los ganadores  participar\u00e1n en un Concierto de Gala acompa\u00f1ados por la Orquesta Sinf\u00f3nica  Juan Pablo Duarte, del Conservatorio Nacional de M\u00fasica, momento que fue  escogido para la entrega de los premios.<\/p>\n<p>&#13;<\/p>\n<h6> 2008-06-10 20:30:26 <\/h6>\n<p><!--\n<link rel=\"stylesheet\" href=\"css\/bootstrap.min.css\">\n\n\n<ul class=\"pagination\">\n\t    \n\t\n\n<li >\n\t<a href='?page_no=22576'>Previous<\/a>\n\t<\/li>\n\n\n       \n    \n\n<li><a href='?page_no=1'>1<\/a><\/li>\n\n\n\n<li><a href='?page_no=2'>2<\/a><\/li>\n\n\n\n<li><a>...<\/a><\/li>\n\n\n\n<li><a href='?page_no=22575'>22575<\/a><\/li>\n\n\n\n<li><a href='?page_no=22576'>22576<\/a><\/li>\n\n\n\n<li class='active'><a>22577<\/a><\/li>\n\n\n\n<li><a href='?page_no=22578'>22578<\/a><\/li>\n\n\n\n<li><a href='?page_no=22579'>22579<\/a><\/li>\n\n\n\n<li><a>...<\/a><\/li>\n\n\n\n<li><a href='?page_no=22911'>22911<\/a><\/li>\n\n\n\n<li><a href='?page_no=22912'>22912<\/a><\/li>\n\n    \n\t\n\n<li >\n\t<a href='?page_no=22578'>Next<\/a>\n\t<\/li>\n\n\n    \n\n<li><a href='?page_no=22912'>Last &rsaquo;&rsaquo;<\/a><\/li>\n\n<\/ul>\n\n\n--><br \/>\n<\/body><\/p>\n","protected":false},"excerpt":{"rendered":"<p>Conservatorio Nacional de M\u00fasica celebrar\u00e1 Tercer Concurso Nacional de Piano Manuel Rueda &#13; Santo Domingo.- Por tercera ocasi\u00f3n una representaci\u00f3n de estudiantes del Conservatorio Nacional de M\u00fasica y academias privadas de la capital y el interior, tendr\u00e1 la oportunidad de mostrar su talento y habilidad musical en el marco del III Concurso Nacional de Piano [&hellip;]<\/p>\n","protected":false},"author":3,"featured_media":0,"comment_status":"open","ping_status":"open","sticky":false,"template":"","format":"standard","meta":{"footnotes":""},"categories":[21],"tags":[],"class_list":["post-70899","post","type-post","status-publish","format-standard","hentry","category-cultura"],"_links":{"self":[{"href":"https:\/\/diariodominicano.com\/index.php?rest_route=\/wp\/v2\/posts\/70899","targetHints":{"allow":["GET"]}}],"collection":[{"href":"https:\/\/diariodominicano.com\/index.php?rest_route=\/wp\/v2\/posts"}],"about":[{"href":"https:\/\/diariodominicano.com\/index.php?rest_route=\/wp\/v2\/types\/post"}],"author":[{"embeddable":true,"href":"https:\/\/diariodominicano.com\/index.php?rest_route=\/wp\/v2\/users\/3"}],"replies":[{"embeddable":true,"href":"https:\/\/diariodominicano.com\/index.php?rest_route=%2Fwp%2Fv2%2Fcomments&post=70899"}],"version-history":[{"count":0,"href":"https:\/\/diariodominicano.com\/index.php?rest_route=\/wp\/v2\/posts\/70899\/revisions"}],"wp:attachment":[{"href":"https:\/\/diariodominicano.com\/index.php?rest_route=%2Fwp%2Fv2%2Fmedia&parent=70899"}],"wp:term":[{"taxonomy":"category","embeddable":true,"href":"https:\/\/diariodominicano.com\/index.php?rest_route=%2Fwp%2Fv2%2Fcategories&post=70899"},{"taxonomy":"post_tag","embeddable":true,"href":"https:\/\/diariodominicano.com\/index.php?rest_route=%2Fwp%2Fv2%2Ftags&post=70899"}],"curies":[{"name":"wp","href":"https:\/\/api.w.org\/{rel}","templated":true}]}}