{"id":70897,"date":"2008-06-11T19:20:43","date_gmt":"2008-06-11T19:20:43","guid":{"rendered":"http:\/\/diariodominicano.ddns.net\/?p=70897"},"modified":"2008-06-11T19:20:43","modified_gmt":"2008-06-11T19:20:43","slug":"la-musica-de-fantasia-de-walt-disney-en-el-teatro-universidad-de-chile","status":"publish","type":"post","link":"https:\/\/diariodominicano.com\/?p=70897","title":{"rendered":"La m\u00fasica de Fantas\u00eda, de Walt Disney, en el teatro Universidad de Chile"},"content":{"rendered":"<p><body><\/p>\n<p align=\"justify\"><span class=\"titulogrande1\">La m\u00fasica de Fantas\u00eda, de Walt Disney, en el teatro  Universidad de Chile <\/span><br \/>&#13;<br \/>\n  <br \/>&#13;<br \/>\n    <span class=\"text1noticias\">Un repertorio enfocado en los ni\u00f1os tendr\u00e1 el concierto de  este viernes y s\u00e1bado. <\/span><\/p>\n<p>&#13;<\/p>\n<p align=\"justify\" class=\"text1noticias\"><img loading=\"lazy\" decoding=\"async\" src=\"http:\/\/localhost:8080\/img\/fantasia.jpg\" width=\"375\" height=\"270\" hspace=\"4\" align=\"left\" \/>Las inmortales melod\u00edas del cl\u00e1sico de Walt Disney, Fantas\u00eda,  junto a otras famosas obras, ser\u00e1n ejecutadas por la Orquesta Sinf\u00f3nica este  viernes 13 y s\u00e1bado 14 de junio, en el Teatro Universidad de Chile.<br \/>&#13;<br \/>\n    <br \/>&#13;<br \/>\n    Bajo la direcci\u00f3n de Jos\u00e9 Lu\u00eds Dom\u00ednguez, el concierto tendr\u00e1 un especial  \u00e9nfasis en los ni\u00f1os, con la selecci\u00f3n de El Aprendiz del Hechicero, de Paul  Dukas, y Una noche en el Monte Calvo, del ruso Modest Mussorgsky, ambas parte  de la banda sonora del citado filme de Disney.<br \/>&#13;<br \/>\n    <br \/>&#13;<br \/>\n  Adem\u00e1s se interpretar\u00e1n la Danza Macabra, de Camille Saint-Sa\u00ebns, la Danza  Ritual del Fuego, de Manuel de Falla, y la Suite N\u00ba 1 de Peer Gynt, de Edward  Grieg.<br \/>&#13;<br \/>\n    <br \/>&#13;<br \/>\n    Im\u00e1genes de esqueletos bailarines, escobas que se mandan solas, amores brujos,  danzas alrededor del fuego, voces subterr\u00e1neas y apariciones de esp\u00edritus, son  parte de las tem\u00e1ticas que el p\u00fablico podr\u00e1 imaginar a trav\u00e9s de la  interpretaci\u00f3n de estas obras del repertorio universal en la sala de Plaza  Italia. El concierto, ambos d\u00edas, ser\u00e1 a las 19.30 horas.<br \/>&#13;<br \/>\n    <br \/>&#13;<br \/>\n    El maestro chileno Jos\u00e9 Lu\u00eds Dom\u00ednguez, explica que el hilo conductor de este  concierto es que est\u00e1 formado por m\u00fasica program\u00e1tica (aquella que tiene por  objetivo evocar ideas o im\u00e1genes en la mente del oyente). \u00abTodas son  piezas musicales que los compositores atribuyeron a im\u00e1genes o a textos.\u00a0  Walt Disney las tom\u00f3 despu\u00e9s para hacer sus propias versiones que las hicieron  a\u00fan m\u00e1s famosas, alcanzando con esto una mayor relevancia social\u00bb, afirm\u00f3.<br \/>&#13;<br \/>\n    <br \/>&#13;<br \/>\n  Fuente: La Tercera de Chile<\/p>\n<p>&#13;<\/p>\n<h6> 2008-06-11 19:20:43 <\/h6>\n<p><!--\n<link rel=\"stylesheet\" href=\"css\/bootstrap.min.css\">\n\n\n<ul class=\"pagination\">\n\t    \n\t\n\n<li >\n\t<a href='?page_no=22574'>Previous<\/a>\n\t<\/li>\n\n\n       \n    \n\n<li><a href='?page_no=1'>1<\/a><\/li>\n\n\n\n<li><a href='?page_no=2'>2<\/a><\/li>\n\n\n\n<li><a>...<\/a><\/li>\n\n\n\n<li><a href='?page_no=22573'>22573<\/a><\/li>\n\n\n\n<li><a href='?page_no=22574'>22574<\/a><\/li>\n\n\n\n<li class='active'><a>22575<\/a><\/li>\n\n\n\n<li><a href='?page_no=22576'>22576<\/a><\/li>\n\n\n\n<li><a href='?page_no=22577'>22577<\/a><\/li>\n\n\n\n<li><a>...<\/a><\/li>\n\n\n\n<li><a href='?page_no=22911'>22911<\/a><\/li>\n\n\n\n<li><a href='?page_no=22912'>22912<\/a><\/li>\n\n    \n\t\n\n<li >\n\t<a href='?page_no=22576'>Next<\/a>\n\t<\/li>\n\n\n    \n\n<li><a href='?page_no=22912'>Last &rsaquo;&rsaquo;<\/a><\/li>\n\n<\/ul>\n\n\n--><br \/>\n<\/body><\/p>\n","protected":false},"excerpt":{"rendered":"<p>La m\u00fasica de Fantas\u00eda, de Walt Disney, en el teatro Universidad de Chile &#13; &#13; Un repertorio enfocado en los ni\u00f1os tendr\u00e1 el concierto de este viernes y s\u00e1bado. &#13; Las inmortales melod\u00edas del cl\u00e1sico de Walt Disney, Fantas\u00eda, junto a otras famosas obras, ser\u00e1n ejecutadas por la Orquesta Sinf\u00f3nica este viernes 13 y s\u00e1bado [&hellip;]<\/p>\n","protected":false},"author":3,"featured_media":0,"comment_status":"open","ping_status":"open","sticky":false,"template":"","format":"standard","meta":{"footnotes":""},"categories":[21],"tags":[],"class_list":["post-70897","post","type-post","status-publish","format-standard","hentry","category-cultura"],"_links":{"self":[{"href":"https:\/\/diariodominicano.com\/index.php?rest_route=\/wp\/v2\/posts\/70897","targetHints":{"allow":["GET"]}}],"collection":[{"href":"https:\/\/diariodominicano.com\/index.php?rest_route=\/wp\/v2\/posts"}],"about":[{"href":"https:\/\/diariodominicano.com\/index.php?rest_route=\/wp\/v2\/types\/post"}],"author":[{"embeddable":true,"href":"https:\/\/diariodominicano.com\/index.php?rest_route=\/wp\/v2\/users\/3"}],"replies":[{"embeddable":true,"href":"https:\/\/diariodominicano.com\/index.php?rest_route=%2Fwp%2Fv2%2Fcomments&post=70897"}],"version-history":[{"count":0,"href":"https:\/\/diariodominicano.com\/index.php?rest_route=\/wp\/v2\/posts\/70897\/revisions"}],"wp:attachment":[{"href":"https:\/\/diariodominicano.com\/index.php?rest_route=%2Fwp%2Fv2%2Fmedia&parent=70897"}],"wp:term":[{"taxonomy":"category","embeddable":true,"href":"https:\/\/diariodominicano.com\/index.php?rest_route=%2Fwp%2Fv2%2Fcategories&post=70897"},{"taxonomy":"post_tag","embeddable":true,"href":"https:\/\/diariodominicano.com\/index.php?rest_route=%2Fwp%2Fv2%2Ftags&post=70897"}],"curies":[{"name":"wp","href":"https:\/\/api.w.org\/{rel}","templated":true}]}}