{"id":70894,"date":"2008-06-11T19:35:33","date_gmt":"2008-06-11T19:35:33","guid":{"rendered":"http:\/\/diariodominicano.ddns.net\/?p=70894"},"modified":"2008-06-11T19:35:33","modified_gmt":"2008-06-11T19:35:33","slug":"muere-a-los-79-anos-la-artista-carmen-silva","status":"publish","type":"post","link":"https:\/\/diariodominicano.com\/?p=70894","title":{"rendered":"Muere a los 79 a\u00f1os la artista Carmen Silva"},"content":{"rendered":"<p><body><\/p>\n<p align=\"justify\"><span class=\"titulogrande1\">Muere a los 79 a\u00f1os la artista Carmen Silva <\/span><br \/>&#13;<br \/>\n  <br \/>&#13;<br \/>\n    <span class=\"text1noticias\">Pintora, grabadora y escultora fue alumna de Andr\u00e9  Racz, Roberto Matta y Nemesio Ant\u00fanez e\u00a0integr\u00f3 el Taller 99 en sus  inicios. <\/span><\/p>\n<p>&#13;<\/p>\n<p align=\"justify\" class=\"text1noticias\">Con una vida dedicada al arte, la pintora, grabadora y  escultora Carmen Silva (1929-2008),\u00a0 diagnosticada hace un tiempo con  leucemia,\u00a0falleci\u00f3 hoy a la edad de 79 a\u00f1os.<br \/>&#13;<br \/>\n  <br \/>&#13;<br \/>\n  Alumna de Andr\u00e9 Racz, Roberto Matta y Nemesio Ant\u00fanez,  integr\u00f3 la primera generaci\u00f3n del m\u00edtico Taller 99, creado por Ant\u00fanez para  formar grabadores en el pa\u00eds, junto a artistas como Roser Bru y Delia del  Carril.<br \/>&#13;<br \/>\n  <br \/>&#13;<br \/>\n  Ejerci\u00f3 la docencia desde 1960 en distintos talleres y  universidad nacionales y extranjeras. Sus trabajos, marcados por un estilo de  gran car\u00e1cter figurativo y expresivo, han sido presentados en el Museo Nacional  de Bellas Artes de Chile, Museo de Arte Moderno de R\u00edo de Janeiro, el City  College de Nueva York, y en numerosas Galer\u00edas e Institutos Culturales.<br \/>&#13;<br \/>\n  <br \/>&#13;<br \/>\n  Sus restos est\u00e1n siendo velados en Ernesto Pinto Lagarrigue  214, comuna de Santiago.<br \/>&#13;<br \/>\n  <br \/>&#13;<br \/>\nFuente: La Tercera de Chile <\/p>\n<p>&#13;<\/p>\n<h6> 2008-06-11 19:35:33 <\/h6>\n<p><!--\n<link rel=\"stylesheet\" href=\"css\/bootstrap.min.css\">\n\n\n<ul class=\"pagination\">\n\t    \n\t\n\n<li >\n\t<a href='?page_no=22571'>Previous<\/a>\n\t<\/li>\n\n\n       \n    \n\n<li><a href='?page_no=1'>1<\/a><\/li>\n\n\n\n<li><a href='?page_no=2'>2<\/a><\/li>\n\n\n\n<li><a>...<\/a><\/li>\n\n\n\n<li><a href='?page_no=22570'>22570<\/a><\/li>\n\n\n\n<li><a href='?page_no=22571'>22571<\/a><\/li>\n\n\n\n<li class='active'><a>22572<\/a><\/li>\n\n\n\n<li><a href='?page_no=22573'>22573<\/a><\/li>\n\n\n\n<li><a href='?page_no=22574'>22574<\/a><\/li>\n\n\n\n<li><a>...<\/a><\/li>\n\n\n\n<li><a href='?page_no=22911'>22911<\/a><\/li>\n\n\n\n<li><a href='?page_no=22912'>22912<\/a><\/li>\n\n    \n\t\n\n<li >\n\t<a href='?page_no=22573'>Next<\/a>\n\t<\/li>\n\n\n    \n\n<li><a href='?page_no=22912'>Last &rsaquo;&rsaquo;<\/a><\/li>\n\n<\/ul>\n\n\n--><br \/>\n<\/body><\/p>\n","protected":false},"excerpt":{"rendered":"<p>Muere a los 79 a\u00f1os la artista Carmen Silva &#13; &#13; Pintora, grabadora y escultora fue alumna de Andr\u00e9 Racz, Roberto Matta y Nemesio Ant\u00fanez e\u00a0integr\u00f3 el Taller 99 en sus inicios. &#13; Con una vida dedicada al arte, la pintora, grabadora y escultora Carmen Silva (1929-2008),\u00a0 diagnosticada hace un tiempo con leucemia,\u00a0falleci\u00f3 hoy a [&hellip;]<\/p>\n","protected":false},"author":3,"featured_media":0,"comment_status":"open","ping_status":"open","sticky":false,"template":"","format":"standard","meta":{"footnotes":""},"categories":[21],"tags":[],"class_list":["post-70894","post","type-post","status-publish","format-standard","hentry","category-cultura"],"_links":{"self":[{"href":"https:\/\/diariodominicano.com\/index.php?rest_route=\/wp\/v2\/posts\/70894","targetHints":{"allow":["GET"]}}],"collection":[{"href":"https:\/\/diariodominicano.com\/index.php?rest_route=\/wp\/v2\/posts"}],"about":[{"href":"https:\/\/diariodominicano.com\/index.php?rest_route=\/wp\/v2\/types\/post"}],"author":[{"embeddable":true,"href":"https:\/\/diariodominicano.com\/index.php?rest_route=\/wp\/v2\/users\/3"}],"replies":[{"embeddable":true,"href":"https:\/\/diariodominicano.com\/index.php?rest_route=%2Fwp%2Fv2%2Fcomments&post=70894"}],"version-history":[{"count":0,"href":"https:\/\/diariodominicano.com\/index.php?rest_route=\/wp\/v2\/posts\/70894\/revisions"}],"wp:attachment":[{"href":"https:\/\/diariodominicano.com\/index.php?rest_route=%2Fwp%2Fv2%2Fmedia&parent=70894"}],"wp:term":[{"taxonomy":"category","embeddable":true,"href":"https:\/\/diariodominicano.com\/index.php?rest_route=%2Fwp%2Fv2%2Fcategories&post=70894"},{"taxonomy":"post_tag","embeddable":true,"href":"https:\/\/diariodominicano.com\/index.php?rest_route=%2Fwp%2Fv2%2Ftags&post=70894"}],"curies":[{"name":"wp","href":"https:\/\/api.w.org\/{rel}","templated":true}]}}