{"id":70892,"date":"2008-06-11T23:25:25","date_gmt":"2008-06-11T23:25:25","guid":{"rendered":"http:\/\/diariodominicano.ddns.net\/?p=70892"},"modified":"2008-06-11T23:25:25","modified_gmt":"2008-06-11T23:25:25","slug":"uasd-conmemorara-aniversario-gesta-14-de-junio","status":"publish","type":"post","link":"https:\/\/diariodominicano.com\/?p=70892","title":{"rendered":"UASD conmemorar\u00e1  aniversario Gesta 14 de Junio"},"content":{"rendered":"<p><body><\/p>\n<p align=\"center\" class=\"titulogrande1\"><strong>UASD  conmemorar\u00e1 aniversario Gesta 14 de  Junio<\/strong><\/p>\n<p>&#13;<\/p>\n<p align=\"justify\" class=\"text1noticias\"><strong>Santo Domingo.-<\/strong> La Universidad Aut\u00f3noma  de Santo Domingo (UASD) conmemorar\u00e1 con diferentes actividades el 49  aniversario de la gesta patri\u00f3tica de 14 de junio de 1959. <\/p>\n<p>&#13;<\/p>\n<p align=\"justify\" class=\"text1noticias\">El programa  comienza a partir de las 9:00 de la ma\u00f1ana, cuando la instituci\u00f3n depositar\u00e1  una ofrenda floral en el Pante\u00f3n de los H\u00e9roes de Constanza, Maim\u00f3n y Estero  Hondo,\u00a0 en la Feria, con la participaci\u00f3n  de la Banda de  M\u00fasica de la casa de altos estudios. <\/p>\n<p>&#13;<\/p>\n<p align=\"justify\" class=\"text1noticias\">Asimismo, a las  5:00 de la tarde se efectuar\u00e1 la investidura ordinaria, donde se entregar\u00e1n  cientos de nuevos profesionales a sociedad y participar\u00e1n la banda musical y el  coro universitario.<\/p>\n<p>&#13;<\/p>\n<p align=\"justify\" class=\"text1noticias\">En el transcurso  del d\u00eda la universidad tiene programada la continuaci\u00f3n de una Jornada Odontol\u00f3gica  en Las Matas de Farf\u00e1n, a cargo del programa \u201cSolidaridad y Esperanza\u201d.\u00a0 <\/p>\n<p>&#13;<\/p>\n<p align=\"justify\" class=\"text1noticias\">Adem\u00e1s, se  realizar\u00e1 en el Centro Universitario de Santiago,\u00a0 a las 6:00 de la tarde, un  conversatorio-conferencia titulado \u201cSistematizaci\u00f3n del estudio de la vida y  obra del Ch\u00e9 a partir de su obra escrita\u201d, a cargo de la doctora Mar\u00eda del  Carmen Ariet, investigadora responsable de Centro de Investigaci\u00f3n de Ernesto  Ch\u00e9 Guevara.\u00a0 <\/p>\n<p>&#13;<\/p>\n<p align=\"justify\" class=\"text1noticias\">El d\u00eda 14 de Junio del citado  a\u00f1o, tropas expedicionarias de exiliados dominicanos y revolucionarios de  algunos pa\u00edses de Am\u00e9rica, salidas de Cuba, llegaron a territorio dominicano  por Constanza, en la Cordillera Central,  con el objetivo de derrocar el r\u00e9gimen del tirano Rafael Leonidas Trujillo,  pero \u00e9ste asesin\u00f3 la mayor\u00eda de sus integrantes. <\/p>\n<p>&#13;<\/p>\n<h6> 2008-06-11 23:25:25 <\/h6>\n<p><!--\n<link rel=\"stylesheet\" href=\"css\/bootstrap.min.css\">\n\n\n<ul class=\"pagination\">\n\t    \n\t\n\n<li >\n\t<a href='?page_no=22569'>Previous<\/a>\n\t<\/li>\n\n\n       \n    \n\n<li><a href='?page_no=1'>1<\/a><\/li>\n\n\n\n<li><a href='?page_no=2'>2<\/a><\/li>\n\n\n\n<li><a>...<\/a><\/li>\n\n\n\n<li><a href='?page_no=22568'>22568<\/a><\/li>\n\n\n\n<li><a href='?page_no=22569'>22569<\/a><\/li>\n\n\n\n<li class='active'><a>22570<\/a><\/li>\n\n\n\n<li><a href='?page_no=22571'>22571<\/a><\/li>\n\n\n\n<li><a href='?page_no=22572'>22572<\/a><\/li>\n\n\n\n<li><a>...<\/a><\/li>\n\n\n\n<li><a href='?page_no=22911'>22911<\/a><\/li>\n\n\n\n<li><a href='?page_no=22912'>22912<\/a><\/li>\n\n    \n\t\n\n<li >\n\t<a href='?page_no=22571'>Next<\/a>\n\t<\/li>\n\n\n    \n\n<li><a href='?page_no=22912'>Last &rsaquo;&rsaquo;<\/a><\/li>\n\n<\/ul>\n\n\n--><br \/>\n<\/body><\/p>\n","protected":false},"excerpt":{"rendered":"<p>UASD conmemorar\u00e1 aniversario Gesta 14 de Junio &#13; Santo Domingo.- La Universidad Aut\u00f3noma de Santo Domingo (UASD) conmemorar\u00e1 con diferentes actividades el 49 aniversario de la gesta patri\u00f3tica de 14 de junio de 1959. &#13; El programa comienza a partir de las 9:00 de la ma\u00f1ana, cuando la instituci\u00f3n depositar\u00e1 una ofrenda floral en el [&hellip;]<\/p>\n","protected":false},"author":3,"featured_media":0,"comment_status":"open","ping_status":"open","sticky":false,"template":"","format":"standard","meta":{"footnotes":""},"categories":[21],"tags":[],"class_list":["post-70892","post","type-post","status-publish","format-standard","hentry","category-cultura"],"_links":{"self":[{"href":"https:\/\/diariodominicano.com\/index.php?rest_route=\/wp\/v2\/posts\/70892","targetHints":{"allow":["GET"]}}],"collection":[{"href":"https:\/\/diariodominicano.com\/index.php?rest_route=\/wp\/v2\/posts"}],"about":[{"href":"https:\/\/diariodominicano.com\/index.php?rest_route=\/wp\/v2\/types\/post"}],"author":[{"embeddable":true,"href":"https:\/\/diariodominicano.com\/index.php?rest_route=\/wp\/v2\/users\/3"}],"replies":[{"embeddable":true,"href":"https:\/\/diariodominicano.com\/index.php?rest_route=%2Fwp%2Fv2%2Fcomments&post=70892"}],"version-history":[{"count":0,"href":"https:\/\/diariodominicano.com\/index.php?rest_route=\/wp\/v2\/posts\/70892\/revisions"}],"wp:attachment":[{"href":"https:\/\/diariodominicano.com\/index.php?rest_route=%2Fwp%2Fv2%2Fmedia&parent=70892"}],"wp:term":[{"taxonomy":"category","embeddable":true,"href":"https:\/\/diariodominicano.com\/index.php?rest_route=%2Fwp%2Fv2%2Fcategories&post=70892"},{"taxonomy":"post_tag","embeddable":true,"href":"https:\/\/diariodominicano.com\/index.php?rest_route=%2Fwp%2Fv2%2Ftags&post=70892"}],"curies":[{"name":"wp","href":"https:\/\/api.w.org\/{rel}","templated":true}]}}