{"id":70891,"date":"2008-06-12T18:10:30","date_gmt":"2008-06-12T18:10:30","guid":{"rendered":"http:\/\/diariodominicano.ddns.net\/?p=70891"},"modified":"2008-06-12T18:10:30","modified_gmt":"2008-06-12T18:10:30","slug":"u2-pone-a-la-venta-uno-de-los-primeros-basquiat","status":"publish","type":"post","link":"https:\/\/diariodominicano.com\/?p=70891","title":{"rendered":"U2 pone a la venta uno de los primeros &#8216;basquiat&#8217;"},"content":{"rendered":"<p><body><\/p>\n<p align=\"justify\"><strong class=\"titulogrande1\">U2 pone a la venta uno de los primeros &#8216;basquiat&#8217;<\/strong><br \/>&#13;<br \/>\n  <br \/>&#13;<br \/>\n    <span class=\"text1noticias\">La banda de pop-rock pondr\u00e1 la pieza del artista estadounidense a un precio  de salida de entre 5,2 y 7,8 millones de euros<br \/> &#13;<br \/>\n    <br \/>&#13;<br \/>\n    <strong>EFE<\/strong> &#8211; Londres &#8211; 12\/06\/2008 <\/span><\/p>\n<p>&#13;<\/p>\n<p align=\"justify\" class=\"text1noticias\"><img loading=\"lazy\" decoding=\"async\" src=\"http:\/\/localhost:8080\/img\/u2.jpg\" width=\"375\" height=\"375\" hspace=\"4\" align=\"left\" \/>La banda de rock irlandesa U2 ha  decidido desprenderse de un cuadro de Jean-Michel Basquiat que ten\u00eda en su  estudio de Dubl\u00edn y que se vender\u00e1 al mejor postor el pr\u00f3ximo 1 de julio en la  casa de subastas Sotheby&#8217;s de Londres.<br \/>&#13;<br \/>\n  <br \/>&#13;<br \/>\n    <em>  Untitled (Pecho\/Oreja)<\/em>, como se llama la obra, la descubri\u00f3 el  bajista del grupo Adam Clayton en una galer\u00eda de Nueva York y la adquiri\u00f3 para  el grupo en 1989. \u00abParece apropiado que una obra de Basquiat acabase en el  estudio de unos m\u00fasicos ya que se ha hablado muchas veces de la relaci\u00f3n entre  ambas artes\u00bb, se\u00f1al\u00f3 hoy Oliver Barker, experto de la casa de subastas, a  prop\u00f3sito del cuadro, que tiene un precio de salida de entre 8 y 12 millones de  d\u00f3lares (entre 5,2 y 7,8 millones de euros).<br \/>&#13;<br \/>\n    <br \/>&#13;<br \/>\n  Basquiat ten\u00eda veintid\u00f3s a\u00f1os  cuando pint\u00f3 esa obra, que se caracteriza por una interesante combinaci\u00f3n de  cacofon\u00eda ic\u00f3nica, muy t\u00edpica del artista neoyorquino, y una gran econom\u00eda de  composic\u00f3n. El cuadro muestra una cabeza, perfectamente delineada y de clara  influencia picassiana, junto a la cual el artista ha escrito en espa\u00f1ol las  palabras \u00aboreja\u00bb y \u00abpecho\u00bb.<br \/>&#13;<br \/>\n    <br \/>&#13;<br \/>\n    Es conocida la admiraci\u00f3n que  Basquiat sinti\u00f3 siempre por Picasso y, al igual que \u00e9ste, tambi\u00e9n por la  compleja iconograf\u00eda de las m\u00e1scaras africanas. Sotheby&#8217;s estableci\u00f3 un r\u00e9cord  mundial de subasta para una pintura de ese artista en mayo del a\u00f1o pasado  cuando vendi\u00f3 <em>Untitled<\/em>, de 1981, por 14,6 millones de d\u00f3lares en Nueva  York. Desde entonces ha vendido otras obras destacadas del pintor como <em>Untitled  (Elecric Chair)<\/em>, de 1981, adjudicada por 11,8 millones de d\u00f3lares, en  noviembre del 2007, y <em>Untitled (Prophet I)<\/em>, del mismo per\u00edodo, vendida  por 9,5 millones el pasado mes de mayo.<br \/>&#13;<br \/>\n    <br \/>&#13;<br \/>\n    Nacido en 1960 en Nueva York, de  padre haitiano y madre puertorique\u00f1a, Basquiat se distingui\u00f3 primero como  pintor de <em>graffiti<\/em> y fund\u00f3 un grupo musical con el entonces desconocido  m\u00fasico y actor Vincent Gallo. Muy pronto comenz\u00f3 a exhibir regularmente con  otros artistas como Keith Haring, Barbara Kruger, Julian Schnabel, David Salle,  Francesco Clemente y Enzo Cucchi, antes de colaborar con Andy Warhol.<br \/>&#13;<br \/>\n    <br \/>&#13;<br \/>\n    Basquiat muri\u00f3 prematuramente en  1988 a consecuencia de una combinaci\u00f3n t\u00f3xica de drogas s\u00f3lo unos d\u00edas antes de  su proyectado viaje a Costa de Marfil. El artista y cineasta Julian Schnabel  rod\u00f3 en 1996 una pel\u00edcula basada en su vida con Jeffrey Wright como  protagonista.<\/p>\n<p>&#13;<\/p>\n<h6> 2008-06-12 18:10:30 <\/h6>\n<p><!--\n<link rel=\"stylesheet\" href=\"css\/bootstrap.min.css\">\n\n\n<ul class=\"pagination\">\n\t    \n\t\n\n<li >\n\t<a href='?page_no=22568'>Previous<\/a>\n\t<\/li>\n\n\n       \n    \n\n<li><a href='?page_no=1'>1<\/a><\/li>\n\n\n\n<li><a href='?page_no=2'>2<\/a><\/li>\n\n\n\n<li><a>...<\/a><\/li>\n\n\n\n<li><a href='?page_no=22567'>22567<\/a><\/li>\n\n\n\n<li><a href='?page_no=22568'>22568<\/a><\/li>\n\n\n\n<li class='active'><a>22569<\/a><\/li>\n\n\n\n<li><a href='?page_no=22570'>22570<\/a><\/li>\n\n\n\n<li><a href='?page_no=22571'>22571<\/a><\/li>\n\n\n\n<li><a>...<\/a><\/li>\n\n\n\n<li><a href='?page_no=22911'>22911<\/a><\/li>\n\n\n\n<li><a href='?page_no=22912'>22912<\/a><\/li>\n\n    \n\t\n\n<li >\n\t<a href='?page_no=22570'>Next<\/a>\n\t<\/li>\n\n\n    \n\n<li><a href='?page_no=22912'>Last &rsaquo;&rsaquo;<\/a><\/li>\n\n<\/ul>\n\n\n--><br \/>\n<\/body><\/p>\n","protected":false},"excerpt":{"rendered":"<p>U2 pone a la venta uno de los primeros &#8216;basquiat&#8217;&#13; &#13; La banda de pop-rock pondr\u00e1 la pieza del artista estadounidense a un precio de salida de entre 5,2 y 7,8 millones de euros &#13; &#13; EFE &#8211; Londres &#8211; 12\/06\/2008 &#13; La banda de rock irlandesa U2 ha decidido desprenderse de un cuadro de [&hellip;]<\/p>\n","protected":false},"author":3,"featured_media":0,"comment_status":"open","ping_status":"open","sticky":false,"template":"","format":"standard","meta":{"footnotes":""},"categories":[21],"tags":[],"class_list":["post-70891","post","type-post","status-publish","format-standard","hentry","category-cultura"],"_links":{"self":[{"href":"https:\/\/diariodominicano.com\/index.php?rest_route=\/wp\/v2\/posts\/70891","targetHints":{"allow":["GET"]}}],"collection":[{"href":"https:\/\/diariodominicano.com\/index.php?rest_route=\/wp\/v2\/posts"}],"about":[{"href":"https:\/\/diariodominicano.com\/index.php?rest_route=\/wp\/v2\/types\/post"}],"author":[{"embeddable":true,"href":"https:\/\/diariodominicano.com\/index.php?rest_route=\/wp\/v2\/users\/3"}],"replies":[{"embeddable":true,"href":"https:\/\/diariodominicano.com\/index.php?rest_route=%2Fwp%2Fv2%2Fcomments&post=70891"}],"version-history":[{"count":0,"href":"https:\/\/diariodominicano.com\/index.php?rest_route=\/wp\/v2\/posts\/70891\/revisions"}],"wp:attachment":[{"href":"https:\/\/diariodominicano.com\/index.php?rest_route=%2Fwp%2Fv2%2Fmedia&parent=70891"}],"wp:term":[{"taxonomy":"category","embeddable":true,"href":"https:\/\/diariodominicano.com\/index.php?rest_route=%2Fwp%2Fv2%2Fcategories&post=70891"},{"taxonomy":"post_tag","embeddable":true,"href":"https:\/\/diariodominicano.com\/index.php?rest_route=%2Fwp%2Fv2%2Ftags&post=70891"}],"curies":[{"name":"wp","href":"https:\/\/api.w.org\/{rel}","templated":true}]}}