{"id":70889,"date":"2008-06-12T18:16:15","date_gmt":"2008-06-12T18:16:15","guid":{"rendered":"http:\/\/diariodominicano.ddns.net\/?p=70889"},"modified":"2008-06-12T18:16:15","modified_gmt":"2008-06-12T18:16:15","slug":"hallada-en-segovia-la-momia-de-un-cortesano-del-siglo-xv","status":"publish","type":"post","link":"https:\/\/diariodominicano.com\/?p=70889","title":{"rendered":"Hallada en Segovia la momia de un cortesano del siglo XV"},"content":{"rendered":"<p><body><\/p>\n<p align=\"justify\"><strong class=\"titulogrande1\">Hallada en Segovia la momia de un cortesano del siglo XV<\/strong><br \/>&#13;<br \/>\n  <br \/>&#13;<br \/>\n    <span class=\"text1noticias\">Las obras en los sepulcros de la iglesia de San Esteban, en Cu\u00e9llar, sacan  a la luz un cuerpo que podr\u00eda pertenecer a un cortesano de Enrique III <br \/>&#13;<br \/>\n    <br \/>&#13;<br \/>\n    <strong>EFE<\/strong> &#8211; Segovia &#8211; 12\/06\/2008 <\/span><\/p>\n<p>&#13;<\/p>\n<p align=\"justify\" class=\"text1noticias\">Los trabajos de restauraci\u00f3n en  los sepulcros de la iglesia de San Esteban, en Cu\u00e9llar (Segovia), han sacado a  la luz un cuerpo momificado que podr\u00eda pertenecer al titular de la tumba,  Alfonso Garc\u00eda de Le\u00f3n, influyente personaje en la corte del rey Enrique III,  fallecido a principios del siglo XV. Seg\u00fan han dicho hoy a Efe fuentes de la  Fundaci\u00f3n del Patrimonio Hist\u00f3rico de Castilla y Le\u00f3n, que financia la  investigaci\u00f3n arqueo\u00f3gica, el monarca cit\u00f3 a Garc\u00eda de Le\u00f3n en su testamento  como contador mayor de Castilla, tesorero y alcaide del Alc\u00e1zar de Segovia.<br \/>&#13;<br \/>\n  <br \/>&#13;<br \/>\n  Los restos, localizados en uno de  los dos arcosolios que se encuentran en el lado del Evangelio, se pueden haber  mantenido momificados por la gran cantidad de cal encontrada dentro de la caja,  que podr\u00eda haber contribuido a la conservaci\u00f3n del cad\u00e1ver y de algunos restos  de tela, que pueden ser de ropajes o de un sudario. La Fundaci\u00f3n del Patrimonio  Hist\u00f3rico exhumar\u00e1 ahora los restos de los otros tres sepulcros, el otro del  lado del Evangelio y los dos del lado de la Ep\u00edstola, en los que se han  empezado a documentar tambi\u00e9n diversos restos humanos, tambi\u00e9n con signos de  momificaci\u00f3n.<br \/>&#13;<br \/>\n  <br \/>&#13;<br \/>\n  <strong>Sepulcros con ornamentaci\u00f3n  mud\u00e9jar<br \/>&#13;<br \/>\n  <\/strong> <br \/>&#13;<br \/>\n  Las primeras hip\u00f3tesis apuntan a  que podr\u00edan corresponder a los enterramientos originales de Urraca Garc\u00eda de  Tapia, esposa de Alfonso Garc\u00eda de Le\u00f3n, Mart\u00edn L\u00f3pez de C\u00f3rdoba Hinestrosa y  su mujer Isabel de Zuazo. Los cuatro sepulcros, insertados en los muros y  distribuidos en pares a los dos lados de la capilla mayor de la iglesia de San  Esteban, est\u00e1n decorados con yeser\u00edas de clara raigambre mud\u00e9jar, ya que el  templo se construy\u00f3 en este material, hacia el siglo XII.<br \/>&#13;<br \/>\n  <br \/>&#13;<br \/>\n  En funci\u00f3n de los resultados de  los trabajos arqueol\u00f3gicos, es posible que se ampl\u00ede la investigaci\u00f3n y los  an\u00e1lisis antropol\u00f3gicos de los restos hallados. Estos estudios cient\u00edficos  permitir\u00e1n determinar las causas de la conservaci\u00f3n de estos cuerpos e  identificarlos, adem\u00e1s de aportar informaci\u00f3n sobre las caracter\u00edsticas  f\u00edsicas, posibles patolog\u00edas o rasgos anat\u00f3micos.<br \/>&#13;<br \/>\n  <br \/>&#13;<br \/>\n  La Fundaci\u00f3n del Patrimonio  restaura los cuatro sepulcros del presbiterio y otros bienes muebles de la  iglesia, como los revestimientos murales de la capilla del Evangelio, las  hornacinas de los retablos del Descendimiento y del Crucificado y del archivo,  el retablo del Crucificado y el de la Virgen, que est\u00e1 en la nave de la  Ep\u00edstola. La inversi\u00f3n estimada supera 167.000 euros por parte de la fundaci\u00f3n,  que cuenta con la colaboraci\u00f3n de la di\u00f3cesis de Segovia y el ayuntamiento de  Cu\u00e9llar.<\/p>\n<p>&#13;<\/p>\n<h6> 2008-06-12 18:16:15 <\/h6>\n<p><!--\n<link rel=\"stylesheet\" href=\"css\/bootstrap.min.css\">\n\n\n<ul class=\"pagination\">\n\t    \n\t\n\n<li >\n\t<a href='?page_no=22566'>Previous<\/a>\n\t<\/li>\n\n\n       \n    \n\n<li><a href='?page_no=1'>1<\/a><\/li>\n\n\n\n<li><a href='?page_no=2'>2<\/a><\/li>\n\n\n\n<li><a>...<\/a><\/li>\n\n\n\n<li><a href='?page_no=22565'>22565<\/a><\/li>\n\n\n\n<li><a href='?page_no=22566'>22566<\/a><\/li>\n\n\n\n<li class='active'><a>22567<\/a><\/li>\n\n\n\n<li><a href='?page_no=22568'>22568<\/a><\/li>\n\n\n\n<li><a href='?page_no=22569'>22569<\/a><\/li>\n\n\n\n<li><a>...<\/a><\/li>\n\n\n\n<li><a href='?page_no=22911'>22911<\/a><\/li>\n\n\n\n<li><a href='?page_no=22912'>22912<\/a><\/li>\n\n    \n\t\n\n<li >\n\t<a href='?page_no=22568'>Next<\/a>\n\t<\/li>\n\n\n    \n\n<li><a href='?page_no=22912'>Last &rsaquo;&rsaquo;<\/a><\/li>\n\n<\/ul>\n\n\n--><br \/>\n<\/body><\/p>\n","protected":false},"excerpt":{"rendered":"<p>Hallada en Segovia la momia de un cortesano del siglo XV&#13; &#13; Las obras en los sepulcros de la iglesia de San Esteban, en Cu\u00e9llar, sacan a la luz un cuerpo que podr\u00eda pertenecer a un cortesano de Enrique III &#13; &#13; EFE &#8211; Segovia &#8211; 12\/06\/2008 &#13; Los trabajos de restauraci\u00f3n en los sepulcros [&hellip;]<\/p>\n","protected":false},"author":3,"featured_media":0,"comment_status":"open","ping_status":"open","sticky":false,"template":"","format":"standard","meta":{"footnotes":""},"categories":[21],"tags":[],"class_list":["post-70889","post","type-post","status-publish","format-standard","hentry","category-cultura"],"_links":{"self":[{"href":"https:\/\/diariodominicano.com\/index.php?rest_route=\/wp\/v2\/posts\/70889","targetHints":{"allow":["GET"]}}],"collection":[{"href":"https:\/\/diariodominicano.com\/index.php?rest_route=\/wp\/v2\/posts"}],"about":[{"href":"https:\/\/diariodominicano.com\/index.php?rest_route=\/wp\/v2\/types\/post"}],"author":[{"embeddable":true,"href":"https:\/\/diariodominicano.com\/index.php?rest_route=\/wp\/v2\/users\/3"}],"replies":[{"embeddable":true,"href":"https:\/\/diariodominicano.com\/index.php?rest_route=%2Fwp%2Fv2%2Fcomments&post=70889"}],"version-history":[{"count":0,"href":"https:\/\/diariodominicano.com\/index.php?rest_route=\/wp\/v2\/posts\/70889\/revisions"}],"wp:attachment":[{"href":"https:\/\/diariodominicano.com\/index.php?rest_route=%2Fwp%2Fv2%2Fmedia&parent=70889"}],"wp:term":[{"taxonomy":"category","embeddable":true,"href":"https:\/\/diariodominicano.com\/index.php?rest_route=%2Fwp%2Fv2%2Fcategories&post=70889"},{"taxonomy":"post_tag","embeddable":true,"href":"https:\/\/diariodominicano.com\/index.php?rest_route=%2Fwp%2Fv2%2Ftags&post=70889"}],"curies":[{"name":"wp","href":"https:\/\/api.w.org\/{rel}","templated":true}]}}