{"id":70887,"date":"2008-06-12T18:23:52","date_gmt":"2008-06-12T18:23:52","guid":{"rendered":"http:\/\/diariodominicano.ddns.net\/?p=70887"},"modified":"2008-06-12T18:23:52","modified_gmt":"2008-06-12T18:23:52","slug":"celebran-desfile-de-moda-beneficio-pro-bicujud","status":"publish","type":"post","link":"https:\/\/diariodominicano.com\/?p=70887","title":{"rendered":"Celebran Desfile de Moda beneficio PRO BICUJUD"},"content":{"rendered":"<p><body><\/p>\n<p class=\"titulogrande1\"><strong>Celebran  Desfile de Moda beneficio PRO BICUJUD<\/strong>\u00a0<\/p>\n<p>&#13;<\/p>\n<p align=\"justify\" class=\"text1noticias\"><strong>White  Summer Fashion Show 08, <\/strong>\u00a0innovador desfile\u00a0 de modas que cada a\u00f1o organizan sectores  representativos de la ciudad de San pedro de Macor\u00eds vinculados al buen vestir,  a la comunicaci\u00f3n y a la vida social de la regi\u00f3n, presenta para este 19 de  junio su m\u00e1s reciente exhibici\u00f3n de verano a beneficio de entidades caritativas  cuya trayectoria de trabajo social y servicio desinteresado haya servido de  motivaci\u00f3n a toda la comunidad.\u00a0\u00a0 <\/p>\n<p>&#13;<\/p>\n<p align=\"justify\" class=\"text1noticias\">Para esta ocasi\u00f3n <strong>White Summer Fashion Show 08<\/strong> presenta su propuesta a beneficio de la fundaci\u00f3n Biblioteca Cultural de la Juventud (BICUJUD)\u00a0 una red de bibliotecas comunitarias y multifuncionales  que en cada municipio del pa\u00eds est\u00e1 instalando un equipo de j\u00f3venes  profesionales dirigidos por el Presentador de Noticias de TV\u00a0 F\u00e9lix Victorino. Motiva\u00a0 al equipo organizador dedicar este evento al  proyecto de estas bibliotecas, por la necesidad de un local donde instalarse  formalmente en esta provincia y\u00a0\u00a0 en  virtud de que su propuesta social est\u00e1 dirigida a los sectores m\u00e1s humildes de  la comunidad nacional\u00a0 y por que est\u00e1n  dedicadas a incentivar a la juventud a estudiar, conocer y crecer intelectualmente  con\u00a0 la asesor\u00eda y concurso de personas  capacitadas para ense\u00f1ar y facilitar\u00a0 a  ni\u00f1os y ni\u00f1as, adem\u00e1s de\u00a0 libros,  herramientas escolares y\u00a0 salas  tecnol\u00f3gicas con el recurso del la red global de Internet totalmente gratis.<\/p>\n<p>&#13;<\/p>\n<p align=\"justify\" class=\"text1noticias\"><strong>White  Summer Fashion Show 08<\/strong> en esta\u00a0  versi\u00f3n presentar\u00e1 destacados talentos emergentes en el dise\u00f1o y  estilismo de la provincia de San Pedro De Macor\u00eds como son :\u00a0 Wendy Celestino, Migdoel Figueroa y Evelyn  Polaco; Los asistentes podr\u00e1n disfrutar de un despliegue de dise\u00f1os exclusivos  del continente todos de color blanco para de esta manera\u00a0 darle la\u00a0  bienvenida\u00a0 mas fresca al verano.<\/p>\n<p>&#13;<\/p>\n<p align=\"justify\" class=\"text1noticias\">Este evento se realizara el  pr\u00f3ximo jueves 19 de junio\u00a0 a partir de  las 6 de la tarde, en el \u00e1rea de la playa de Casa Blanca Caf\u00e9 Piano Bar, en  Juan Dolio. Con un Aporte de RD$300.00 pesos por persona, este cl\u00e1sico  organizado por las periodistas Vianny Ogando y Myrna Perdomo,\u00a0 promete ser uno de los eventos mas  concurridos y comentados de la temporada  y de la regi\u00f3n.<\/p>\n<p>&#13;<\/p>\n<p align=\"justify\" class=\"text1noticias\">De esta manera le invitamos a  ser parte de este desfile\u00a0 que tanto  beneficiara a los ni\u00f1os y ni\u00f1as de nuestra provincia San Pedro de Macor\u00eds. <\/p>\n<p>&#13;<\/p>\n<h6> 2008-06-12 18:23:52 <\/h6>\n<p><!--\n<link rel=\"stylesheet\" href=\"css\/bootstrap.min.css\">\n\n\n<ul class=\"pagination\">\n\t    \n\t\n\n<li >\n\t<a href='?page_no=22564'>Previous<\/a>\n\t<\/li>\n\n\n       \n    \n\n<li><a href='?page_no=1'>1<\/a><\/li>\n\n\n\n<li><a href='?page_no=2'>2<\/a><\/li>\n\n\n\n<li><a>...<\/a><\/li>\n\n\n\n<li><a href='?page_no=22563'>22563<\/a><\/li>\n\n\n\n<li><a href='?page_no=22564'>22564<\/a><\/li>\n\n\n\n<li class='active'><a>22565<\/a><\/li>\n\n\n\n<li><a href='?page_no=22566'>22566<\/a><\/li>\n\n\n\n<li><a href='?page_no=22567'>22567<\/a><\/li>\n\n\n\n<li><a>...<\/a><\/li>\n\n\n\n<li><a href='?page_no=22911'>22911<\/a><\/li>\n\n\n\n<li><a href='?page_no=22912'>22912<\/a><\/li>\n\n    \n\t\n\n<li >\n\t<a href='?page_no=22566'>Next<\/a>\n\t<\/li>\n\n\n    \n\n<li><a href='?page_no=22912'>Last &rsaquo;&rsaquo;<\/a><\/li>\n\n<\/ul>\n\n\n--><br \/>\n<\/body><\/p>\n","protected":false},"excerpt":{"rendered":"<p>Celebran Desfile de Moda beneficio PRO BICUJUD\u00a0 &#13; White Summer Fashion Show 08, \u00a0innovador desfile\u00a0 de modas que cada a\u00f1o organizan sectores representativos de la ciudad de San pedro de Macor\u00eds vinculados al buen vestir, a la comunicaci\u00f3n y a la vida social de la regi\u00f3n, presenta para este 19 de junio su m\u00e1s reciente [&hellip;]<\/p>\n","protected":false},"author":3,"featured_media":0,"comment_status":"open","ping_status":"open","sticky":false,"template":"","format":"standard","meta":{"footnotes":""},"categories":[21],"tags":[],"class_list":["post-70887","post","type-post","status-publish","format-standard","hentry","category-cultura"],"_links":{"self":[{"href":"https:\/\/diariodominicano.com\/index.php?rest_route=\/wp\/v2\/posts\/70887","targetHints":{"allow":["GET"]}}],"collection":[{"href":"https:\/\/diariodominicano.com\/index.php?rest_route=\/wp\/v2\/posts"}],"about":[{"href":"https:\/\/diariodominicano.com\/index.php?rest_route=\/wp\/v2\/types\/post"}],"author":[{"embeddable":true,"href":"https:\/\/diariodominicano.com\/index.php?rest_route=\/wp\/v2\/users\/3"}],"replies":[{"embeddable":true,"href":"https:\/\/diariodominicano.com\/index.php?rest_route=%2Fwp%2Fv2%2Fcomments&post=70887"}],"version-history":[{"count":0,"href":"https:\/\/diariodominicano.com\/index.php?rest_route=\/wp\/v2\/posts\/70887\/revisions"}],"wp:attachment":[{"href":"https:\/\/diariodominicano.com\/index.php?rest_route=%2Fwp%2Fv2%2Fmedia&parent=70887"}],"wp:term":[{"taxonomy":"category","embeddable":true,"href":"https:\/\/diariodominicano.com\/index.php?rest_route=%2Fwp%2Fv2%2Fcategories&post=70887"},{"taxonomy":"post_tag","embeddable":true,"href":"https:\/\/diariodominicano.com\/index.php?rest_route=%2Fwp%2Fv2%2Ftags&post=70887"}],"curies":[{"name":"wp","href":"https:\/\/api.w.org\/{rel}","templated":true}]}}