{"id":70885,"date":"2008-06-13T17:56:18","date_gmt":"2008-06-13T17:56:18","guid":{"rendered":"http:\/\/diariodominicano.ddns.net\/?p=70885"},"modified":"2008-06-13T17:56:18","modified_gmt":"2008-06-13T17:56:18","slug":"operan-con-exito-a-compositor-goran-bregovic-tras-ruptura-de-una-vertebra","status":"publish","type":"post","link":"https:\/\/diariodominicano.com\/?p=70885","title":{"rendered":"Operan con \u00e9xito a compositor Goran Bregovic tras ruptura de una v\u00e9rtebra"},"content":{"rendered":"<p><body><\/p>\n<p align=\"justify\"><span class=\"titulogrande1\">Operan con \u00e9xito a compositor Goran Bregovic tras ruptura de  una v\u00e9rtebra <\/span><br \/>&#13;<br \/>\n  <br \/>&#13;<br \/>\n    <span class=\"text1noticias\">El m\u00fasico, autor de las bandas sonoras de Tiempo de gitanos  y Underground, y quien toc\u00f3 en Chile el verano pasado, se cay\u00f3 de un \u00e1rbol de  su casa. <br \/>&#13;<br \/>\n    <br \/>&#13;<br \/>\nEFE <\/span><\/p>\n<p>&#13;<\/p>\n<p align=\"justify\" class=\"text1noticias\"><img loading=\"lazy\" decoding=\"async\" src=\"http:\/\/localhost:8080\/img\/goran bregovic.jpg\" width=\"375\" height=\"270\" hspace=\"4\" align=\"left\" \/>El m\u00fasico serbio Goran Bregovic, que se rompi\u00f3 ayer una  v\u00e9rtebra al caerse de un \u00e1rbol en el jard\u00edn de su casa, fue operado hoy de la  fractura y su estado es \u00absatisfactorio\u00bb, informaron fuentes m\u00e9dicas.<br \/>&#13;<br \/>\n  <br \/>&#13;<br \/>\n\u00abSe le ha realizado con \u00e9xito la estabilizaci\u00f3n de la  primera v\u00e9rtebra lumbar\u00bb, indicaron a la agencia de noticias Tanjug en el  servicio de urgencias del Centro Cl\u00ednico de Belgrado, donde Bregovic fue  intervenido quir\u00fargicamente.<br \/>&#13;<br \/>\n<br \/>&#13;<br \/>\nSeg\u00fan la fuente, \u00abel curso postoperatorio es  satisfactorio\u00bb.<br \/>&#13;<br \/>\n<br \/> &#13;<br \/>\nBregovic se cay\u00f3 de un cerezo de m\u00e1s de cuatro metros de  altura en el patio de su casa, situada en el barrio belgradense de Senjak, una  zona de lujo de la capital serbia.<br \/>&#13;<br \/>\n<br \/>&#13;<br \/>\nFuente: La Tercera de Chile <br \/>&#13;<br \/>\n<br \/>&#13;<br \/>\nEse m\u00fasico, nacido en Sarajevo en 1950 de madre serbia y  padre croata, vive en Belgrado desde la d\u00e9cada pasada. Es conocido por haber  compuesto la banda sonora de las pel\u00edculas Tiempo de gitanos (1988) y  Underground (1995), del director serbio Emir Kusturica, y actualmente toca con  la llamada \u00abOrquesta para bodas y funerales\u00bb, formaci\u00f3n con la que  dio unos recordados conciertos en el verano pasado en el pa\u00eds, incluyendo uno gratuito  en el balneario de Cartagena.<br \/>&#13;<br \/>\n<br \/>&#13;\n<\/p>\n<p>&#13;<\/p>\n<h6> 2008-06-13 17:56:18 <\/h6>\n<p><!--\n<link rel=\"stylesheet\" href=\"css\/bootstrap.min.css\">\n\n\n<ul class=\"pagination\">\n\t    \n\t\n\n<li >\n\t<a href='?page_no=22562'>Previous<\/a>\n\t<\/li>\n\n\n       \n    \n\n<li><a href='?page_no=1'>1<\/a><\/li>\n\n\n\n<li><a href='?page_no=2'>2<\/a><\/li>\n\n\n\n<li><a>...<\/a><\/li>\n\n\n\n<li><a href='?page_no=22561'>22561<\/a><\/li>\n\n\n\n<li><a href='?page_no=22562'>22562<\/a><\/li>\n\n\n\n<li class='active'><a>22563<\/a><\/li>\n\n\n\n<li><a href='?page_no=22564'>22564<\/a><\/li>\n\n\n\n<li><a href='?page_no=22565'>22565<\/a><\/li>\n\n\n\n<li><a>...<\/a><\/li>\n\n\n\n<li><a href='?page_no=22911'>22911<\/a><\/li>\n\n\n\n<li><a href='?page_no=22912'>22912<\/a><\/li>\n\n    \n\t\n\n<li >\n\t<a href='?page_no=22564'>Next<\/a>\n\t<\/li>\n\n\n    \n\n<li><a href='?page_no=22912'>Last &rsaquo;&rsaquo;<\/a><\/li>\n\n<\/ul>\n\n\n--><br \/>\n<\/body><\/p>\n","protected":false},"excerpt":{"rendered":"<p>Operan con \u00e9xito a compositor Goran Bregovic tras ruptura de una v\u00e9rtebra &#13; &#13; El m\u00fasico, autor de las bandas sonoras de Tiempo de gitanos y Underground, y quien toc\u00f3 en Chile el verano pasado, se cay\u00f3 de un \u00e1rbol de su casa. &#13; &#13; EFE &#13; El m\u00fasico serbio Goran Bregovic, que se rompi\u00f3 [&hellip;]<\/p>\n","protected":false},"author":3,"featured_media":0,"comment_status":"open","ping_status":"open","sticky":false,"template":"","format":"standard","meta":{"footnotes":""},"categories":[21],"tags":[],"class_list":["post-70885","post","type-post","status-publish","format-standard","hentry","category-cultura"],"_links":{"self":[{"href":"https:\/\/diariodominicano.com\/index.php?rest_route=\/wp\/v2\/posts\/70885","targetHints":{"allow":["GET"]}}],"collection":[{"href":"https:\/\/diariodominicano.com\/index.php?rest_route=\/wp\/v2\/posts"}],"about":[{"href":"https:\/\/diariodominicano.com\/index.php?rest_route=\/wp\/v2\/types\/post"}],"author":[{"embeddable":true,"href":"https:\/\/diariodominicano.com\/index.php?rest_route=\/wp\/v2\/users\/3"}],"replies":[{"embeddable":true,"href":"https:\/\/diariodominicano.com\/index.php?rest_route=%2Fwp%2Fv2%2Fcomments&post=70885"}],"version-history":[{"count":0,"href":"https:\/\/diariodominicano.com\/index.php?rest_route=\/wp\/v2\/posts\/70885\/revisions"}],"wp:attachment":[{"href":"https:\/\/diariodominicano.com\/index.php?rest_route=%2Fwp%2Fv2%2Fmedia&parent=70885"}],"wp:term":[{"taxonomy":"category","embeddable":true,"href":"https:\/\/diariodominicano.com\/index.php?rest_route=%2Fwp%2Fv2%2Fcategories&post=70885"},{"taxonomy":"post_tag","embeddable":true,"href":"https:\/\/diariodominicano.com\/index.php?rest_route=%2Fwp%2Fv2%2Ftags&post=70885"}],"curies":[{"name":"wp","href":"https:\/\/api.w.org\/{rel}","templated":true}]}}