{"id":70883,"date":"2008-06-13T18:01:49","date_gmt":"2008-06-13T18:01:49","guid":{"rendered":"http:\/\/diariodominicano.ddns.net\/?p=70883"},"modified":"2008-06-13T18:01:49","modified_gmt":"2008-06-13T18:01:49","slug":"el-gobierno-digitalizara-los-grandes-archivos-estatales-de-cultura","status":"publish","type":"post","link":"https:\/\/diariodominicano.com\/?p=70883","title":{"rendered":"El Gobierno digitalizar\u00e1 los grandes archivos estatales de Cultura"},"content":{"rendered":"<p><body><\/p>\n<p align=\"justify\"><strong class=\"titulogrande1\">El Gobierno digitalizar\u00e1 los grandes archivos estatales de Cultura<\/strong><br \/>&#13;<br \/>\n  <br \/>&#13;<br \/>\n    <span class=\"text1noticias\">Los fondos, 260 kil\u00f3metros de documentaci\u00f3n, podr\u00e1n ser consultados desde  cualquier ordenador <br \/>&#13;<br \/>\n    <br \/>&#13;<br \/>\n    <strong>EFE<\/strong> &#8211; Madrid &#8211; 13\/06\/2008 <\/span><\/p>\n<p>&#13;<\/p>\n<p align=\"justify\" class=\"text1noticias\">El Consejo de Ministros ha aprobado  hoy el Plan de Digitalizaci\u00f3n y consulta en red de los fondos documentales de  los Archivos Nacionales, que contempla una serie de medidas y actuaciones para  difundir los fondos documentales y facilitar el acceso de los ciudadanos. Dicho  Plan respaldar\u00e1 las actuaciones del Ministerio de Cultura tendentes a asegurar  la difusi\u00f3n y preservaci\u00f3n de la riqueza patrimonial de los archivos, y a  facilitar el acceso a los mismos por parte de los ciudadanos, seg\u00fan la  informaci\u00f3n facilitada por el Ejecutivo.<br \/>&#13;<br \/>\n  <br \/>&#13;<br \/>\n  Desde el a\u00f1o 2004, el Ministerio  de Cultura ha efectuado inversones en este sentido por un total de 6.261.897  euros. <br \/>&#13;<br \/>\n  <br \/>&#13;<br \/>\n  El Plan quiere satisfacer las demandas del acceso de los ciudadanos a  los archivos superando las barreras tradicionales (horarios, desplazamientos y  dispersi\u00f3n de la informaci\u00f3n); potenciar un espacio europeo e internacional; y  contribuir a la oferta de contenidos cualificados para el desarrollo de futuras  industrias culturales y de contenidos en la Red.<br \/>&#13;<br \/>\n  <br \/>&#13;<br \/>\n  Sus medidas fundamentales de  intervenci\u00f3n se estructuran en torno a cuatro ejes de intervenci\u00f3n: normalizaci\u00f3n,  preservaci\u00f3n, difusi\u00f3n y mejora, y construcci\u00f3n de infraestructuras adecuadas.  As\u00ed, se elaborar\u00e1 un anteproyecto de ley que, en el marco de las competencias  estatales, establezca pautas y principios de normalizaci\u00f3n archiv\u00edsticas  adecuados al entorno tecnol\u00f3gico de las organizaciones.<br \/>&#13;<br \/>\n  <br \/>&#13;<br \/>\n  Se elaborar\u00e1 un Programa General  de Digitalizaci\u00f3n para el aumento de las bases de datos digitales y en el a\u00f1o  2008 est\u00e1 programada la digitalizaci\u00f3n de unos cuarenta millones de im\u00e1genes.  Dado que los once archivos estatales del Ministerio de Cultura albergan 260  kil\u00f3metros de documentaci\u00f3n, la digitalizaci\u00f3n completa supondr\u00eda cuatro  billones de im\u00e1genes. Asimismo, incluye un Programa Intensivo de Descripci\u00f3n de  las im\u00e1genes digitalizadas obtenidas en el programa anterior. En el a\u00f1o 2008  esta previsto incrementar un mill\u00f3n de registros informatiz\u00e1ndose inventarios,  cat\u00e1logos e \u00edndices.<br \/>&#13;<br \/>\n  <br \/>&#13;<br \/>\n  <strong>Ayudas a proyectos<\/strong> <br \/>&#13;<br \/>\n  <br \/>&#13;<br \/>\n  Otros objetivos son la difusi\u00f3n  del Portal de Archivos Espa\u00f1oles (PARES) e implantaci\u00f3n de esta tecnolog\u00eda en  los Archivos Iberoamercanos y otros espa\u00f1oles fuera del sistema estatal.  Asimismo, se crear\u00e1 un Programa de Ayudas a Proyectos Archiv\u00edsticos, que da  cobertura a instituciones privadas sin \u00e1nimo de lucro: obispados, fundaciones y  archivos privados, entre otros.<br \/>&#13;<br \/>\n  <br \/>&#13;<br \/>\n  La potenciaci\u00f3n de la presencia de  Espa\u00f1a en el Programa ADAI (Ayudas al Desarrollo Archiv\u00edstico Iberoamericano)  creado por iniciativa de la Cumbre Iberoamericana de jefes de Estado y de  Gobierno, que este a\u00f1o contar\u00e1 con una aportaci\u00f3n espa\u00f1ola de 410.000 euros,  ser\u00e1 otro de los objetivos.<br \/>&#13;<br \/>\n  <br \/>&#13;<br \/>\n  Se desarrollar\u00e1n tambi\u00e9n planes  especiales como los sitio Web siguientes: Conmemoraci\u00f3n de la Independencia  Iberoamericana, el Archivo Virtual de la Mediterraneidad, Centro Documental de  la Memoria Hist\u00f3rica y Portal Europeo de Documentos y Archivos de la Uni\u00f3n  Europea (Archivo Virtual Europeo), que permitan la difusi\u00f3n especializada de  documentaci\u00f3n. En el apartado de infraestructuras, el objetivo es disponer de  una red de archivos modernizada y se centra en inversiones en los archivos  hist\u00f3ricos dependientes del Ministerio de Cultura.<br \/>&#13;<br \/>\n  <br \/>&#13;<br \/>\n  Algunas de ellas ya est\u00e1n  finalizadas o en desarrollo, como en los archivos de Santander, Oviedo, Palma  de Mallorca, Las Palmas y Ourense; otras en proyecto: Zaragoza, Guadalajara,  Girona, Huelva, Le\u00f3n (ampliaci\u00f3n) y Centro Documental de la Memoria Hist\u00f3rica;  o en previsi\u00f3n: Castell\u00f3n, Burgos, C\u00f3rdoba, A Coru\u00f1a y Sevilla. <br \/>&#13;<br \/>\n  <br \/>&#13;<br \/>\n  Asimismo, se va  a crear el Centro de Difusi\u00f3n y Reproducci\u00f3n, una unidad coordinadora de todas  las actuaciones, dependiente de la Direcci\u00f3n General del Libro, Archivos y  Bibliotecas.<\/p>\n<p>&#13;<\/p>\n<h6> 2008-06-13 18:01:49 <\/h6>\n<p><!--\n<link rel=\"stylesheet\" href=\"css\/bootstrap.min.css\">\n\n\n<ul class=\"pagination\">\n\t    \n\t\n\n<li >\n\t<a href='?page_no=22560'>Previous<\/a>\n\t<\/li>\n\n\n       \n    \n\n<li><a href='?page_no=1'>1<\/a><\/li>\n\n\n\n<li><a href='?page_no=2'>2<\/a><\/li>\n\n\n\n<li><a>...<\/a><\/li>\n\n\n\n<li><a href='?page_no=22559'>22559<\/a><\/li>\n\n\n\n<li><a href='?page_no=22560'>22560<\/a><\/li>\n\n\n\n<li class='active'><a>22561<\/a><\/li>\n\n\n\n<li><a href='?page_no=22562'>22562<\/a><\/li>\n\n\n\n<li><a href='?page_no=22563'>22563<\/a><\/li>\n\n\n\n<li><a>...<\/a><\/li>\n\n\n\n<li><a href='?page_no=22911'>22911<\/a><\/li>\n\n\n\n<li><a href='?page_no=22912'>22912<\/a><\/li>\n\n    \n\t\n\n<li >\n\t<a href='?page_no=22562'>Next<\/a>\n\t<\/li>\n\n\n    \n\n<li><a href='?page_no=22912'>Last &rsaquo;&rsaquo;<\/a><\/li>\n\n<\/ul>\n\n\n--><br \/>\n<\/body><\/p>\n","protected":false},"excerpt":{"rendered":"<p>El Gobierno digitalizar\u00e1 los grandes archivos estatales de Cultura&#13; &#13; Los fondos, 260 kil\u00f3metros de documentaci\u00f3n, podr\u00e1n ser consultados desde cualquier ordenador &#13; &#13; EFE &#8211; Madrid &#8211; 13\/06\/2008 &#13; El Consejo de Ministros ha aprobado hoy el Plan de Digitalizaci\u00f3n y consulta en red de los fondos documentales de los Archivos Nacionales, que contempla [&hellip;]<\/p>\n","protected":false},"author":3,"featured_media":0,"comment_status":"open","ping_status":"open","sticky":false,"template":"","format":"standard","meta":{"footnotes":""},"categories":[21],"tags":[],"class_list":["post-70883","post","type-post","status-publish","format-standard","hentry","category-cultura"],"_links":{"self":[{"href":"https:\/\/diariodominicano.com\/index.php?rest_route=\/wp\/v2\/posts\/70883","targetHints":{"allow":["GET"]}}],"collection":[{"href":"https:\/\/diariodominicano.com\/index.php?rest_route=\/wp\/v2\/posts"}],"about":[{"href":"https:\/\/diariodominicano.com\/index.php?rest_route=\/wp\/v2\/types\/post"}],"author":[{"embeddable":true,"href":"https:\/\/diariodominicano.com\/index.php?rest_route=\/wp\/v2\/users\/3"}],"replies":[{"embeddable":true,"href":"https:\/\/diariodominicano.com\/index.php?rest_route=%2Fwp%2Fv2%2Fcomments&post=70883"}],"version-history":[{"count":0,"href":"https:\/\/diariodominicano.com\/index.php?rest_route=\/wp\/v2\/posts\/70883\/revisions"}],"wp:attachment":[{"href":"https:\/\/diariodominicano.com\/index.php?rest_route=%2Fwp%2Fv2%2Fmedia&parent=70883"}],"wp:term":[{"taxonomy":"category","embeddable":true,"href":"https:\/\/diariodominicano.com\/index.php?rest_route=%2Fwp%2Fv2%2Fcategories&post=70883"},{"taxonomy":"post_tag","embeddable":true,"href":"https:\/\/diariodominicano.com\/index.php?rest_route=%2Fwp%2Fv2%2Ftags&post=70883"}],"curies":[{"name":"wp","href":"https:\/\/api.w.org\/{rel}","templated":true}]}}