{"id":70882,"date":"2008-06-13T21:13:31","date_gmt":"2008-06-13T21:13:31","guid":{"rendered":"http:\/\/diariodominicano.ddns.net\/?p=70882"},"modified":"2008-06-13T21:13:31","modified_gmt":"2008-06-13T21:13:31","slug":"milton-morrison-pondra-en-circulacion-libro-la-ruptura-generacional-hacia-una-renovacion-de-la-esperanza","status":"publish","type":"post","link":"https:\/\/diariodominicano.com\/?p=70882","title":{"rendered":"Milton Morrison pondr\u00e1 en circulaci\u00f3n libro La Ruptura Generacional: Hacia una Renovaci\u00f3n de la Esperanza"},"content":{"rendered":"<p><body><\/p>\n<p align=\"justify\" class=\"titulogrande1\"><strong>Milton Morrison pondr\u00e1 en circulaci\u00f3n libro  La Ruptura   Generacional: Hacia una Renovaci\u00f3n de la Esperanza<\/strong> <\/p>\n<p>&#13;<\/p>\n<p align=\"justify\" class=\"text1noticias\"><strong><img loading=\"lazy\" decoding=\"async\" src=\"http:\/\/localhost:8080\/img\/milton morrison.jpg\" width=\"375\" height=\"580\" hspace=\"4\" align=\"left\" \/>Santo Domingo.-<\/strong> El  ingeniero Milton Morrison pondr\u00e1 en circulaci\u00f3n su m\u00e1s reciente\u00a0 libro \u201c<em>La Ruptura Generacional: Hacia una Renovaci\u00f3n de la Esperanza\u201d,<\/em> en un acto que tendr\u00e1 lugar en el  auditorio Manuel del Cabral, de la Biblioteca   Pedro Mir, el pr\u00f3ximo 3 de julio del a\u00f1o en curso.<\/p>\n<p>&#13;<\/p>\n<p align=\"justify\" class=\"text1noticias\">En  el texto el autor hace una serie de planteamientos, que incluye\u00a0 el compromiso social que debe asumir cada  dominicano para mejorar el sistema \u00a0de  partidos pol\u00edticos y\u00a0 la calidad de vida  del pa\u00eds.<\/p>\n<p>&#13;<\/p>\n<p align=\"justify\" class=\"text1noticias\">Aboga  por el fortalecimiento de una democracia participativa, con la integraci\u00f3n de todos  los sectores de la vida nacional, propiciando escenarios de equidad, bienestar,  colectivo, respecto por las leyes y las instituciones.<\/p>\n<p>&#13;<\/p>\n<p align=\"justify\" class=\"text1noticias\">Propone  la creaci\u00f3n de un sistema de partidos a partir de compromisos program\u00e1ticos,  atado a una agenda nacional de desarrollo, consensuada entre los representantes  de los distintos sectores\u00a0 que inciden en  la vida nacional.<\/p>\n<p>&#13;<\/p>\n<p align=\"justify\" class=\"text1noticias\">El  ingeniero Morrison expresa que para el pa\u00eds comenzar un proceso real de  desarrollo humano cimentado en un estado de derecho,\u00a0 debe producirse una ruptura en t\u00e9rminos  pol\u00edticos, y sobre bases democr\u00e1ticas que soslayen aspectos fundamentales del  modus operandis de las generaciones de dominicanos que han dirigido los  destinos del pa\u00eds hasta el momento.<\/p>\n<p>&#13;<\/p>\n<p align=\"justify\" class=\"text1noticias\">Proclama  que la ruptura\u00a0 no\u00a0 podr\u00e1 producirse sin el esfuerzo y  cooperaci\u00f3n de los ciudadanos que entiendan la necesidad de reorientar el pa\u00eds sobre  bases \u00e9ticas, participativas y equitativas, dirigidas por la definici\u00f3n de una  pol\u00edtica econ\u00f3mica con rostro humano.\u00a0 <\/p>\n<p>&#13;<\/p>\n<p align=\"justify\" class=\"text1noticias\">Milton  Morrison (naci\u00f3 en Santo Domingo el 14 de agosto del 1975), es egresado Cum  Laude de la   Facultad Ingenier\u00eda El\u00e9ctrica del Instituto Tecnol\u00f3gico de  Santo Domingo (INTEC), con una especialidad en Estrategias y Regulaci\u00f3n de  Mercados El\u00e9ctricos del Public Utility \u00a0Research Center, de la Universidad de Florida,  y \u00a0una Maestr\u00eda en Planificaci\u00f3n\u00a0 y Desarrollo de Bradford University,  Inglaterra.<\/p>\n<p>&#13;<\/p>\n<p align=\"justify\" class=\"text1noticias\">Fue director de la carrera de Ingenier\u00eda <br \/>&#13;<br \/>\n  <br \/>&#13;<br \/>\n  El\u00e9ctrica de la Universidad INTEC.  Es editor y co-autor de los libros \u201cElectricidad y Desarrollo: El Reto  Dominicano (1996) y las Energ\u00edas Renovables en Rep\u00fablica Dominicana (2001).<\/p>\n<p>&#13;<\/p>\n<p align=\"justify\" class=\"text1noticias\">El  31 de enero del 1999, fue galardonado con el Premio Nacional de la Juventud y en febrero del  2002, fue designado Embajador por la Paz   Mundial por la Interreligious and International Federation of  World Peace (IIFWP).<br \/>&#13;<br \/>\n  <br \/> &#13;<br \/>\nEn el a\u00f1o 2006 fue galardonado con el Premio Personaje  Sobresaliente de la   Rep\u00fablica Dominicana. Es miembro de honor\u00a0 y asesor del Bloque de Organizaciones no  Gubernamentales (BONGs).<\/p>\n<p>&#13;<\/p>\n<div align=\"justify\" class=\"text1noticias\">En el a\u00f1o 2000, participa como miembro de la delegaci\u00f3n dominicana ante las  Naciones Unidas en The Milleniun Declaration: A Response from the Civil Society.  Escribe art\u00edculos de opini\u00f3n en el peri\u00f3dico El Caribe, y ha colaborado en los  peri\u00f3dicos List\u00edn Diario, El Siglo, as\u00ed como en revistas nacionales e  internacionales. Conferencista y expositor en eventos realizados en Rep\u00fablica  Dominicana,\u00a0 Estados Unidos,  Inglaterra,\u00a0 Alemania, Colombia, Costa  Rica, Puerto Rico, Nicaragua, Bolivia, Cuba Santa Lucia, entre otros.<br \/>&#13;\n<\/div>\n<p>&#13;<\/p>\n<h6> 2008-06-13 21:13:31 <\/h6>\n<p><!--\n<link rel=\"stylesheet\" href=\"css\/bootstrap.min.css\">\n\n\n<ul class=\"pagination\">\n\t    \n\t\n\n<li >\n\t<a href='?page_no=22559'>Previous<\/a>\n\t<\/li>\n\n\n       \n    \n\n<li><a href='?page_no=1'>1<\/a><\/li>\n\n\n\n<li><a href='?page_no=2'>2<\/a><\/li>\n\n\n\n<li><a>...<\/a><\/li>\n\n\n\n<li><a href='?page_no=22558'>22558<\/a><\/li>\n\n\n\n<li><a href='?page_no=22559'>22559<\/a><\/li>\n\n\n\n<li class='active'><a>22560<\/a><\/li>\n\n\n\n<li><a href='?page_no=22561'>22561<\/a><\/li>\n\n\n\n<li><a href='?page_no=22562'>22562<\/a><\/li>\n\n\n\n<li><a>...<\/a><\/li>\n\n\n\n<li><a href='?page_no=22911'>22911<\/a><\/li>\n\n\n\n<li><a href='?page_no=22912'>22912<\/a><\/li>\n\n    \n\t\n\n<li >\n\t<a href='?page_no=22561'>Next<\/a>\n\t<\/li>\n\n\n    \n\n<li><a href='?page_no=22912'>Last &rsaquo;&rsaquo;<\/a><\/li>\n\n<\/ul>\n\n\n--><br \/>\n<\/body><\/p>\n","protected":false},"excerpt":{"rendered":"<p>Milton Morrison pondr\u00e1 en circulaci\u00f3n libro La Ruptura Generacional: Hacia una Renovaci\u00f3n de la Esperanza &#13; Santo Domingo.- El ingeniero Milton Morrison pondr\u00e1 en circulaci\u00f3n su m\u00e1s reciente\u00a0 libro \u201cLa Ruptura Generacional: Hacia una Renovaci\u00f3n de la Esperanza\u201d, en un acto que tendr\u00e1 lugar en el auditorio Manuel del Cabral, de la Biblioteca Pedro Mir, [&hellip;]<\/p>\n","protected":false},"author":3,"featured_media":0,"comment_status":"open","ping_status":"open","sticky":false,"template":"","format":"standard","meta":{"footnotes":""},"categories":[21],"tags":[],"class_list":["post-70882","post","type-post","status-publish","format-standard","hentry","category-cultura"],"_links":{"self":[{"href":"https:\/\/diariodominicano.com\/index.php?rest_route=\/wp\/v2\/posts\/70882","targetHints":{"allow":["GET"]}}],"collection":[{"href":"https:\/\/diariodominicano.com\/index.php?rest_route=\/wp\/v2\/posts"}],"about":[{"href":"https:\/\/diariodominicano.com\/index.php?rest_route=\/wp\/v2\/types\/post"}],"author":[{"embeddable":true,"href":"https:\/\/diariodominicano.com\/index.php?rest_route=\/wp\/v2\/users\/3"}],"replies":[{"embeddable":true,"href":"https:\/\/diariodominicano.com\/index.php?rest_route=%2Fwp%2Fv2%2Fcomments&post=70882"}],"version-history":[{"count":0,"href":"https:\/\/diariodominicano.com\/index.php?rest_route=\/wp\/v2\/posts\/70882\/revisions"}],"wp:attachment":[{"href":"https:\/\/diariodominicano.com\/index.php?rest_route=%2Fwp%2Fv2%2Fmedia&parent=70882"}],"wp:term":[{"taxonomy":"category","embeddable":true,"href":"https:\/\/diariodominicano.com\/index.php?rest_route=%2Fwp%2Fv2%2Fcategories&post=70882"},{"taxonomy":"post_tag","embeddable":true,"href":"https:\/\/diariodominicano.com\/index.php?rest_route=%2Fwp%2Fv2%2Ftags&post=70882"}],"curies":[{"name":"wp","href":"https:\/\/api.w.org\/{rel}","templated":true}]}}