{"id":70881,"date":"2008-06-13T21:17:19","date_gmt":"2008-06-13T21:17:19","guid":{"rendered":"http:\/\/diariodominicano.ddns.net\/?p=70881"},"modified":"2008-06-13T21:17:19","modified_gmt":"2008-06-13T21:17:19","slug":"uasd-presenta-la-obra-politica-economica-y-competitividad","status":"publish","type":"post","link":"https:\/\/diariodominicano.com\/?p=70881","title":{"rendered":"UASD Presenta la Obra Pol\u00edtica Econ\u00f3mica y Competitividad"},"content":{"rendered":"<p><body><\/p>\n<p align=\"justify\" class=\"titulogrande1\"><strong>UASD Presenta la Obra Pol\u00edtica  Econ\u00f3mica y Competitividad del Profesor V\u00edctor  Manuel Pe\u00f1a<\/strong><\/p>\n<p>&#13;<\/p>\n<p align=\"justify\" class=\"text1noticias\"><strong><img loading=\"lazy\" decoding=\"async\" src=\"http:\/\/localhost:8080\/img\/victor pena.jpg\" width=\"375\" height=\"252\" hspace=\"4\" align=\"left\" \/>Santo Domingo.-<\/strong> La Universidad Aut\u00f3noma de Santo Domingo puso a circular la obra \u201cPol\u00edtica  Econ\u00f3mica y Competitividad: El caso de la Rep\u00fablica Dominicana  1990-2000\u201d,  de la autor\u00eda del profesor de esta academia V\u00edctor Manuel Pe\u00f1a.<br \/>&#13;<br \/>\n  <br \/>&#13;<br \/>\n  En un acto celebrado en el auditorio Profesor Ricardo  Michel de la Facultad  de Ciencias Econ\u00f3micas y Sociales, el autor de la obra, quien es Intendente de  Valores, dijo que espera que la misma se constituya en un modesto aporte al  estudio del\u00a0 tema de la competitividad.<br \/>&#13;<br \/>\n  <br \/>&#13;<br \/>\n  Asimismo, Pe\u00f1a espera que esta nueva producci\u00f3n suya \u201csea  un estimulo a la realizaci\u00f3n de un intenso debate sobre la competitividad de la  econom\u00eda dominicana\u201d, al tiempo de manifestar la necesidad de que el pa\u00eds realice  cambios sist\u00e9micos mediante la innovaci\u00f3n.<br \/>&#13;<br \/>\n  <br \/>&#13;<br \/>\n  La obra \u201cPol\u00edtica Econ\u00f3mica y Competitividad: El caso  de la Rep\u00fablica Dominicana  1990-2000\u201d,  fue la tesis con la cual el profesor Pe\u00f1a obtuvo el t\u00edtulo de doctor en Econom\u00eda  de la Universidad  del Pa\u00eds Vasco, obteniendo el lauro acad\u00e9mico de Cum Laude. <br \/>&#13;<br \/>\n  <br \/>&#13;<br \/>\n  Las palabras\u00a0 de presentaci\u00f3n de la obra  estuvieron a cargo del subsecretario de Industria y Comercio, Marcelo Puello,  quien explic\u00f3 que el proceso de competitividad en las d\u00e9cadas de los noventa,  entre otros, est\u00e1 debidamente detallado en este libro.<br \/>&#13;<br \/>\n  <br \/>&#13;<br \/>\n  La mesa de honor  estuvo compuesta, adem\u00e1s de los ya mencionados, por el Vicerrector Docente,  doctor Iv\u00e1n Grull\u00f3n; el Vicerrector de Extensi\u00f3n, licenciado Rafael Nino F\u00e9liz;  la Vicerrectora  de Investigaci\u00f3n y Postgrado, doctora Josefina Copplind; el Decano de la Facultad de Ciencias  Econ\u00f3micas y Sociales, licenciado Juan Antonio Cerda Luna y Eduviges Miguelina  P\u00e9rez de Pe\u00f1a, esposa del autor. <\/p>\n<p>&#13;<\/p>\n<h6> 2008-06-13 21:17:19 <\/h6>\n<p><!--\n<link rel=\"stylesheet\" href=\"css\/bootstrap.min.css\">\n\n\n<ul class=\"pagination\">\n\t    \n\t\n\n<li >\n\t<a href='?page_no=22558'>Previous<\/a>\n\t<\/li>\n\n\n       \n    \n\n<li><a href='?page_no=1'>1<\/a><\/li>\n\n\n\n<li><a href='?page_no=2'>2<\/a><\/li>\n\n\n\n<li><a>...<\/a><\/li>\n\n\n\n<li><a href='?page_no=22557'>22557<\/a><\/li>\n\n\n\n<li><a href='?page_no=22558'>22558<\/a><\/li>\n\n\n\n<li class='active'><a>22559<\/a><\/li>\n\n\n\n<li><a href='?page_no=22560'>22560<\/a><\/li>\n\n\n\n<li><a href='?page_no=22561'>22561<\/a><\/li>\n\n\n\n<li><a>...<\/a><\/li>\n\n\n\n<li><a href='?page_no=22911'>22911<\/a><\/li>\n\n\n\n<li><a href='?page_no=22912'>22912<\/a><\/li>\n\n    \n\t\n\n<li >\n\t<a href='?page_no=22560'>Next<\/a>\n\t<\/li>\n\n\n    \n\n<li><a href='?page_no=22912'>Last &rsaquo;&rsaquo;<\/a><\/li>\n\n<\/ul>\n\n\n--><br \/>\n<\/body><\/p>\n","protected":false},"excerpt":{"rendered":"<p>UASD Presenta la Obra Pol\u00edtica Econ\u00f3mica y Competitividad del Profesor V\u00edctor Manuel Pe\u00f1a &#13; Santo Domingo.- La Universidad Aut\u00f3noma de Santo Domingo puso a circular la obra \u201cPol\u00edtica Econ\u00f3mica y Competitividad: El caso de la Rep\u00fablica Dominicana 1990-2000\u201d, de la autor\u00eda del profesor de esta academia V\u00edctor Manuel Pe\u00f1a.&#13; &#13; En un acto celebrado en [&hellip;]<\/p>\n","protected":false},"author":3,"featured_media":0,"comment_status":"open","ping_status":"open","sticky":false,"template":"","format":"standard","meta":{"footnotes":""},"categories":[21],"tags":[],"class_list":["post-70881","post","type-post","status-publish","format-standard","hentry","category-cultura"],"_links":{"self":[{"href":"https:\/\/diariodominicano.com\/index.php?rest_route=\/wp\/v2\/posts\/70881","targetHints":{"allow":["GET"]}}],"collection":[{"href":"https:\/\/diariodominicano.com\/index.php?rest_route=\/wp\/v2\/posts"}],"about":[{"href":"https:\/\/diariodominicano.com\/index.php?rest_route=\/wp\/v2\/types\/post"}],"author":[{"embeddable":true,"href":"https:\/\/diariodominicano.com\/index.php?rest_route=\/wp\/v2\/users\/3"}],"replies":[{"embeddable":true,"href":"https:\/\/diariodominicano.com\/index.php?rest_route=%2Fwp%2Fv2%2Fcomments&post=70881"}],"version-history":[{"count":0,"href":"https:\/\/diariodominicano.com\/index.php?rest_route=\/wp\/v2\/posts\/70881\/revisions"}],"wp:attachment":[{"href":"https:\/\/diariodominicano.com\/index.php?rest_route=%2Fwp%2Fv2%2Fmedia&parent=70881"}],"wp:term":[{"taxonomy":"category","embeddable":true,"href":"https:\/\/diariodominicano.com\/index.php?rest_route=%2Fwp%2Fv2%2Fcategories&post=70881"},{"taxonomy":"post_tag","embeddable":true,"href":"https:\/\/diariodominicano.com\/index.php?rest_route=%2Fwp%2Fv2%2Ftags&post=70881"}],"curies":[{"name":"wp","href":"https:\/\/api.w.org\/{rel}","templated":true}]}}