{"id":70877,"date":"2008-06-16T21:14:24","date_gmt":"2008-06-16T21:14:24","guid":{"rendered":"http:\/\/diariodominicano.ddns.net\/?p=70877"},"modified":"2008-06-16T21:14:24","modified_gmt":"2008-06-16T21:14:24","slug":"las-lenguas-regionales-atentan-contra-la-identidad-nacional","status":"publish","type":"post","link":"https:\/\/diariodominicano.com\/?p=70877","title":{"rendered":"\u00abLas lenguas regionales atentan contra la identidad nacional\u00bb"},"content":{"rendered":"<p><body><\/p>\n<p align=\"justify\"><strong class=\"titulogrande1\">\u00abLas lenguas regionales atentan contra la identidad nacional\u00bb<\/strong><br \/>&#13;<br \/>\n  <br \/>&#13;<br \/>\n    <span class=\"text1noticias\">La Academia francesa pide que no se incluyan bret\u00f3n, vasco o catal\u00e1n en la  reforma constitucional <br \/>&#13;<br \/>\n    <br \/>&#13;<br \/>\n    <strong>ELPA\u00cdS.com<\/strong> &#8211; Madrid &#8211; 16\/06\/2008 <\/span><\/p>\n<p>&#13;<\/p>\n<p align=\"justify\" class=\"text1noticias\">La Academia francesa ha hecho  p\u00fablico su malestar tras conocer que las lenguas regionales ocupar\u00e1n un lugar  dentro de un proyecto de reforma de la Constituci\u00f3n. Se trata de algo que  \u00abatenta contra la identidad nacional\u00bb, seg\u00fan la instituci\u00f3n.  \u00abDespu\u00e9s de cinco siglos, la lengua francesa ha forjado Francia. (\u2026)  Nuestra Constituci\u00f3n se\u00f1ala, en su art\u00edculo segundo, el reconocimiento de esta  evidencia: la lengua de la Rep\u00fablica es el franc\u00e9s\u00bb, sostienen los  acad\u00e9micos en una declaraci\u00f3n p\u00fablica que supone un paso \u00abextremadamente  excepcional\u00bb.<br \/>&#13;<br \/>\n  <br \/>&#13;<br \/>\n  Los miembros de la academia  consideran que se ha cometido un \u00abatentado contra la identidad nacional\u201d  cuando los diputados ha aceptado un texto que propone a\u00f1adir una frase al  art\u00edculo primero de la Constituci\u00f3n que se\u00f1ale que \u00ablas lenguas regionales  pertenecen a su patrimonio\u00bb. Tal enmienda ha sido aceptada casi por  unanimidad en el proyecto de ley sobre la reforma de las instituciones que est\u00e1  siendo sometido a examen.<br \/>&#13;<br \/>\n  <br \/>&#13;<br \/>\n  <strong>El franc\u00e9s, relegado<\/strong> <br \/>&#13;<br \/>\n  <br \/>&#13;<br \/>\n  La Academia francesa, que ha  recibido el encargo de \u00abvelar por la lengua francesa y por su  proyecci\u00f3n\u00bb, solicita \u00abla retirada del texto, cuyos objetivos pueden  y deben expresarse en otra parte, pero que no tienen cabida en la  Constituci\u00f3n\u00bb. Los acad\u00e9micos insisten en que la primac\u00eda dada a la  lenguas regionales har\u00eda que a partir de ahora estuviesen inscritas en el  art\u00edculo primero de la Constituci\u00f3n, mientras que la lengua francesa quedar\u00eda  relegada al art\u00edculo segundo.<br \/>&#13;<br \/>\n  <br \/>&#13;<br \/>\n  Bret\u00f3n (500.000 hablantes),  alsaciano (sin cifras), catal\u00e1n (4.000.000 hablantes), corso (140.000 hablantes),  occitano (1.900.000 hablantes), criollo (sin cifras), bearn\u00e9s (sin cifras),  picardo (sin cifras), val\u00f3n (sin cifras), vasco (700.000 hablantes)*\u2026 Francia  cuenta con casi 75 lenguas regionales, seg\u00fan los diputados, que no quieren que  se extinga tal patrimonio. Fundada en 1635 por el cardenal de Richelieu, la  Academia francesa tiene como funci\u00f3n principal velar por el respeto de la  lengua francesa y de componer el diccionario.<br \/>&#13;<br \/>\n  <br \/>&#13;<br \/>\n  * Las cifras refieren el total de  hablantes que tienen tal lengua como propia, y no s\u00f3lo a los hablantes en  territorio franc\u00e9s.<\/p>\n<p>&#13;<\/p>\n<h6> 2008-06-16 21:14:24 <\/h6>\n<p><!--\n<link rel=\"stylesheet\" href=\"css\/bootstrap.min.css\">\n\n\n<ul class=\"pagination\">\n\t    \n\t\n\n<li >\n\t<a href='?page_no=22554'>Previous<\/a>\n\t<\/li>\n\n\n       \n    \n\n<li><a href='?page_no=1'>1<\/a><\/li>\n\n\n\n<li><a href='?page_no=2'>2<\/a><\/li>\n\n\n\n<li><a>...<\/a><\/li>\n\n\n\n<li><a href='?page_no=22553'>22553<\/a><\/li>\n\n\n\n<li><a href='?page_no=22554'>22554<\/a><\/li>\n\n\n\n<li class='active'><a>22555<\/a><\/li>\n\n\n\n<li><a href='?page_no=22556'>22556<\/a><\/li>\n\n\n\n<li><a href='?page_no=22557'>22557<\/a><\/li>\n\n\n\n<li><a>...<\/a><\/li>\n\n\n\n<li><a href='?page_no=22911'>22911<\/a><\/li>\n\n\n\n<li><a href='?page_no=22912'>22912<\/a><\/li>\n\n    \n\t\n\n<li >\n\t<a href='?page_no=22556'>Next<\/a>\n\t<\/li>\n\n\n    \n\n<li><a href='?page_no=22912'>Last &rsaquo;&rsaquo;<\/a><\/li>\n\n<\/ul>\n\n\n--><br \/>\n<\/body><\/p>\n","protected":false},"excerpt":{"rendered":"<p>\u00abLas lenguas regionales atentan contra la identidad nacional\u00bb&#13; &#13; La Academia francesa pide que no se incluyan bret\u00f3n, vasco o catal\u00e1n en la reforma constitucional &#13; &#13; ELPA\u00cdS.com &#8211; Madrid &#8211; 16\/06\/2008 &#13; La Academia francesa ha hecho p\u00fablico su malestar tras conocer que las lenguas regionales ocupar\u00e1n un lugar dentro de un proyecto de [&hellip;]<\/p>\n","protected":false},"author":3,"featured_media":0,"comment_status":"open","ping_status":"open","sticky":false,"template":"","format":"standard","meta":{"footnotes":""},"categories":[21],"tags":[],"class_list":["post-70877","post","type-post","status-publish","format-standard","hentry","category-cultura"],"_links":{"self":[{"href":"https:\/\/diariodominicano.com\/index.php?rest_route=\/wp\/v2\/posts\/70877","targetHints":{"allow":["GET"]}}],"collection":[{"href":"https:\/\/diariodominicano.com\/index.php?rest_route=\/wp\/v2\/posts"}],"about":[{"href":"https:\/\/diariodominicano.com\/index.php?rest_route=\/wp\/v2\/types\/post"}],"author":[{"embeddable":true,"href":"https:\/\/diariodominicano.com\/index.php?rest_route=\/wp\/v2\/users\/3"}],"replies":[{"embeddable":true,"href":"https:\/\/diariodominicano.com\/index.php?rest_route=%2Fwp%2Fv2%2Fcomments&post=70877"}],"version-history":[{"count":0,"href":"https:\/\/diariodominicano.com\/index.php?rest_route=\/wp\/v2\/posts\/70877\/revisions"}],"wp:attachment":[{"href":"https:\/\/diariodominicano.com\/index.php?rest_route=%2Fwp%2Fv2%2Fmedia&parent=70877"}],"wp:term":[{"taxonomy":"category","embeddable":true,"href":"https:\/\/diariodominicano.com\/index.php?rest_route=%2Fwp%2Fv2%2Fcategories&post=70877"},{"taxonomy":"post_tag","embeddable":true,"href":"https:\/\/diariodominicano.com\/index.php?rest_route=%2Fwp%2Fv2%2Ftags&post=70877"}],"curies":[{"name":"wp","href":"https:\/\/api.w.org\/{rel}","templated":true}]}}