{"id":70876,"date":"2008-06-16T21:16:56","date_gmt":"2008-06-16T21:16:56","guid":{"rendered":"http:\/\/diariodominicano.ddns.net\/?p=70876"},"modified":"2008-06-16T21:16:56","modified_gmt":"2008-06-16T21:16:56","slug":"discograficas-independientes-recurren-la-fusion-entre-sony-y-bmg","status":"publish","type":"post","link":"https:\/\/diariodominicano.com\/?p=70876","title":{"rendered":"Discogr\u00e1ficas independientes recurren la fusi\u00f3n entre Sony y BMG"},"content":{"rendered":"<p><body><\/p>\n<p align=\"justify\"><strong class=\"titulogrande1\">Discogr\u00e1ficas independientes recurren la fusi\u00f3n entre Sony y BMG<\/strong><br \/>&#13;<br \/>\n  <br \/>&#13;<br \/>\n    <span class=\"text1noticias\">La nueva autorizaci\u00f3n de la Comisi\u00f3n Europea anula la prohibici\u00f3n del a\u00f1o  2006 <br \/>&#13;<br \/>\n    <br \/>&#13;<br \/>\n    <strong>EFE<\/strong> &#8211; Bruselas &#8211; 16\/06\/2008 <\/span><\/p>\n<p>&#13;<\/p>\n<p align=\"justify\" class=\"text1noticias\">La asociaci\u00f3n de discogr\u00e1ficas independientes,  Impala, ha presentado un nuevo recurso ante la justicia europea contra la  decisi\u00f3n de Bruselas de autorizar sin condiciones la fusi\u00f3n entre los sellos  Sony y BMG.<br \/>&#13;<br \/>\n  <br \/>&#13;<br \/>\n  La Comisi\u00f3n Europea dio su visto  bueno a la fusi\u00f3n de la japonesa Sony y la alemana BMG en el a\u00f1o 2004, pero el  Tribunal de la UE anul\u00f3 la autorizaci\u00f3n dos a\u00f1os despu\u00e9s, tras una apelaci\u00f3n de  Impala. Bruselas reexamin\u00f3 la operaci\u00f3n y la volvi\u00f3 a aprobar sin condiciones  en octubre del a\u00f1o pasado.<br \/>&#13;<br \/>\n  <br \/>&#13;<br \/>\n  En un comunicado, Impala ha  explicado hoy que el ejecutivo de la UE repiti\u00f3 \u00abmuchos de sus  errores\u00bb al revisar el caso, y ha insistido en que no deber\u00edan permitirse  fusiones sin imponerles estrictos requisitos para mantener la competencia, dada  la elevada concentraci\u00f3n del negocio musical.<br \/>&#13;<br \/>\n  <br \/>&#13;<br \/>\n  Adem\u00e1s, la asociaci\u00f3n asegura que  debido a las barreras a las que se enfrentan las peque\u00f1as compa\u00f1\u00edas el 95% de  la m\u00fasica que llega a los consumidores (a trav\u00e9s de la radio, las tiendas e  Internet) est\u00e1 controlada por las cuatro grandes multinacionales que dominan el  sector.<\/p>\n<p>&#13;<\/p>\n<h6> 2008-06-16 21:16:56 <\/h6>\n<p><!--\n<link rel=\"stylesheet\" href=\"css\/bootstrap.min.css\">\n\n\n<ul class=\"pagination\">\n\t    \n\t\n\n<li >\n\t<a href='?page_no=22553'>Previous<\/a>\n\t<\/li>\n\n\n       \n    \n\n<li><a href='?page_no=1'>1<\/a><\/li>\n\n\n\n<li><a href='?page_no=2'>2<\/a><\/li>\n\n\n\n<li><a>...<\/a><\/li>\n\n\n\n<li><a href='?page_no=22552'>22552<\/a><\/li>\n\n\n\n<li><a href='?page_no=22553'>22553<\/a><\/li>\n\n\n\n<li class='active'><a>22554<\/a><\/li>\n\n\n\n<li><a href='?page_no=22555'>22555<\/a><\/li>\n\n\n\n<li><a href='?page_no=22556'>22556<\/a><\/li>\n\n\n\n<li><a>...<\/a><\/li>\n\n\n\n<li><a href='?page_no=22911'>22911<\/a><\/li>\n\n\n\n<li><a href='?page_no=22912'>22912<\/a><\/li>\n\n    \n\t\n\n<li >\n\t<a href='?page_no=22555'>Next<\/a>\n\t<\/li>\n\n\n    \n\n<li><a href='?page_no=22912'>Last &rsaquo;&rsaquo;<\/a><\/li>\n\n<\/ul>\n\n\n--><br \/>\n<\/body><\/p>\n","protected":false},"excerpt":{"rendered":"<p>Discogr\u00e1ficas independientes recurren la fusi\u00f3n entre Sony y BMG&#13; &#13; La nueva autorizaci\u00f3n de la Comisi\u00f3n Europea anula la prohibici\u00f3n del a\u00f1o 2006 &#13; &#13; EFE &#8211; Bruselas &#8211; 16\/06\/2008 &#13; La asociaci\u00f3n de discogr\u00e1ficas independientes, Impala, ha presentado un nuevo recurso ante la justicia europea contra la decisi\u00f3n de Bruselas de autorizar sin condiciones [&hellip;]<\/p>\n","protected":false},"author":3,"featured_media":0,"comment_status":"open","ping_status":"open","sticky":false,"template":"","format":"standard","meta":{"footnotes":""},"categories":[21],"tags":[],"class_list":["post-70876","post","type-post","status-publish","format-standard","hentry","category-cultura"],"_links":{"self":[{"href":"https:\/\/diariodominicano.com\/index.php?rest_route=\/wp\/v2\/posts\/70876","targetHints":{"allow":["GET"]}}],"collection":[{"href":"https:\/\/diariodominicano.com\/index.php?rest_route=\/wp\/v2\/posts"}],"about":[{"href":"https:\/\/diariodominicano.com\/index.php?rest_route=\/wp\/v2\/types\/post"}],"author":[{"embeddable":true,"href":"https:\/\/diariodominicano.com\/index.php?rest_route=\/wp\/v2\/users\/3"}],"replies":[{"embeddable":true,"href":"https:\/\/diariodominicano.com\/index.php?rest_route=%2Fwp%2Fv2%2Fcomments&post=70876"}],"version-history":[{"count":0,"href":"https:\/\/diariodominicano.com\/index.php?rest_route=\/wp\/v2\/posts\/70876\/revisions"}],"wp:attachment":[{"href":"https:\/\/diariodominicano.com\/index.php?rest_route=%2Fwp%2Fv2%2Fmedia&parent=70876"}],"wp:term":[{"taxonomy":"category","embeddable":true,"href":"https:\/\/diariodominicano.com\/index.php?rest_route=%2Fwp%2Fv2%2Fcategories&post=70876"},{"taxonomy":"post_tag","embeddable":true,"href":"https:\/\/diariodominicano.com\/index.php?rest_route=%2Fwp%2Fv2%2Ftags&post=70876"}],"curies":[{"name":"wp","href":"https:\/\/api.w.org\/{rel}","templated":true}]}}