{"id":70875,"date":"2008-06-16T23:27:04","date_gmt":"2008-06-16T23:27:04","guid":{"rendered":"http:\/\/diariodominicano.ddns.net\/?p=70875"},"modified":"2008-06-16T23:27:04","modified_gmt":"2008-06-16T23:27:04","slug":"abren-escuela-de-arte-en-san-cristobal","status":"publish","type":"post","link":"https:\/\/diariodominicano.com\/?p=70875","title":{"rendered":"Abren escuela de arte en San Crist\u00f3bal"},"content":{"rendered":"<p><body><\/p>\n<p class=\"titulogrande1\">Abren escuela de arte en San Crist\u00f3bal<\/p>\n<p>&#13;<\/p>\n<p align=\"justify\" class=\"text1noticias\"><strong><img loading=\"lazy\" decoding=\"async\" src=\"http:\/\/localhost:8080\/img\/musica.jpg\" width=\"375\" height=\"508\" hspace=\"4\" align=\"left\" \/>SAN CRIST\u00d3BAL.-<\/strong>  Una Escuela de Arte fue puesta en funcionamiento por el ayuntamiento de este  municipio. <br \/>&#13;<br \/>\n  <br \/>&#13;<br \/>\nEs dirigida por el profesor Leovigildo Javier. <\/p>\n<p>&#13;<\/p>\n<p align=\"justify\" class=\"text1noticias\">El acto de  apertura de esta Escuela que funcionar\u00e1 en el parque H\u00e9ctor Garc\u00eda Godoy  (Radham\u00e9s) fue presidido por el s\u00edndico Jos\u00e9 Mont\u00e1s.<\/p>\n<p>&#13;<\/p>\n<p align=\"justify\" class=\"text1noticias\">A la actividad a  la que asistieron decenas de ni\u00f1os y j\u00f3venes, el Ejecutivo Municipal se\u00f1al\u00f3 que  \u201clas bellas artes han encontrado un gran aliado en el Ayuntamiento\u201d.<\/p>\n<p>&#13;<\/p>\n<p align=\"justify\" class=\"text1noticias\">Se\u00f1al\u00f3 que desde  que lleg\u00f3 a la posici\u00f3n hizo un compromiso de ser un colaborador constante de  las actividades deportivas y culturales.<\/p>\n<p>&#13;<\/p>\n<p align=\"justify\" class=\"text1noticias\">En el acto  entreg\u00f3 instrumentos musicales musicales por m\u00e1s de RD$600,000.<\/p>\n<p>&#13;<\/p>\n<p align=\"justify\" class=\"text1noticias\"> De su lado Javier  se\u00f1al\u00f3 que en esta Escuela los ni\u00f1os y j\u00f3venes podr\u00e1n capacitarse en canto,  pintura, teatro, m\u00fasica y artes pl\u00e1sticas, entre otras manifestaciones.<\/p>\n<p>&#13;<\/p>\n<p align=\"justify\" class=\"text1noticias\">En la actividad  fueron realizadas varias presentaciones teatrales y art\u00edsticas a cargo de ni\u00f1os  y adolescentes de aqu\u00ed.<\/p>\n<p>&#13;<\/p>\n<p align=\"justify\" class=\"text1noticias\">Al acto  asistieron el regidor Jos\u00e9 Rom\u00e1n Garc\u00eda Mont\u00e1s, el presidente de la Refiner\u00eda Dominicana  de Petr\u00f3leo (REFIDOMSA), Rub\u00e9n Mont\u00e1s: Blanca Kais Barinas, representante de la  secretar\u00eda de Cultura y el secretario general del cabildo, Jos\u00e9 Napole\u00f3n  Dom\u00ednguez, entre otros. <\/p>\n<p>&#13;<\/p>\n<h6> 2008-06-16 23:27:04 <\/h6>\n<p><!--\n<link rel=\"stylesheet\" href=\"css\/bootstrap.min.css\">\n\n\n<ul class=\"pagination\">\n\t    \n\t\n\n<li >\n\t<a href='?page_no=22552'>Previous<\/a>\n\t<\/li>\n\n\n       \n    \n\n<li><a href='?page_no=1'>1<\/a><\/li>\n\n\n\n<li><a href='?page_no=2'>2<\/a><\/li>\n\n\n\n<li><a>...<\/a><\/li>\n\n\n\n<li><a href='?page_no=22551'>22551<\/a><\/li>\n\n\n\n<li><a href='?page_no=22552'>22552<\/a><\/li>\n\n\n\n<li class='active'><a>22553<\/a><\/li>\n\n\n\n<li><a href='?page_no=22554'>22554<\/a><\/li>\n\n\n\n<li><a href='?page_no=22555'>22555<\/a><\/li>\n\n\n\n<li><a>...<\/a><\/li>\n\n\n\n<li><a href='?page_no=22911'>22911<\/a><\/li>\n\n\n\n<li><a href='?page_no=22912'>22912<\/a><\/li>\n\n    \n\t\n\n<li >\n\t<a href='?page_no=22554'>Next<\/a>\n\t<\/li>\n\n\n    \n\n<li><a href='?page_no=22912'>Last &rsaquo;&rsaquo;<\/a><\/li>\n\n<\/ul>\n\n\n--><br \/>\n<\/body><\/p>\n","protected":false},"excerpt":{"rendered":"<p>Abren escuela de arte en San Crist\u00f3bal &#13; SAN CRIST\u00d3BAL.- Una Escuela de Arte fue puesta en funcionamiento por el ayuntamiento de este municipio. &#13; &#13; Es dirigida por el profesor Leovigildo Javier. &#13; El acto de apertura de esta Escuela que funcionar\u00e1 en el parque H\u00e9ctor Garc\u00eda Godoy (Radham\u00e9s) fue presidido por el s\u00edndico [&hellip;]<\/p>\n","protected":false},"author":3,"featured_media":0,"comment_status":"open","ping_status":"open","sticky":false,"template":"","format":"standard","meta":{"footnotes":""},"categories":[21],"tags":[],"class_list":["post-70875","post","type-post","status-publish","format-standard","hentry","category-cultura"],"_links":{"self":[{"href":"https:\/\/diariodominicano.com\/index.php?rest_route=\/wp\/v2\/posts\/70875","targetHints":{"allow":["GET"]}}],"collection":[{"href":"https:\/\/diariodominicano.com\/index.php?rest_route=\/wp\/v2\/posts"}],"about":[{"href":"https:\/\/diariodominicano.com\/index.php?rest_route=\/wp\/v2\/types\/post"}],"author":[{"embeddable":true,"href":"https:\/\/diariodominicano.com\/index.php?rest_route=\/wp\/v2\/users\/3"}],"replies":[{"embeddable":true,"href":"https:\/\/diariodominicano.com\/index.php?rest_route=%2Fwp%2Fv2%2Fcomments&post=70875"}],"version-history":[{"count":0,"href":"https:\/\/diariodominicano.com\/index.php?rest_route=\/wp\/v2\/posts\/70875\/revisions"}],"wp:attachment":[{"href":"https:\/\/diariodominicano.com\/index.php?rest_route=%2Fwp%2Fv2%2Fmedia&parent=70875"}],"wp:term":[{"taxonomy":"category","embeddable":true,"href":"https:\/\/diariodominicano.com\/index.php?rest_route=%2Fwp%2Fv2%2Fcategories&post=70875"},{"taxonomy":"post_tag","embeddable":true,"href":"https:\/\/diariodominicano.com\/index.php?rest_route=%2Fwp%2Fv2%2Ftags&post=70875"}],"curies":[{"name":"wp","href":"https:\/\/api.w.org\/{rel}","templated":true}]}}