{"id":70874,"date":"2008-06-16T23:32:29","date_gmt":"2008-06-16T23:32:29","guid":{"rendered":"http:\/\/diariodominicano.ddns.net\/?p=70874"},"modified":"2008-06-16T23:32:29","modified_gmt":"2008-06-16T23:32:29","slug":"arte-de-incertidumbre-y-entre-muros","status":"publish","type":"post","link":"https:\/\/diariodominicano.com\/?p=70874","title":{"rendered":"Arte de incertidumbre y Entre Muros"},"content":{"rendered":"<p><body><\/p>\n<p><span class=\"titulogrande1\"><strong>Arte de incertidumbre y Entre Muros<\/strong><\/span><strong><br \/>&#13;<br \/>\n  <\/strong><br \/>&#13;<br \/>\n  <span class=\"text1noticias\">Dos exposiciones se  inauguran este jueves 19 en el Centro Cultural de Espa\u00f1a <\/span><\/p>\n<p>&#13;<\/p>\n<p align=\"justify\" class=\"text1noticias\"><strong><img loading=\"lazy\" decoding=\"async\" src=\"http:\/\/localhost:8080\/img\/artes.jpg\" width=\"375\" height=\"1661\" hspace=\"4\" align=\"left\" \/>Santo Domingo.-<\/strong> El Centro Cultural  de Espa\u00f1a se complace en presentar, desde el jueves 19 y hasta el domingo 22, dos  nuevas exposiciones; \u201cArte de la Incertidumbre Santo  Domingo\u201808\u201d que  trata de los desaf\u00edos que cruzan  los inmigrantes al tener que desarraigarse y reubicarse en un nuevo pa\u00eds, y \u201cEntre  Muros\u201d que nos muestra los aspectos sociales y antropol\u00f3gicos que se originan  con la emigraci\u00f3n. <\/p>\n<p>&#13;<\/p>\n<p align=\"justify\" class=\"text1noticias\">El curador de la exposici\u00f3n \u201cEntre Muros\u201d, Reynaldo Thompson, expres\u00f3 que esta muestra  surgi\u00f3 \u201cde la espont\u00e1nea decisi\u00f3n del gobierno americano de construir un muro  ente M\u00e9xico y Estados Unidos\u201d.<\/p>\n<p>&#13;<\/p>\n<p align=\"justify\" class=\"text1noticias\">\u201cArte de la Incertidumbre Santo  Domingo\u201808\u201d  muestra curada por\u00a0 Charo Oquet y David Vardi, est\u00e1  organizada por Edge Zones  Espacio de Arte Contempor\u00e1neo de Miami. Charo Oquet cuenta con una trayectoria  de m\u00e1s de dos d\u00e9cadas tanto en la producci\u00f3n art\u00edstica como en la promoci\u00f3n y  apoyo de j\u00f3venes talentos de todo el mundo. Los proyectos de Edge Zone se  encaminan a la creaci\u00f3n de encuentros entre instituciones y artistas de  diferentes pa\u00edses.<\/p>\n<p>&#13;<\/p>\n<p align=\"justify\" class=\"text1noticias\">Aquellos que se  acerquen al Centro Cultural de Espa\u00f1a podr\u00e1n ver dos exposiciones  colectivas donde artistas de pa\u00edses como Puerto  Rico, Rep\u00fablica\u00a0 Dominicana, El Salvador,  M\u00e9xico, Argentina, Inglaterra, Espa\u00f1a y Estados Unidos muestran su trabajo  desde distintas disciplinas art\u00edsticas como el v\u00eddeo arte, el performance, el  dibujo, el arte sonoro, la escultura, entre otros. <\/p>\n<p>&#13;<\/p>\n<p align=\"justify\" class=\"text1noticias\">Adem\u00e1s el viernes  20 a las 7.30 habr\u00e1 un coloquio \u201cSobre arte y migraci\u00f3n\u201d que ser\u00e1 moderado por  Diane Camber de Bass Miami, y en el que  participar\u00e1n Tumelo Mosaka del Brooklyn Museum, Elvis Fuentes del Museo del  Barrio y el propio Reynaldo Thompson.<\/p>\n<p>&#13;<\/p>\n<p align=\"justify\" class=\"text1noticias\">Ambas muestras estar\u00e1n  s\u00f3lo cuatro d\u00edas en exhibici\u00f3n.<br \/>&#13;<br \/>\n  <br \/> &#13;<br \/>\nUn enriquecedor e interesante evento cultural  en el que participar\u00e1n artistas, cr\u00edticos de arte y p\u00fablico en general.<\/p>\n<p>&#13;<\/p>\n<h6> 2008-06-16 23:32:29 <\/h6>\n<p><!--\n<link rel=\"stylesheet\" href=\"css\/bootstrap.min.css\">\n\n\n<ul class=\"pagination\">\n\t    \n\t\n\n<li >\n\t<a href='?page_no=22551'>Previous<\/a>\n\t<\/li>\n\n\n       \n    \n\n<li><a href='?page_no=1'>1<\/a><\/li>\n\n\n\n<li><a href='?page_no=2'>2<\/a><\/li>\n\n\n\n<li><a>...<\/a><\/li>\n\n\n\n<li><a href='?page_no=22550'>22550<\/a><\/li>\n\n\n\n<li><a href='?page_no=22551'>22551<\/a><\/li>\n\n\n\n<li class='active'><a>22552<\/a><\/li>\n\n\n\n<li><a href='?page_no=22553'>22553<\/a><\/li>\n\n\n\n<li><a href='?page_no=22554'>22554<\/a><\/li>\n\n\n\n<li><a>...<\/a><\/li>\n\n\n\n<li><a href='?page_no=22911'>22911<\/a><\/li>\n\n\n\n<li><a href='?page_no=22912'>22912<\/a><\/li>\n\n    \n\t\n\n<li >\n\t<a href='?page_no=22553'>Next<\/a>\n\t<\/li>\n\n\n    \n\n<li><a href='?page_no=22912'>Last &rsaquo;&rsaquo;<\/a><\/li>\n\n<\/ul>\n\n\n--><br \/>\n<\/body><\/p>\n","protected":false},"excerpt":{"rendered":"<p>Arte de incertidumbre y Entre Muros&#13; &#13; Dos exposiciones se inauguran este jueves 19 en el Centro Cultural de Espa\u00f1a &#13; Santo Domingo.- El Centro Cultural de Espa\u00f1a se complace en presentar, desde el jueves 19 y hasta el domingo 22, dos nuevas exposiciones; \u201cArte de la Incertidumbre Santo Domingo\u201808\u201d que trata de los desaf\u00edos [&hellip;]<\/p>\n","protected":false},"author":3,"featured_media":0,"comment_status":"open","ping_status":"open","sticky":false,"template":"","format":"standard","meta":{"footnotes":""},"categories":[21],"tags":[],"class_list":["post-70874","post","type-post","status-publish","format-standard","hentry","category-cultura"],"_links":{"self":[{"href":"https:\/\/diariodominicano.com\/index.php?rest_route=\/wp\/v2\/posts\/70874","targetHints":{"allow":["GET"]}}],"collection":[{"href":"https:\/\/diariodominicano.com\/index.php?rest_route=\/wp\/v2\/posts"}],"about":[{"href":"https:\/\/diariodominicano.com\/index.php?rest_route=\/wp\/v2\/types\/post"}],"author":[{"embeddable":true,"href":"https:\/\/diariodominicano.com\/index.php?rest_route=\/wp\/v2\/users\/3"}],"replies":[{"embeddable":true,"href":"https:\/\/diariodominicano.com\/index.php?rest_route=%2Fwp%2Fv2%2Fcomments&post=70874"}],"version-history":[{"count":0,"href":"https:\/\/diariodominicano.com\/index.php?rest_route=\/wp\/v2\/posts\/70874\/revisions"}],"wp:attachment":[{"href":"https:\/\/diariodominicano.com\/index.php?rest_route=%2Fwp%2Fv2%2Fmedia&parent=70874"}],"wp:term":[{"taxonomy":"category","embeddable":true,"href":"https:\/\/diariodominicano.com\/index.php?rest_route=%2Fwp%2Fv2%2Fcategories&post=70874"},{"taxonomy":"post_tag","embeddable":true,"href":"https:\/\/diariodominicano.com\/index.php?rest_route=%2Fwp%2Fv2%2Ftags&post=70874"}],"curies":[{"name":"wp","href":"https:\/\/api.w.org\/{rel}","templated":true}]}}