{"id":70873,"date":"2008-06-17T20:18:28","date_gmt":"2008-06-17T20:18:28","guid":{"rendered":"http:\/\/diariodominicano.ddns.net\/?p=70873"},"modified":"2008-06-17T20:18:28","modified_gmt":"2008-06-17T20:18:28","slug":"el-sonar-llena-los-apartamentos-turisticos-de-barcelona","status":"publish","type":"post","link":"https:\/\/diariodominicano.com\/?p=70873","title":{"rendered":"El S\u00f3nar llena los apartamentos tur\u00edsticos de Barcelona"},"content":{"rendered":"<p><body><\/p>\n<p align=\"justify\"><strong class=\"titulogrande1\">El S\u00f3nar llena los apartamentos tur\u00edsticos de Barcelona<\/strong><br \/>&#13;<br \/>\n  <br \/>&#13;<br \/>\n    <span class=\"text1noticias\">La mayor\u00eda de lon inquilinos proceden de Gran Breta\u00f1a, Alemania e Italia <br \/>&#13;<br \/>\n    <br \/>&#13;<br \/>\n    <strong>EFE<\/strong> &#8211; Barcelona &#8211; 17\/06\/2008 <\/span><\/p>\n<p>&#13;<\/p>\n<p align=\"justify\" class=\"text1noticias\"><img loading=\"lazy\" decoding=\"async\" src=\"http:\/\/localhost:8080\/img\/sonar.jpg\" width=\"375\" height=\"183\" hspace=\"4\" align=\"left\" \/>La Asociaci\u00f3n de Apartamentos  Tur\u00edsticos de Barcelona (Apartur) prev\u00e9 una ocupaci\u00f3n del 98% de este tipo de  oferta hotelera durante la celebraci\u00f3n del S\u00f3nar, el festival de m\u00fasica  avanzada y arte multimedia que se celebrar\u00e1 en Barcelona del 19 al 21 de junio.  La mayor\u00eda de las personas que alquilar\u00e1n estos apartamentos proceden de Gran  Breta\u00f1a, Alemania e Italia, aunque tambi\u00e9n abundar\u00e1n los que vengan del resto  de Espa\u00f1a.<br \/>&#13;<br \/>\n  <br \/>&#13;<br \/>\n  El p\u00fablico que viene de fuera para  asistir al S\u00f3nar lo suele hacer en parejas o en grupos de amigos. La estancia  media se sit\u00faa en 4,5 d\u00edas, con un precio de 49 euros por persona y d\u00eda que  corresponde a las tarifas de temporada alta. Las puntas de mayor ocupaci\u00f3n  ser\u00e1n las noches del jueves, viernes y s\u00e1bado, que corresponden con las actuaciones  musicales del S\u00f3nar, aunque la Apartur estima que tambi\u00e9n habr\u00e1 una  \u00abexcelente ocupaci\u00f3n\u00bb el mi\u00e9rcoles y el domingo.<br \/>&#13;<br \/>\n  <br \/>&#13;<br \/>\n  Para Apartur, los  \u00abbuenos\u00bb niveles de ocupaci\u00f3n conseguidos por estos apartamentos  durante los primeros seis meses del a\u00f1o confirman la \u00abconsolidaci\u00f3n del  sector como alternativa de alojamiento de calidad\u00bb.<\/p>\n<p>&#13;<\/p>\n<h6> 2008-06-17 20:18:28 <\/h6>\n<p><!--\n<link rel=\"stylesheet\" href=\"css\/bootstrap.min.css\">\n\n\n<ul class=\"pagination\">\n\t    \n\t\n\n<li >\n\t<a href='?page_no=22550'>Previous<\/a>\n\t<\/li>\n\n\n       \n    \n\n<li><a href='?page_no=1'>1<\/a><\/li>\n\n\n\n<li><a href='?page_no=2'>2<\/a><\/li>\n\n\n\n<li><a>...<\/a><\/li>\n\n\n\n<li><a href='?page_no=22549'>22549<\/a><\/li>\n\n\n\n<li><a href='?page_no=22550'>22550<\/a><\/li>\n\n\n\n<li class='active'><a>22551<\/a><\/li>\n\n\n\n<li><a href='?page_no=22552'>22552<\/a><\/li>\n\n\n\n<li><a href='?page_no=22553'>22553<\/a><\/li>\n\n\n\n<li><a>...<\/a><\/li>\n\n\n\n<li><a href='?page_no=22911'>22911<\/a><\/li>\n\n\n\n<li><a href='?page_no=22912'>22912<\/a><\/li>\n\n    \n\t\n\n<li >\n\t<a href='?page_no=22552'>Next<\/a>\n\t<\/li>\n\n\n    \n\n<li><a href='?page_no=22912'>Last &rsaquo;&rsaquo;<\/a><\/li>\n\n<\/ul>\n\n\n--><br \/>\n<\/body><\/p>\n","protected":false},"excerpt":{"rendered":"<p>El S\u00f3nar llena los apartamentos tur\u00edsticos de Barcelona&#13; &#13; La mayor\u00eda de lon inquilinos proceden de Gran Breta\u00f1a, Alemania e Italia &#13; &#13; EFE &#8211; Barcelona &#8211; 17\/06\/2008 &#13; La Asociaci\u00f3n de Apartamentos Tur\u00edsticos de Barcelona (Apartur) prev\u00e9 una ocupaci\u00f3n del 98% de este tipo de oferta hotelera durante la celebraci\u00f3n del S\u00f3nar, el festival [&hellip;]<\/p>\n","protected":false},"author":3,"featured_media":0,"comment_status":"open","ping_status":"open","sticky":false,"template":"","format":"standard","meta":{"footnotes":""},"categories":[21],"tags":[],"class_list":["post-70873","post","type-post","status-publish","format-standard","hentry","category-cultura"],"_links":{"self":[{"href":"https:\/\/diariodominicano.com\/index.php?rest_route=\/wp\/v2\/posts\/70873","targetHints":{"allow":["GET"]}}],"collection":[{"href":"https:\/\/diariodominicano.com\/index.php?rest_route=\/wp\/v2\/posts"}],"about":[{"href":"https:\/\/diariodominicano.com\/index.php?rest_route=\/wp\/v2\/types\/post"}],"author":[{"embeddable":true,"href":"https:\/\/diariodominicano.com\/index.php?rest_route=\/wp\/v2\/users\/3"}],"replies":[{"embeddable":true,"href":"https:\/\/diariodominicano.com\/index.php?rest_route=%2Fwp%2Fv2%2Fcomments&post=70873"}],"version-history":[{"count":0,"href":"https:\/\/diariodominicano.com\/index.php?rest_route=\/wp\/v2\/posts\/70873\/revisions"}],"wp:attachment":[{"href":"https:\/\/diariodominicano.com\/index.php?rest_route=%2Fwp%2Fv2%2Fmedia&parent=70873"}],"wp:term":[{"taxonomy":"category","embeddable":true,"href":"https:\/\/diariodominicano.com\/index.php?rest_route=%2Fwp%2Fv2%2Fcategories&post=70873"},{"taxonomy":"post_tag","embeddable":true,"href":"https:\/\/diariodominicano.com\/index.php?rest_route=%2Fwp%2Fv2%2Ftags&post=70873"}],"curies":[{"name":"wp","href":"https:\/\/api.w.org\/{rel}","templated":true}]}}