{"id":70870,"date":"2008-06-17T20:28:23","date_gmt":"2008-06-17T20:28:23","guid":{"rendered":"http:\/\/diariodominicano.ddns.net\/?p=70870"},"modified":"2008-06-17T20:28:23","modified_gmt":"2008-06-17T20:28:23","slug":"hallado-en-peru-un-complejo-ceremonial-preinca","status":"publish","type":"post","link":"https:\/\/diariodominicano.com\/?p=70870","title":{"rendered":"Hallado en Per\u00fa un complejo ceremonial preinca"},"content":{"rendered":"<p><body><\/p>\n<p align=\"justify\"><strong class=\"titulogrande1\">Hallado en Per\u00fa un complejo ceremonial preinca<\/strong><br \/>&#13;<br \/>\n  <br \/>&#13;<br \/>\n    <span class=\"text1noticias\">La conjunto consta de tres plataformas rectangulares, dispuestas en forma  de U rodeando una plaza hundida en el suelo <br \/>&#13;<br \/>\n    <br \/>&#13;<br \/>\n    <strong>EFE<\/strong> &#8211; Lima &#8211; 17\/06\/2008 <\/span><\/p>\n<p>&#13;<\/p>\n<p align=\"justify\" class=\"text1noticias\">Un centro ceremonial preinca de  unos 3.000 a\u00f1os de antig\u00fcedad formado por bloques de piedra de m\u00e1s de dos  toneladas fue descubierto en la ciudad andina de Vilcashuam\u00e1n, en la provincia  de Ayacucho, por un grupo de arque\u00f3logos, inform\u00f3 ayer el diario El Comercio.<br \/>&#13;<br \/>\n  <br \/>&#13;<br \/>\n  El equipo formado por el japon\u00e9s  Yuichi Matsumoto y el peruano Yuri Caverao, de la Universidad de Yale, excav\u00f3 a  tan s\u00f3lo 600 metros del centro de Vilcashuam\u00e1n \u2014que en la \u00e9poca inca fue uno de  los centros administrativos m\u00e1s importantes de la regi\u00f3n\u2014, donde hallaron los  restos de un centro ceremonial datado entre los a\u00f1os 1.800 y 200 a.C.<br \/>&#13;<br \/>\n  <br \/>&#13;<br \/>\n  Este complejo, denominado  Campanayuq rumi por los pobladores de la zona, consiste en tres plataformas  rectangulares, dispuestas en forma de U rodeando una plaza hundida en el suelo.  En las excavaciones tambi\u00e9n se ha descubierto una serie de escalinatas y un sistema  de drenaje subterr\u00e1neo empleado para proteger la estructura del templo.<br \/>&#13;<br \/>\n  <br \/>&#13;<br \/>\n  Adem\u00e1s, los arque\u00f3logos  encontraron cer\u00e1micas con figuras zoom\u00f3rficas y otros dise\u00f1os que podr\u00edan  pertenecer a las culturas Paracas y Nazca, que se desarrollaron en la costa del  actual Per\u00fa, y que podr\u00edan constatar el din\u00e1mico intercambio comercial que  hab\u00eda en la zona.<br \/>&#13;<br \/>\n  <br \/>&#13;<br \/>\n  <strong>Petici\u00f3n de protecci\u00f3n<\/strong> <br \/>&#13;<br \/>\n  <br \/>&#13;<br \/>\n  Los arque\u00f3logos, que culminar\u00e1n  los trabajos de excavaci\u00f3n en una semana, aproximadamente, solicitaron apoyo a  las autoridades para proteger el \u00e1rea y evitar da\u00f1os en las estructuras  mientras prosiguen con sus investigaciones.<br \/>&#13;<br \/>\n  <br \/>&#13;<br \/>\n  Per\u00fa posee un enorme patrimonio  arqueol\u00f3gico y cultural y peri\u00f3dicamente aparecen nuevos vestigios de  sociedades precolombinas. Sin embargo, este rico legado tiene que hacer frente  a los peligros del expolio cultural y a la dificultad para mantener y proteger  los hallazgos.<\/p>\n<p>&#13;<\/p>\n<h6> 2008-06-17 20:28:23 <\/h6>\n<p><!--\n<link rel=\"stylesheet\" href=\"css\/bootstrap.min.css\">\n\n\n<ul class=\"pagination\">\n\t    \n\t\n\n<li >\n\t<a href='?page_no=22547'>Previous<\/a>\n\t<\/li>\n\n\n       \n    \n\n<li><a href='?page_no=1'>1<\/a><\/li>\n\n\n\n<li><a href='?page_no=2'>2<\/a><\/li>\n\n\n\n<li><a>...<\/a><\/li>\n\n\n\n<li><a href='?page_no=22546'>22546<\/a><\/li>\n\n\n\n<li><a href='?page_no=22547'>22547<\/a><\/li>\n\n\n\n<li class='active'><a>22548<\/a><\/li>\n\n\n\n<li><a href='?page_no=22549'>22549<\/a><\/li>\n\n\n\n<li><a href='?page_no=22550'>22550<\/a><\/li>\n\n\n\n<li><a>...<\/a><\/li>\n\n\n\n<li><a href='?page_no=22911'>22911<\/a><\/li>\n\n\n\n<li><a href='?page_no=22912'>22912<\/a><\/li>\n\n    \n\t\n\n<li >\n\t<a href='?page_no=22549'>Next<\/a>\n\t<\/li>\n\n\n    \n\n<li><a href='?page_no=22912'>Last &rsaquo;&rsaquo;<\/a><\/li>\n\n<\/ul>\n\n\n--><br \/>\n<\/body><\/p>\n","protected":false},"excerpt":{"rendered":"<p>Hallado en Per\u00fa un complejo ceremonial preinca&#13; &#13; La conjunto consta de tres plataformas rectangulares, dispuestas en forma de U rodeando una plaza hundida en el suelo &#13; &#13; EFE &#8211; Lima &#8211; 17\/06\/2008 &#13; Un centro ceremonial preinca de unos 3.000 a\u00f1os de antig\u00fcedad formado por bloques de piedra de m\u00e1s de dos toneladas [&hellip;]<\/p>\n","protected":false},"author":3,"featured_media":0,"comment_status":"open","ping_status":"open","sticky":false,"template":"","format":"standard","meta":{"footnotes":""},"categories":[21],"tags":[],"class_list":["post-70870","post","type-post","status-publish","format-standard","hentry","category-cultura"],"_links":{"self":[{"href":"https:\/\/diariodominicano.com\/index.php?rest_route=\/wp\/v2\/posts\/70870","targetHints":{"allow":["GET"]}}],"collection":[{"href":"https:\/\/diariodominicano.com\/index.php?rest_route=\/wp\/v2\/posts"}],"about":[{"href":"https:\/\/diariodominicano.com\/index.php?rest_route=\/wp\/v2\/types\/post"}],"author":[{"embeddable":true,"href":"https:\/\/diariodominicano.com\/index.php?rest_route=\/wp\/v2\/users\/3"}],"replies":[{"embeddable":true,"href":"https:\/\/diariodominicano.com\/index.php?rest_route=%2Fwp%2Fv2%2Fcomments&post=70870"}],"version-history":[{"count":0,"href":"https:\/\/diariodominicano.com\/index.php?rest_route=\/wp\/v2\/posts\/70870\/revisions"}],"wp:attachment":[{"href":"https:\/\/diariodominicano.com\/index.php?rest_route=%2Fwp%2Fv2%2Fmedia&parent=70870"}],"wp:term":[{"taxonomy":"category","embeddable":true,"href":"https:\/\/diariodominicano.com\/index.php?rest_route=%2Fwp%2Fv2%2Fcategories&post=70870"},{"taxonomy":"post_tag","embeddable":true,"href":"https:\/\/diariodominicano.com\/index.php?rest_route=%2Fwp%2Fv2%2Ftags&post=70870"}],"curies":[{"name":"wp","href":"https:\/\/api.w.org\/{rel}","templated":true}]}}