{"id":70868,"date":"2008-06-17T23:22:22","date_gmt":"2008-06-17T23:22:22","guid":{"rendered":"http:\/\/diariodominicano.ddns.net\/?p=70868"},"modified":"2008-06-17T23:22:22","modified_gmt":"2008-06-17T23:22:22","slug":"aduanas-invita-a-colegios-y-escuelas-a-visitar-exposicion-en-homenaje-heroes-del-14-de-junio","status":"publish","type":"post","link":"https:\/\/diariodominicano.com\/?p=70868","title":{"rendered":"Aduanas invita a colegios y escuelas a visitar  exposici\u00f3n en homenaje h\u00e9roes del 14 de junio"},"content":{"rendered":"<p><body><\/p>\n<p align=\"justify\"><span class=\"text1noticias\">Para  desarrollar conciencia democr\u00e1tica en\u00a0j\u00f3venes<\/span><br \/>&#13;<br \/>\n    <br \/>&#13;<br \/>\n    <span class=\"titulogrande1\">Aduanas  invita a colegios y escuelas a visitar\u00a0exposici\u00f3n en homenaje h\u00e9roes del  14 de junio<\/span><\/p>\n<p>&#13;<\/p>\n<p align=\"justify\" class=\"text1noticias\"><strong><img loading=\"lazy\" decoding=\"async\" src=\"http:\/\/localhost:8080\/img\/30 junio.jpg\" width=\"375\" height=\"251\" hspace=\"4\" align=\"left\" \/>Santo Domingo.- <\/strong>En inter\u00e9s de  promover el desarrollo de sentimientos patri\u00f3ticos y de conciencia democr\u00e1tica  en las nuevas generaciones, la Direcci\u00f3n General de Aduanas (DGA) impulsa un  programa para que los estudiantes mayores de 14 a\u00f1os visiten la exposici\u00f3n  gr\u00e1fica inaugurada recientemente en el Parque Independencia\u00a0 en homenaje a los h\u00e9roes del 14 de junio de  1959.<\/p>\n<p>&#13;<\/p>\n<p align=\"justify\" class=\"text1noticias\">Aduanas exhorta a los  colegios y escuelas p\u00fablicas en un comunicado publicado en la prensa nacional a  que env\u00eden a sus estudiantes mayores de 14 a\u00f1os a observar la exposici\u00f3n, la  cual estar\u00e1 disponible al p\u00fablico hasta el 14 de agosto pr\u00f3ximo.<\/p>\n<p>&#13;<\/p>\n<p align=\"justify\" class=\"text1noticias\">Con tal prop\u00f3sito, la DGA facilitar\u00e1 transporte a  las instituciones educativas interesadas en participar en el programa, sin  costo alguno. <\/p>\n<p>&#13;<\/p>\n<p align=\"justify\" class=\"text1noticias\">Para tales fines, expresa el  organismo,\u00a0 los interesados deben  comunicarse con la licenciada Leticia Pe\u00f1a, subdirectora general, quien ha sido  designada en la coordinaci\u00f3n de las visitas. Pe\u00f1a puede ser contactada en el  n\u00famero telef\u00f3nico 809-547-7070, extensiones, 2504, 2421 y 2398.<\/p>\n<p>&#13;<\/p>\n<p align=\"justify\" class=\"text1noticias\">Con esta exposici\u00f3n Aduanas  conmemora la expedici\u00f3n organizada por el Movimiento de Liberaci\u00f3n Dominicano,  que lleg\u00f3 al pa\u00eds el 14 de junio de 1959 con el concurso de los gobiernos  venezolano y cubano, y el prop\u00f3sito de derrocar el r\u00e9gimen de\u00a0 Rafael Le\u00f3nidas Trujillo Molina. <\/p>\n<p>&#13;<\/p>\n<p align=\"justify\" class=\"text1noticias\">La exhibici\u00f3n gr\u00e1fica fue  inaugurada en la tarde de este s\u00e1bado con la asistencia de destacadas figuras  de la pol\u00edtica y la cultura nacionales. El programa de divulgaci\u00f3n incluye el  traslado a universidades y ciudades como La Vega, Santiago, San Francisco de Macor\u00eds,  Montecristi, Puerto Plata, Constanza, entre otras.<\/p>\n<p>&#13;<\/p>\n<p align=\"justify\" class=\"text1noticias\">Encabezado por su\u00a0 comandante en jefe lo fue Enrique Jim\u00e9nez  Moya, destacado luchar antitrujillista, los expedicionarios llegaron el 14 de  junio de 1959, a  las seis y veinte minutos de la tarde, en un avi\u00f3n pintado con las siglas de la  fuerza a\u00e9rea de Trujillo, para confundir a los soldados del r\u00e9gimen. El  aterrizaje se produjo en el aeropuerto militar de Constanza, aunque el plan era  descender en San Juan de la   Maguana, lo que impidieron condiciones atmosf\u00e9ricas adversas.<\/p>\n<p>&#13;<\/p>\n<p align=\"justify\" class=\"text1noticias\">En el avi\u00f3n, piloteado por el  venezolano Julio C\u00e9sar Rodr\u00edguez y el expedicionario dominicano Juan de Dios  Ventura Sim\u00f3, ex capit\u00e1n de la   Fuerza A\u00e9rea Dominicana, vinieron cincuenta y seis  combatientes. El aparato emprendi\u00f3 vuelo despu\u00e9s de dejar en tierra a los  expedicionarios. El piloto venezolano condujo el avi\u00f3n en su viaje de regreso. <\/p>\n<p>&#13;<\/p>\n<h6> 2008-06-17 23:22:22 <\/h6>\n<p><!--\n<link rel=\"stylesheet\" href=\"css\/bootstrap.min.css\">\n\n\n<ul class=\"pagination\">\n\t    \n\t\n\n<li >\n\t<a href='?page_no=22545'>Previous<\/a>\n\t<\/li>\n\n\n       \n    \n\n<li><a href='?page_no=1'>1<\/a><\/li>\n\n\n\n<li><a href='?page_no=2'>2<\/a><\/li>\n\n\n\n<li><a>...<\/a><\/li>\n\n\n\n<li><a href='?page_no=22544'>22544<\/a><\/li>\n\n\n\n<li><a href='?page_no=22545'>22545<\/a><\/li>\n\n\n\n<li class='active'><a>22546<\/a><\/li>\n\n\n\n<li><a href='?page_no=22547'>22547<\/a><\/li>\n\n\n\n<li><a href='?page_no=22548'>22548<\/a><\/li>\n\n\n\n<li><a>...<\/a><\/li>\n\n\n\n<li><a href='?page_no=22911'>22911<\/a><\/li>\n\n\n\n<li><a href='?page_no=22912'>22912<\/a><\/li>\n\n    \n\t\n\n<li >\n\t<a href='?page_no=22547'>Next<\/a>\n\t<\/li>\n\n\n    \n\n<li><a href='?page_no=22912'>Last &rsaquo;&rsaquo;<\/a><\/li>\n\n<\/ul>\n\n\n--><br \/>\n<\/body><\/p>\n","protected":false},"excerpt":{"rendered":"<p>Para desarrollar conciencia democr\u00e1tica en\u00a0j\u00f3venes&#13; &#13; Aduanas invita a colegios y escuelas a visitar\u00a0exposici\u00f3n en homenaje h\u00e9roes del 14 de junio &#13; Santo Domingo.- En inter\u00e9s de promover el desarrollo de sentimientos patri\u00f3ticos y de conciencia democr\u00e1tica en las nuevas generaciones, la Direcci\u00f3n General de Aduanas (DGA) impulsa un programa para que los estudiantes mayores [&hellip;]<\/p>\n","protected":false},"author":3,"featured_media":0,"comment_status":"open","ping_status":"open","sticky":false,"template":"","format":"standard","meta":{"footnotes":""},"categories":[21],"tags":[],"class_list":["post-70868","post","type-post","status-publish","format-standard","hentry","category-cultura"],"_links":{"self":[{"href":"https:\/\/diariodominicano.com\/index.php?rest_route=\/wp\/v2\/posts\/70868","targetHints":{"allow":["GET"]}}],"collection":[{"href":"https:\/\/diariodominicano.com\/index.php?rest_route=\/wp\/v2\/posts"}],"about":[{"href":"https:\/\/diariodominicano.com\/index.php?rest_route=\/wp\/v2\/types\/post"}],"author":[{"embeddable":true,"href":"https:\/\/diariodominicano.com\/index.php?rest_route=\/wp\/v2\/users\/3"}],"replies":[{"embeddable":true,"href":"https:\/\/diariodominicano.com\/index.php?rest_route=%2Fwp%2Fv2%2Fcomments&post=70868"}],"version-history":[{"count":0,"href":"https:\/\/diariodominicano.com\/index.php?rest_route=\/wp\/v2\/posts\/70868\/revisions"}],"wp:attachment":[{"href":"https:\/\/diariodominicano.com\/index.php?rest_route=%2Fwp%2Fv2%2Fmedia&parent=70868"}],"wp:term":[{"taxonomy":"category","embeddable":true,"href":"https:\/\/diariodominicano.com\/index.php?rest_route=%2Fwp%2Fv2%2Fcategories&post=70868"},{"taxonomy":"post_tag","embeddable":true,"href":"https:\/\/diariodominicano.com\/index.php?rest_route=%2Fwp%2Fv2%2Ftags&post=70868"}],"curies":[{"name":"wp","href":"https:\/\/api.w.org\/{rel}","templated":true}]}}