{"id":70865,"date":"2008-06-18T20:03:33","date_gmt":"2008-06-18T20:03:33","guid":{"rendered":"http:\/\/diariodominicano.ddns.net\/?p=70865"},"modified":"2008-06-18T20:03:33","modified_gmt":"2008-06-18T20:03:33","slug":"javier-bardem-premio-nacional-de-cinematografia","status":"publish","type":"post","link":"https:\/\/diariodominicano.com\/?p=70865","title":{"rendered":"Javier Bardem, premio nacional de Cinematograf\u00eda"},"content":{"rendered":"<p><body><\/p>\n<p align=\"justify\"><strong class=\"titulogrande1\">Javier Bardem, premio nacional de Cinematograf\u00eda<\/strong><br \/>&#13;<br \/>\n  <br \/>&#13;<br \/>\n    <span class=\"text1noticias\">El galard\u00f3n recompensa la aportaci\u00f3n m\u00e1s sobresaliente en el \u00e1mbito  cinematogr\u00e1fico espa\u00f1ol y est\u00e1 dotado de 30000 euros. <br \/>&#13;<br \/>\n    <br \/>&#13;<br \/>\n    <strong>EUROPA PRESS<\/strong> &#8211; Madrid &#8211; 18\/06\/2008 <\/span><\/p>\n<p>&#13;<\/p>\n<p align=\"justify\" class=\"text1noticias\">El actor Javier Bardem, ha sido  galardonado hoy con el Premio Nacional de la Cinematograf\u00eda correspondiente a  2008. El galard\u00f3n lo concede el Instituto de la Cinematograf\u00eda y de las Artes  Audiovisuales (ICAA), organismo adscrito al Ministerio de Cultura y est\u00e1 dotado  con 30.000 euros. El premio est\u00e1 destinado a recompensar la aportaci\u00f3n m\u00e1s  sobresaliente en el \u00e1mbito cinematogr\u00e1fico espa\u00f1ol puesta de manifiesto a  trav\u00e9s de una obra hecha p\u00fablica durante 2007, o de una labor profesional  desarrollada durante ese mismo a\u00f1o.<br \/>&#13;<br \/>\n  <br \/>&#13;<br \/>\n  El jurado ha concedido el Premio a  Javier Bardem por las metas profesionales alcanzadas a lo largo de su ya  dilatada carrera y especialmente en el a\u00f1o 2007, as\u00ed como por su defensa de la  profesi\u00f3n de actor y el compromiso constante con el cine espa\u00f1ol dentro y fuera  de nuestras fronteras.<br \/>&#13;<br \/>\n  <br \/>&#13;<br \/>\n  El ministro de Cultura, C\u00e9sar  Antonio Molina, felicit\u00f3 al actor, quien se mostr\u00f3 muy \u00absorprendido y  agradecido\u00bb por un reconocimiento \u00abque no es a m\u00ed persona sino a toda  una profesi\u00f3n a la que amo e intento defender d\u00eda a d\u00eda, a trav\u00e9s del  trabajo\u00bb. \u00abLo tomo como un abrazo cari\u00f1oso de la profesi\u00f3n, de los  compa\u00f1eros de mi pa\u00eds y eso me emociona profundamente. Agradezco al jurado y al  Ministerio que me hayan concedido este galard\u00f3n\u00bb, se\u00f1al\u00f3 Bardem.<br \/>&#13;<br \/>\n  <br \/>&#13;<br \/>\n  El jurado ha estado formado por  Fernando Lara, director general del ICAA, que actu\u00f3 como presidente; Pilar  Torre, subdirectora de Promoci\u00f3n y Relaciones Internacionales del ICAA; C\u00e9sar  Ben\u00edtez, por la Federaci\u00f3n de Asociaciones de Productores Audiovisuales  Espa\u00f1oles; Imanol Uribe, por la Sociedad General de Autores y Editores; Carlos  L\u00f3pez, por Derechos de Autor y Medios Audiovisuales; Irene Visedo, Judith  Colell y Patricia de Muns y Alberto Iglesias, galardonado en 2007.<\/p>\n<p>&#13;<\/p>\n<h6> 2008-06-18 20:03:33 <\/h6>\n<p><!--\n<link rel=\"stylesheet\" href=\"css\/bootstrap.min.css\">\n\n\n<ul class=\"pagination\">\n\t    \n\t\n\n<li >\n\t<a href='?page_no=22542'>Previous<\/a>\n\t<\/li>\n\n\n       \n    \n\n<li><a href='?page_no=1'>1<\/a><\/li>\n\n\n\n<li><a href='?page_no=2'>2<\/a><\/li>\n\n\n\n<li><a>...<\/a><\/li>\n\n\n\n<li><a href='?page_no=22541'>22541<\/a><\/li>\n\n\n\n<li><a href='?page_no=22542'>22542<\/a><\/li>\n\n\n\n<li class='active'><a>22543<\/a><\/li>\n\n\n\n<li><a href='?page_no=22544'>22544<\/a><\/li>\n\n\n\n<li><a href='?page_no=22545'>22545<\/a><\/li>\n\n\n\n<li><a>...<\/a><\/li>\n\n\n\n<li><a href='?page_no=22911'>22911<\/a><\/li>\n\n\n\n<li><a href='?page_no=22912'>22912<\/a><\/li>\n\n    \n\t\n\n<li >\n\t<a href='?page_no=22544'>Next<\/a>\n\t<\/li>\n\n\n    \n\n<li><a href='?page_no=22912'>Last &rsaquo;&rsaquo;<\/a><\/li>\n\n<\/ul>\n\n\n--><br \/>\n<\/body><\/p>\n","protected":false},"excerpt":{"rendered":"<p>Javier Bardem, premio nacional de Cinematograf\u00eda&#13; &#13; El galard\u00f3n recompensa la aportaci\u00f3n m\u00e1s sobresaliente en el \u00e1mbito cinematogr\u00e1fico espa\u00f1ol y est\u00e1 dotado de 30000 euros. &#13; &#13; EUROPA PRESS &#8211; Madrid &#8211; 18\/06\/2008 &#13; El actor Javier Bardem, ha sido galardonado hoy con el Premio Nacional de la Cinematograf\u00eda correspondiente a 2008. El galard\u00f3n lo [&hellip;]<\/p>\n","protected":false},"author":3,"featured_media":0,"comment_status":"open","ping_status":"open","sticky":false,"template":"","format":"standard","meta":{"footnotes":""},"categories":[21],"tags":[],"class_list":["post-70865","post","type-post","status-publish","format-standard","hentry","category-cultura"],"_links":{"self":[{"href":"https:\/\/diariodominicano.com\/index.php?rest_route=\/wp\/v2\/posts\/70865","targetHints":{"allow":["GET"]}}],"collection":[{"href":"https:\/\/diariodominicano.com\/index.php?rest_route=\/wp\/v2\/posts"}],"about":[{"href":"https:\/\/diariodominicano.com\/index.php?rest_route=\/wp\/v2\/types\/post"}],"author":[{"embeddable":true,"href":"https:\/\/diariodominicano.com\/index.php?rest_route=\/wp\/v2\/users\/3"}],"replies":[{"embeddable":true,"href":"https:\/\/diariodominicano.com\/index.php?rest_route=%2Fwp%2Fv2%2Fcomments&post=70865"}],"version-history":[{"count":0,"href":"https:\/\/diariodominicano.com\/index.php?rest_route=\/wp\/v2\/posts\/70865\/revisions"}],"wp:attachment":[{"href":"https:\/\/diariodominicano.com\/index.php?rest_route=%2Fwp%2Fv2%2Fmedia&parent=70865"}],"wp:term":[{"taxonomy":"category","embeddable":true,"href":"https:\/\/diariodominicano.com\/index.php?rest_route=%2Fwp%2Fv2%2Fcategories&post=70865"},{"taxonomy":"post_tag","embeddable":true,"href":"https:\/\/diariodominicano.com\/index.php?rest_route=%2Fwp%2Fv2%2Ftags&post=70865"}],"curies":[{"name":"wp","href":"https:\/\/api.w.org\/{rel}","templated":true}]}}