{"id":70863,"date":"2008-06-18T23:31:33","date_gmt":"2008-06-18T23:31:33","guid":{"rendered":"http:\/\/diariodominicano.ddns.net\/?p=70863"},"modified":"2008-06-18T23:31:33","modified_gmt":"2008-06-18T23:31:33","slug":"recordaran-heroes-del-14-junio-en-sabana-de-la-mar","status":"publish","type":"post","link":"https:\/\/diariodominicano.com\/?p=70863","title":{"rendered":"Recordar\u00e1n H\u00e9roes del 14 Junio en Sabana De La Mar"},"content":{"rendered":"<p><body><\/p>\n<p align=\"justify\"><span class=\"titulogrande1\">Recordar\u00e1n H\u00e9roes del 14 Junio en Sabana De La Mar<\/span><br \/>&#13;<br \/>\n  \u00a0<br \/>&#13;<br \/>\n  <span class=\"text1noticias\">16 de junio de 2008<br \/>&#13;<br \/>\n  \u00a0<br \/>&#13;<br \/>\n  <strong>Rep Dom.-<\/strong> Los mun\u00edcipes de esta comunidad del Este del pa\u00eds recordar\u00e1n el pr\u00f3ximo  s\u00e1bado a cuatro j\u00f3venes oriundos de Sabana de la Mar ca\u00eddos en las expediciones  de Constanza, Maim\u00f3n y Estero Hondo de Junio de 1959.<br \/>&#13;<br \/>\n  \u00a0<br \/>&#13;<br \/>\n  Los expedicionarios sabanalamarinos fueron H\u00e9ctor Mateo Calca\u00f1o, Andr\u00e9s Emilio  P\u00e9rez, Conrado Hern\u00e1ndez y Salvador Mart\u00ednez, quienes se unieron a la  Expedici\u00f3n comandada por Enrique Jim\u00e9nez Moya en Junio de 1959 y que ten\u00eda como  objetivo derrocar la tiran\u00eda trujillista e implantar un programa de  \u00abliberaci\u00f3n nacional\u00bb que inclu\u00eda reforma agraria y repartici\u00f3n de  las riquezas.<br \/>&#13;<br \/>\n  \u00a0<br \/>&#13;<br \/>\n  El acto, que es convocado por la agrupaci\u00f3n de j\u00f3venes \u00abLa Multitud\u00bb  y el patronato ecol\u00f3gico \u00abSAVAMACA\u00bb, incluir\u00e1 la conferencia del Dr.  Porfirio Rodr\u00edguez Iriarte, Presidente de la Fundaci\u00f3n de H\u00e9roes de Constanza,  Maim\u00f3n y Estero Hondo, y se llevar\u00e1 a cabo el s\u00e1bado 21 de junio a las 5:00pm  en el Ayuntamiento Municipal de esa localidad.<br \/>&#13;<br \/>\n  \u00a0<br \/>&#13;<br \/>\n  Los j\u00f3venes de La Multitud, que actualmente desarrollan el \u00abProyecto  Memoria\u00bb con el cual recorren el pa\u00eds promoviendo los valores de nuestros  h\u00e9roes y m\u00e1rtires, invitan a toda la comunidad sabanalamarina residente en la  capital y otras ciudades, a darse cita en tan importante evento.<br \/>&#13;<br \/>\n  \u00a0<br \/>&#13;<br \/>\n\u00abEs la primera vez en muchos a\u00f1os en que esos cuatro hijos de nuestro  pueblo ser\u00e1n recordados, como una forma de proyectar en nosotros los j\u00f3venes su  hero\u00edsmo y entrega a la patria.\u00bb Afirm\u00f3 el bachiller Jos\u00e9 Carlos Carrasco,  Coordinador de La Multitud en esta ciudad. <br \/>&#13;<br \/>\n  \u00a0<br \/>&#13;<br \/>\n  Despu\u00e9s de esta importante actividad, la pr\u00f3xima cita de \u00abLa  Multitud\u00bb ser\u00e1 en La Vega, en una actividad para recordar al H\u00e9roe de  abril Juan Maria Lora Fern\u00e1ndez el pr\u00f3ximo 04 de junio.<br \/>&#13;<br \/>\n<\/span><\/p>\n<p>&#13;<\/p>\n<h6> 2008-06-18 23:31:33 <\/h6>\n<p><!--\n<link rel=\"stylesheet\" href=\"css\/bootstrap.min.css\">\n\n\n<ul class=\"pagination\">\n\t    \n\t\n\n<li >\n\t<a href='?page_no=22540'>Previous<\/a>\n\t<\/li>\n\n\n       \n    \n\n<li><a href='?page_no=1'>1<\/a><\/li>\n\n\n\n<li><a href='?page_no=2'>2<\/a><\/li>\n\n\n\n<li><a>...<\/a><\/li>\n\n\n\n<li><a href='?page_no=22539'>22539<\/a><\/li>\n\n\n\n<li><a href='?page_no=22540'>22540<\/a><\/li>\n\n\n\n<li class='active'><a>22541<\/a><\/li>\n\n\n\n<li><a href='?page_no=22542'>22542<\/a><\/li>\n\n\n\n<li><a href='?page_no=22543'>22543<\/a><\/li>\n\n\n\n<li><a>...<\/a><\/li>\n\n\n\n<li><a href='?page_no=22911'>22911<\/a><\/li>\n\n\n\n<li><a href='?page_no=22912'>22912<\/a><\/li>\n\n    \n\t\n\n<li >\n\t<a href='?page_no=22542'>Next<\/a>\n\t<\/li>\n\n\n    \n\n<li><a href='?page_no=22912'>Last &rsaquo;&rsaquo;<\/a><\/li>\n\n<\/ul>\n\n\n--><br \/>\n<\/body><\/p>\n","protected":false},"excerpt":{"rendered":"<p>Recordar\u00e1n H\u00e9roes del 14 Junio en Sabana De La Mar&#13; \u00a0&#13; 16 de junio de 2008&#13; \u00a0&#13; Rep Dom.- Los mun\u00edcipes de esta comunidad del Este del pa\u00eds recordar\u00e1n el pr\u00f3ximo s\u00e1bado a cuatro j\u00f3venes oriundos de Sabana de la Mar ca\u00eddos en las expediciones de Constanza, Maim\u00f3n y Estero Hondo de Junio de 1959.&#13; [&hellip;]<\/p>\n","protected":false},"author":3,"featured_media":0,"comment_status":"open","ping_status":"open","sticky":false,"template":"","format":"standard","meta":{"footnotes":""},"categories":[21],"tags":[],"class_list":["post-70863","post","type-post","status-publish","format-standard","hentry","category-cultura"],"_links":{"self":[{"href":"https:\/\/diariodominicano.com\/index.php?rest_route=\/wp\/v2\/posts\/70863","targetHints":{"allow":["GET"]}}],"collection":[{"href":"https:\/\/diariodominicano.com\/index.php?rest_route=\/wp\/v2\/posts"}],"about":[{"href":"https:\/\/diariodominicano.com\/index.php?rest_route=\/wp\/v2\/types\/post"}],"author":[{"embeddable":true,"href":"https:\/\/diariodominicano.com\/index.php?rest_route=\/wp\/v2\/users\/3"}],"replies":[{"embeddable":true,"href":"https:\/\/diariodominicano.com\/index.php?rest_route=%2Fwp%2Fv2%2Fcomments&post=70863"}],"version-history":[{"count":0,"href":"https:\/\/diariodominicano.com\/index.php?rest_route=\/wp\/v2\/posts\/70863\/revisions"}],"wp:attachment":[{"href":"https:\/\/diariodominicano.com\/index.php?rest_route=%2Fwp%2Fv2%2Fmedia&parent=70863"}],"wp:term":[{"taxonomy":"category","embeddable":true,"href":"https:\/\/diariodominicano.com\/index.php?rest_route=%2Fwp%2Fv2%2Fcategories&post=70863"},{"taxonomy":"post_tag","embeddable":true,"href":"https:\/\/diariodominicano.com\/index.php?rest_route=%2Fwp%2Fv2%2Ftags&post=70863"}],"curies":[{"name":"wp","href":"https:\/\/api.w.org\/{rel}","templated":true}]}}