{"id":70862,"date":"2008-06-18T23:33:57","date_gmt":"2008-06-18T23:33:57","guid":{"rendered":"http:\/\/diariodominicano.ddns.net\/?p=70862"},"modified":"2008-06-18T23:33:57","modified_gmt":"2008-06-18T23:33:57","slug":"uasd-pone-circular-libro-poesia-pasion-y-venas-abiertas","status":"publish","type":"post","link":"https:\/\/diariodominicano.com\/?p=70862","title":{"rendered":"UASD Pone Circular Libro Poes\u00eda \u201cPasi\u00f3n y Venas Abiertas\u201d"},"content":{"rendered":"<p><body><\/p>\n<p class=\"titulogrande1\"><strong>UASD Pone  Circular Libro Poes\u00eda \u201cPasi\u00f3n y Venas Abiertas\u201d<\/strong><\/p>\n<p>&#13;<\/p>\n<p align=\"justify\" class=\"text1noticias\"><strong><img loading=\"lazy\" decoding=\"async\" src=\"http:\/\/localhost:8080\/img\/junio poeta.jpg\" width=\"375\" height=\"252\" hspace=\"4\" align=\"left\" \/>Santo Domingo.- <\/strong>En un ambiente acogedor y  familiar, el director de la   Oficina Legal Popular de la Universidad Aut\u00f3noma  de Santo Domingo, Manuel H. Valdez, puso en circulaci\u00f3n el libro de poes\u00eda  \u201cPasi\u00f3n y Venas Abiertas\u201d.<\/p>\n<p>&#13;<\/p>\n<p align=\"justify\" class=\"text1noticias\">La presentaci\u00f3n de la obra, la  cual se llev\u00f3 a cabo en el Sal\u00f3n de Orientaci\u00f3n, estuvo a cargo del director de  la biblioteca Pedro Mir, Manuel Jim\u00e9nez, quien resalt\u00f3 las condiciones del  escritor y \u201cla sencillez y claridad con que expone sus sentimientos\u201d.<\/p>\n<p>&#13;<\/p>\n<p align=\"justify\" class=\"text1noticias\">Dijo que reflexionando sobre  el t\u00edtulo de la obra pudo constatar la combinaci\u00f3n de las met\u00e1foras con las  im\u00e1genes sensoriales, por lo que el producto como tal, es un buen resultado,  que si se sigue cultivando el g\u00e9nero, garantiza que el pueblo dominicano tiene  en Manuel Valdez un extraordinario poeta. <\/p>\n<p>&#13;<\/p>\n<p align=\"justify\" class=\"text1noticias\">\u201cVenas Abiertas\u201d, se\u00f1ala, \u201csignifica  la realidad de Am\u00e9rica Latina simbolizada en el rostro del libertador\u00a0 Sim\u00f3n Bol\u00edvar\u201d. <\/p>\n<p>&#13;<\/p>\n<p align=\"justify\" class=\"text1noticias\">Mientras, el Vicerrector de  Extensi\u00f3n, Rafael Nino Feliz, dio la bienvenida a los invitados y destac\u00f3 que la  mujer es pasi\u00f3n en la obra de Manuel Valdez.<\/p>\n<p>&#13;<\/p>\n<p align=\"justify\" class=\"text1noticias\">Al agradecer el apoyo brindado  a la obra, el autor resalt\u00f3 que la publicaci\u00f3n de los poemas es un resumen de  los versos que como ensayo pudieran tener alg\u00fan valor literario.<\/p>\n<p>&#13;<\/p>\n<p align=\"justify\" class=\"text1noticias\">Indic\u00f3, adem\u00e1s, que procura  enriquecer el ya amplio acerbo de la poes\u00eda nacional.<\/p>\n<p>&#13;<\/p>\n<p align=\"justify\" class=\"text1noticias\">Entre los poemas publicados se  encuentran; Imagen de Amor, Si un d\u00eda, Si pudiera, Invernadero, Gaviota,  Indiferencia, A la mujer, Madelyn, Te dejar\u00e9 y otros.\u00a0 <\/p>\n<p>&#13;<\/p>\n<p align=\"justify\" class=\"text1noticias\">Valdez es abogado egresado de  la UASD, e intercambia su ejercicio jur\u00eddico con la labor literaria. Ha realizado  diversos cursos especiales en materia procesal penal a trav\u00e9s de los programas  de capacitaci\u00f3n de la   Oficina Nacional de Defensa P\u00fablica y la Fundaci\u00f3n Institucionalidad  y Justicia. \u00a0<\/p>\n<p>&#13;<\/p>\n<h6> 2008-06-18 23:33:57 <\/h6>\n<p><!--\n<link rel=\"stylesheet\" href=\"css\/bootstrap.min.css\">\n\n\n<ul class=\"pagination\">\n\t    \n\t\n\n<li >\n\t<a href='?page_no=22539'>Previous<\/a>\n\t<\/li>\n\n\n       \n    \n\n<li><a href='?page_no=1'>1<\/a><\/li>\n\n\n\n<li><a href='?page_no=2'>2<\/a><\/li>\n\n\n\n<li><a>...<\/a><\/li>\n\n\n\n<li><a href='?page_no=22538'>22538<\/a><\/li>\n\n\n\n<li><a href='?page_no=22539'>22539<\/a><\/li>\n\n\n\n<li class='active'><a>22540<\/a><\/li>\n\n\n\n<li><a href='?page_no=22541'>22541<\/a><\/li>\n\n\n\n<li><a href='?page_no=22542'>22542<\/a><\/li>\n\n\n\n<li><a>...<\/a><\/li>\n\n\n\n<li><a href='?page_no=22911'>22911<\/a><\/li>\n\n\n\n<li><a href='?page_no=22912'>22912<\/a><\/li>\n\n    \n\t\n\n<li >\n\t<a href='?page_no=22541'>Next<\/a>\n\t<\/li>\n\n\n    \n\n<li><a href='?page_no=22912'>Last &rsaquo;&rsaquo;<\/a><\/li>\n\n<\/ul>\n\n\n--><br \/>\n<\/body><\/p>\n","protected":false},"excerpt":{"rendered":"<p>UASD Pone Circular Libro Poes\u00eda \u201cPasi\u00f3n y Venas Abiertas\u201d &#13; Santo Domingo.- En un ambiente acogedor y familiar, el director de la Oficina Legal Popular de la Universidad Aut\u00f3noma de Santo Domingo, Manuel H. Valdez, puso en circulaci\u00f3n el libro de poes\u00eda \u201cPasi\u00f3n y Venas Abiertas\u201d. &#13; La presentaci\u00f3n de la obra, la cual se [&hellip;]<\/p>\n","protected":false},"author":3,"featured_media":0,"comment_status":"open","ping_status":"open","sticky":false,"template":"","format":"standard","meta":{"footnotes":""},"categories":[21],"tags":[],"class_list":["post-70862","post","type-post","status-publish","format-standard","hentry","category-cultura"],"_links":{"self":[{"href":"https:\/\/diariodominicano.com\/index.php?rest_route=\/wp\/v2\/posts\/70862","targetHints":{"allow":["GET"]}}],"collection":[{"href":"https:\/\/diariodominicano.com\/index.php?rest_route=\/wp\/v2\/posts"}],"about":[{"href":"https:\/\/diariodominicano.com\/index.php?rest_route=\/wp\/v2\/types\/post"}],"author":[{"embeddable":true,"href":"https:\/\/diariodominicano.com\/index.php?rest_route=\/wp\/v2\/users\/3"}],"replies":[{"embeddable":true,"href":"https:\/\/diariodominicano.com\/index.php?rest_route=%2Fwp%2Fv2%2Fcomments&post=70862"}],"version-history":[{"count":0,"href":"https:\/\/diariodominicano.com\/index.php?rest_route=\/wp\/v2\/posts\/70862\/revisions"}],"wp:attachment":[{"href":"https:\/\/diariodominicano.com\/index.php?rest_route=%2Fwp%2Fv2%2Fmedia&parent=70862"}],"wp:term":[{"taxonomy":"category","embeddable":true,"href":"https:\/\/diariodominicano.com\/index.php?rest_route=%2Fwp%2Fv2%2Fcategories&post=70862"},{"taxonomy":"post_tag","embeddable":true,"href":"https:\/\/diariodominicano.com\/index.php?rest_route=%2Fwp%2Fv2%2Ftags&post=70862"}],"curies":[{"name":"wp","href":"https:\/\/api.w.org\/{rel}","templated":true}]}}