{"id":70861,"date":"2008-06-18T23:37:15","date_gmt":"2008-06-18T23:37:15","guid":{"rendered":"http:\/\/diariodominicano.ddns.net\/?p=70861"},"modified":"2008-06-18T23:37:15","modified_gmt":"2008-06-18T23:37:15","slug":"eurocine-2008-sigue-en-segunda-semana-en-la-cinemateca","status":"publish","type":"post","link":"https:\/\/diariodominicano.com\/?p=70861","title":{"rendered":"Eurocine 2008 sigue en segunda semana en la Cinemateca"},"content":{"rendered":"<p><body><\/p>\n<p class=\"titulogrande1\"><strong>Eurocine  2008 sigue en segunda semana en la Cinemateca<\/strong><\/p>\n<p>&#13;<\/p>\n<p align=\"justify\" class=\"text1noticias\"><strong><img loading=\"lazy\" decoding=\"async\" src=\"http:\/\/localhost:8080\/img\/eurocine.jpg\" width=\"375\" height=\"906\" hspace=\"4\" align=\"left\" \/>Santo Domingo.-<\/strong> Eurocine 2008 contin\u00faa  ofreciendo al p\u00fablico dominicano una amplia panor\u00e1mica de la mejor producci\u00f3n  cinematogr\u00e1fica del viejo continente. <br \/>&#13;<br \/>\n  <br \/>&#13;<br \/>\nEn su segunda semana, la Cinemateca   Dominicana mantiene abierta sus puertas este  excepcional\u00a0 festival de cine europeo,  que cuenta con una amplia selecci\u00f3n de importantes cintas cl\u00e1sicas y  contempor\u00e1neas de m\u00e1s de 36 pa\u00edses del viejo continente. <\/p>\n<p>&#13;<\/p>\n<p align=\"justify\" class=\"text1noticias\">En su cuarta  edici\u00f3n, Eurocine cuenta  con una extensa variedad de nacionalidades, con producciones incluyendo por  primera vez producciones de pa\u00edses de todo lo largo del continente como\u00a0 Bosnia-Herzegovina, Macedonia, Serbia  Montenegro, Croacia, Armenia, Islandia, Noruega, Suiza, Ucrania, Rusia, as\u00ed  como de pa\u00edses asi\u00e1ticos enclavados en el continente europeo como son  Kazajistan y Turqu\u00eda y muchos otros presentes en anteriores ediciones. <\/p>\n<p>&#13;<\/p>\n<p align=\"justify\" class=\"text1noticias\">Este a\u00f1o el festival trae atractivas  novedades.<br \/>&#13;<br \/>\n  <br \/> &#13;<br \/>\nSum\u00e1ndosele a las secciones de cine contempor\u00e1neo y cine cl\u00e1sico  -que abarcan m\u00e1s de 70 t\u00edtulos-, el Eurocine 2008 incluye una interesante  secci\u00f3n documental dedicada al cine, su historia y sus grandes maestros,  dedicada especialmente a cin\u00e9filos y estudiantes de cine, que ser\u00e1 exhibida a  partir de este jueves. <\/p>\n<p>&#13;<\/p>\n<p align=\"justify\" class=\"text1noticias\">All\u00ed el p\u00fablico podr\u00e1 disfrutar de films  como \u201cMarcello Mastroianni: mi ricordo, s\u00ec, io mi ricordo\u201d, un conmovedor  recorrido por la vida del famoso actor italiano y \u201cOporto de mi infancia\u201d del director centenario Manoel de Oliveira, un  largometraje en el que el\u00a0 ilustre realizador  portugu\u00e9s regresa a la ciudad que le vio nacer para revivir sus a\u00f1os de  infancia. <\/p>\n<p>&#13;<\/p>\n<h6> 2008-06-18 23:37:15 <\/h6>\n<p><!--\n<link rel=\"stylesheet\" href=\"css\/bootstrap.min.css\">\n\n\n<ul class=\"pagination\">\n\t    \n\t\n\n<li >\n\t<a href='?page_no=22538'>Previous<\/a>\n\t<\/li>\n\n\n       \n    \n\n<li><a href='?page_no=1'>1<\/a><\/li>\n\n\n\n<li><a href='?page_no=2'>2<\/a><\/li>\n\n\n\n<li><a>...<\/a><\/li>\n\n\n\n<li><a href='?page_no=22537'>22537<\/a><\/li>\n\n\n\n<li><a href='?page_no=22538'>22538<\/a><\/li>\n\n\n\n<li class='active'><a>22539<\/a><\/li>\n\n\n\n<li><a href='?page_no=22540'>22540<\/a><\/li>\n\n\n\n<li><a href='?page_no=22541'>22541<\/a><\/li>\n\n\n\n<li><a>...<\/a><\/li>\n\n\n\n<li><a href='?page_no=22911'>22911<\/a><\/li>\n\n\n\n<li><a href='?page_no=22912'>22912<\/a><\/li>\n\n    \n\t\n\n<li >\n\t<a href='?page_no=22540'>Next<\/a>\n\t<\/li>\n\n\n    \n\n<li><a href='?page_no=22912'>Last &rsaquo;&rsaquo;<\/a><\/li>\n\n<\/ul>\n\n\n--><br \/>\n<\/body><\/p>\n","protected":false},"excerpt":{"rendered":"<p>Eurocine 2008 sigue en segunda semana en la Cinemateca &#13; Santo Domingo.- Eurocine 2008 contin\u00faa ofreciendo al p\u00fablico dominicano una amplia panor\u00e1mica de la mejor producci\u00f3n cinematogr\u00e1fica del viejo continente. &#13; &#13; En su segunda semana, la Cinemateca Dominicana mantiene abierta sus puertas este excepcional\u00a0 festival de cine europeo, que cuenta con una amplia selecci\u00f3n [&hellip;]<\/p>\n","protected":false},"author":3,"featured_media":0,"comment_status":"open","ping_status":"open","sticky":false,"template":"","format":"standard","meta":{"footnotes":""},"categories":[21],"tags":[],"class_list":["post-70861","post","type-post","status-publish","format-standard","hentry","category-cultura"],"_links":{"self":[{"href":"https:\/\/diariodominicano.com\/index.php?rest_route=\/wp\/v2\/posts\/70861","targetHints":{"allow":["GET"]}}],"collection":[{"href":"https:\/\/diariodominicano.com\/index.php?rest_route=\/wp\/v2\/posts"}],"about":[{"href":"https:\/\/diariodominicano.com\/index.php?rest_route=\/wp\/v2\/types\/post"}],"author":[{"embeddable":true,"href":"https:\/\/diariodominicano.com\/index.php?rest_route=\/wp\/v2\/users\/3"}],"replies":[{"embeddable":true,"href":"https:\/\/diariodominicano.com\/index.php?rest_route=%2Fwp%2Fv2%2Fcomments&post=70861"}],"version-history":[{"count":0,"href":"https:\/\/diariodominicano.com\/index.php?rest_route=\/wp\/v2\/posts\/70861\/revisions"}],"wp:attachment":[{"href":"https:\/\/diariodominicano.com\/index.php?rest_route=%2Fwp%2Fv2%2Fmedia&parent=70861"}],"wp:term":[{"taxonomy":"category","embeddable":true,"href":"https:\/\/diariodominicano.com\/index.php?rest_route=%2Fwp%2Fv2%2Fcategories&post=70861"},{"taxonomy":"post_tag","embeddable":true,"href":"https:\/\/diariodominicano.com\/index.php?rest_route=%2Fwp%2Fv2%2Ftags&post=70861"}],"curies":[{"name":"wp","href":"https:\/\/api.w.org\/{rel}","templated":true}]}}