{"id":70860,"date":"2008-06-18T23:41:24","date_gmt":"2008-06-18T23:41:24","guid":{"rendered":"http:\/\/diariodominicano.ddns.net\/?p=70860"},"modified":"2008-06-18T23:41:24","modified_gmt":"2008-06-18T23:41:24","slug":"las-obras-del-famoso-pintor-espanol-jose-manuel-ciria-de-visita-a-republica-dominicana","status":"publish","type":"post","link":"https:\/\/diariodominicano.com\/?p=70860","title":{"rendered":"Las obras del famoso pintor espa\u00f1ol Jos\u00e9 Manuel Ciria de visita a Rep\u00fablica Dominicana"},"content":{"rendered":"<p><body><\/p>\n<p align=\"justify\" class=\"titulogrande1\">Las obras del famoso pintor espa\u00f1ol Jos\u00e9  Manuel Ciria de\u00a0 visita a Rep\u00fablica  Dominicana<\/p>\n<p>&#13;<\/p>\n<p align=\"justify\" class=\"text1noticias\">El Museo de Arte Moderno estar\u00e1 exhibiendo hasta  finales de agosto la importante muestra, que continuar\u00e1 su recorrido para Jamaica, Panam\u00e1, El Salvador, Chile, Argentina, Colombia, Uruguay,  Brasil, M\u00e9xico, Costa Rica y Estados Unidos.<\/p>\n<p>&#13;<\/p>\n<p align=\"justify\" class=\"text1noticias\"><strong><img loading=\"lazy\" decoding=\"async\" src=\"http:\/\/localhost:8080\/img\/embajadaespana.jpg\" width=\"375\" height=\"2480\" hspace=\"4\" align=\"left\" \/>SANTO DOMINGO.-<\/strong> La muestra \u201cRare Paintings.Ciria\u201d, que  presenta en exhibici\u00f3n 34 obras reciente del famoso artista espa\u00f1ol Jos\u00e9 Manuel  Ciria, quedo abierta en la segunda planta del Museo de Arte Moderno, con la  promesa de que los amantes a las artes pl\u00e1stica tienen la oportunidad de  visitarla durante dos meses a partir de su fecha de apertura.<\/p>\n<p>&#13;<\/p>\n<p align=\"justify\" class=\"text1noticias\">Con esta muestra, afirma la directora del Museo de  Arte Moderno, licenciada Mar\u00eda Elena Ditren en su discurso de apertura, se la  da continuidad al amplio programa de actividades que durante el a\u00f1o 2008  presentaran en sus tres amplios salones de exhibiciones.<\/p>\n<p>&#13;<\/p>\n<p align=\"justify\" class=\"text1noticias\">Sobre la muestra, Ditren resalt\u00f3 las cualidades  art\u00edstica del importante creador visual espa\u00f1ol, explicando que con esta  muestra, Ciria se convierte en un pintor diferente al  que era antes de ir a Nueva York. <\/p>\n<p>&#13;<\/p>\n<p align=\"justify\" class=\"text1noticias\">A\u00f1ade que la exposici\u00f3n \u00abRare  Paintings\u00bb, que estar\u00e1 en Santo Domingo hasta finales de agosto, se  mostrar\u00e1 en Jamaica, Panam\u00e1, El Salvador, Chile, Argentina, Colombia, Uruguay,  Brasil, M\u00e9xico, Costa Rica y Estados Unidos.<\/p>\n<p>&#13;<\/p>\n<p align=\"justify\" class=\"text1noticias\">Adem\u00e1s de Ditren, estuvieron presente Embajador de  Espa\u00f1a en el pa\u00eds Don Diego Bermejo, el C\u00f3nsul General Manuel Hern\u00e1ndez  Ruizgomez, do\u00f1a Alma Noblia Directora Internacional de Artes en Espa\u00f1a, Carlos  Delgados Comisionado de la muestra, as\u00ed como representante del Ministerio de  Relaciones Exteriores y de Cooperaci\u00f3n, la Embajada de Espa\u00f1a en Rep\u00fablica Dominicana, la Embajada de la Rep\u00fablica Dominicana  en Espa\u00f1a, el Fondo Internacional de las Artes (FIART) y la Fundaci\u00f3n Museo de  Arte Moderno, quienes forman parte de la coordinaci\u00f3n de esta actividad  art\u00edstica.<\/p>\n<p>&#13;<\/p>\n<p align=\"justify\" class=\"text1noticias\">A prop\u00f3sito de esta exposici\u00f3n, el comisario de la  misma, Carlos Delgado, sostiene que: \u201cEl artista se encuentra en la  g\u00e9nesis\u00a0 de un fascinante\u00a0 proceso de investigaci\u00f3n avalado por su  f\u00e9rrea capacidad de explorar\u00a0 con \u00e9xito  los diversos ep\u00edgrafes que glosan su evoluci\u00f3n. Y as\u00ed, al final\u00a0 de este recorrido por la obra reciente de de  Jos\u00e9 Manuel Ciria, hemos vuelto al punto de partida, es decir, al campo de  reflexi\u00f3n conceptual como foco de la creaci\u00f3n pl\u00e1stica.\u201d<\/p>\n<p>&#13;<\/p>\n<p align=\"justify\" class=\"text1noticias\">\u201cRARE PAINTINGS.\u00a0  CIRIA\u201d es una muestra compuesta por unas 34 pinturas que se enmarcan  dentro de la serie \u201cLa   Guardia Place\u201d, cuyo nombre hace alusi\u00f3n a la ubicaci\u00f3n de su  taller en Manhattan, Nueva York. <br \/>&#13;<br \/>\n  <br \/>&#13;<br \/>\nEsta serie mantiene la constante de la  definici\u00f3n del color, los espacios a trav\u00e9s de la l\u00ednea que nunca interrumpen  las \u00e1reas adyacentes y define contornos,\u00a0  dando como resultado formas concretas que aisladas se convierten en  temas principales.<\/p>\n<p>&#13;<\/p>\n<p align=\"justify\" class=\"text1noticias\"> El t\u00e9rmino \u201cRare Painting\u201d, afirma el  artista, significa \u201cuna pintura cruda e inacabada\u00a0 que evita la sensaci\u00f3n de rotundidad, dando a  la ret\u00f3rica del texto visual el deseo de otros \u00e9nfasis\u201d.<\/p>\n<p>&#13;<\/p>\n<p align=\"justify\" class=\"text1noticias\"> Jos\u00e9 Manuel Ciria, naci\u00f3 en  Manchester en 1960.<br \/>&#13;\n<\/p>\n<p>&#13;<\/p>\n<p align=\"justify\" class=\"text1noticias\"> Comenz\u00f3 su actividad art\u00edstica elaborando una pintura  figurativa de corte neo-expresionista, para acercarse a una personal  abstracci\u00f3n sint\u00e9tica en la que se preocupaba por la construcci\u00f3n gestual y  geom\u00e9trica del cuadro. Sus investigaciones t\u00e9cnicas y formales le llevaron a  desarrollar a partir de 1992 una pintura profundamente personal, imbuida de la  tradici\u00f3n lum\u00ednica de la escuela espa\u00f1ola y de la depuraci\u00f3n de algunos de los  planteamientos m\u00e1s innovadores del arte de vanguardia. <br \/>&#13;<br \/>\n  <br \/>&#13;<br \/>\nHa participado en numerosas  exposiciones individuales y colectivas, as\u00ed como en bienales nacionales e  internacionales. Sus obras han recorrido su pa\u00eds de origen, Israel, Rusia,  Austria, Argentina, Inglaterra, Alemania, B\u00e9lgica, Francia, Italia, Egipto,  Estados Unidos, Filipinas, Filandia, y ahora Jamaica,  Panam\u00e1, El Salvador, Chile, Argentina, Colombia, Uruguay, Brasil, M\u00e9xico, Costa  Rica, formando parte de las colecciones de Museos y Galer\u00edas de esas ciudades.<br \/>&#13;<br \/>\n<br \/>&#13;\n<\/p>\n<p>&#13;<\/p>\n<h6> 2008-06-18 23:41:24 <\/h6>\n<p><!--\n<link rel=\"stylesheet\" href=\"css\/bootstrap.min.css\">\n\n\n<ul class=\"pagination\">\n\t    \n\t\n\n<li >\n\t<a href='?page_no=22537'>Previous<\/a>\n\t<\/li>\n\n\n       \n    \n\n<li><a href='?page_no=1'>1<\/a><\/li>\n\n\n\n<li><a href='?page_no=2'>2<\/a><\/li>\n\n\n\n<li><a>...<\/a><\/li>\n\n\n\n<li><a href='?page_no=22536'>22536<\/a><\/li>\n\n\n\n<li><a href='?page_no=22537'>22537<\/a><\/li>\n\n\n\n<li class='active'><a>22538<\/a><\/li>\n\n\n\n<li><a href='?page_no=22539'>22539<\/a><\/li>\n\n\n\n<li><a href='?page_no=22540'>22540<\/a><\/li>\n\n\n\n<li><a>...<\/a><\/li>\n\n\n\n<li><a href='?page_no=22911'>22911<\/a><\/li>\n\n\n\n<li><a href='?page_no=22912'>22912<\/a><\/li>\n\n    \n\t\n\n<li >\n\t<a href='?page_no=22539'>Next<\/a>\n\t<\/li>\n\n\n    \n\n<li><a href='?page_no=22912'>Last &rsaquo;&rsaquo;<\/a><\/li>\n\n<\/ul>\n\n\n--><br \/>\n<\/body><\/p>\n","protected":false},"excerpt":{"rendered":"<p>Las obras del famoso pintor espa\u00f1ol Jos\u00e9 Manuel Ciria de\u00a0 visita a Rep\u00fablica Dominicana &#13; El Museo de Arte Moderno estar\u00e1 exhibiendo hasta finales de agosto la importante muestra, que continuar\u00e1 su recorrido para Jamaica, Panam\u00e1, El Salvador, Chile, Argentina, Colombia, Uruguay, Brasil, M\u00e9xico, Costa Rica y Estados Unidos. &#13; SANTO DOMINGO.- La muestra \u201cRare [&hellip;]<\/p>\n","protected":false},"author":3,"featured_media":0,"comment_status":"open","ping_status":"open","sticky":false,"template":"","format":"standard","meta":{"footnotes":""},"categories":[21],"tags":[],"class_list":["post-70860","post","type-post","status-publish","format-standard","hentry","category-cultura"],"_links":{"self":[{"href":"https:\/\/diariodominicano.com\/index.php?rest_route=\/wp\/v2\/posts\/70860","targetHints":{"allow":["GET"]}}],"collection":[{"href":"https:\/\/diariodominicano.com\/index.php?rest_route=\/wp\/v2\/posts"}],"about":[{"href":"https:\/\/diariodominicano.com\/index.php?rest_route=\/wp\/v2\/types\/post"}],"author":[{"embeddable":true,"href":"https:\/\/diariodominicano.com\/index.php?rest_route=\/wp\/v2\/users\/3"}],"replies":[{"embeddable":true,"href":"https:\/\/diariodominicano.com\/index.php?rest_route=%2Fwp%2Fv2%2Fcomments&post=70860"}],"version-history":[{"count":0,"href":"https:\/\/diariodominicano.com\/index.php?rest_route=\/wp\/v2\/posts\/70860\/revisions"}],"wp:attachment":[{"href":"https:\/\/diariodominicano.com\/index.php?rest_route=%2Fwp%2Fv2%2Fmedia&parent=70860"}],"wp:term":[{"taxonomy":"category","embeddable":true,"href":"https:\/\/diariodominicano.com\/index.php?rest_route=%2Fwp%2Fv2%2Fcategories&post=70860"},{"taxonomy":"post_tag","embeddable":true,"href":"https:\/\/diariodominicano.com\/index.php?rest_route=%2Fwp%2Fv2%2Ftags&post=70860"}],"curies":[{"name":"wp","href":"https:\/\/api.w.org\/{rel}","templated":true}]}}