{"id":70857,"date":"2008-06-19T18:25:13","date_gmt":"2008-06-19T18:25:13","guid":{"rendered":"http:\/\/diariodominicano.ddns.net\/?p=70857"},"modified":"2008-06-19T18:25:13","modified_gmt":"2008-06-19T18:25:13","slug":"gana-efrain-velasco-sosa-premio-nacional-de-poesia-joven-2008","status":"publish","type":"post","link":"https:\/\/diariodominicano.com\/?p=70857","title":{"rendered":"Gana Efra\u00edn Velasco Sosa, Premio Nacional de Poes\u00eda Joven 2008"},"content":{"rendered":"<p><body><\/p>\n<p align=\"justify\"><span class=\"titulogrande1\">Gana  Efra\u00edn Velasco Sosa, Premio Nacional de Poes\u00eda Joven 2008<\/span><br \/>&#13;<br \/>\n  <br \/>&#13;<br \/>\n    <span class=\"text1noticias\">Obtiene el escritor oaxaque\u00f1o el reconocimiento con el poemario &amp; mi voz  Tokonoma, el cual otorgan el Consejo Nacional para la Cultura y las Artes  (Conaculta) y la Secretar\u00eda de Cultura de Jalisco <br \/>&#13;<br \/>\n    <br \/>&#13;<br \/>\n  El Universal <br \/>&#13;<br \/>\n  <br \/>&#13;<br \/>\n    Ciudad de M\u00e9xico Jueves 19 de junio de 2008 <br \/>&#13;<br \/>\n    <br \/>&#13;<br \/>\n    El escritor oaxaque\u00f1o Efra\u00edn Velasco Sosa obtuvo el Premio Nacional de  Poes\u00eda Joven El\u00edas Nandino 2008, con el poemario \u00ab&amp; mi voz  Tokonoma\u00bb, el cual otorgan el Consejo Nacional para la Cultura y las Artes  (Conaculta) y la Secretar\u00eda de Cultura de Jalisco. <br \/>&#13;<br \/>\n    <br \/>&#13;<br \/>\n    Velasco Sosa, quien concurs\u00f3 con el seud\u00f3nimo Bruno  Cubillas, gan\u00f3 el certamen po\u00e9tico \u00aben virtud de su originalidad y los  riesgos tem\u00e1ticos y formales sostenidos de principio a fin\u00bb, asumidos en  su texto literario, dice el acta del jurado del Premio Nacional de Poes\u00eda Joven  El\u00edas Nandino.<br \/> &#13;<br \/>\n    <br \/>&#13;<br \/>\n    Integrado por los escritores Gloria Gervitz, Tedi L\u00f3pez  Mills y Ricardo Y\u00e1\u00f1ez, el jurado tambi\u00e9n encomi\u00f3 en la obra premiada la  \u00ablimpidez, coherencia, riqueza y concentraci\u00f3n de im\u00e1genes\u00bb, con que  el joven autor resolvi\u00f3 sus textos po\u00e9ticos. <br \/>&#13;<br \/>\n    <br \/>&#13;<br \/>\n  El dictamen fue adoptado por unanimidad y dado conocer en  las oficinas del Programa Cultural Tierra Adentro.<br \/>&#13;<br \/>\n  <br \/> &#13;<br \/>\n  del Conaculta. <br \/>&#13;<br \/>\n  <br \/>&#13;<br \/>\n  Velasco Sosa naci\u00f3 en Oaxaca en 1977. Ha sido becario del  Fondo Estatal para la Cultura y las Artes (Foeca) de Oaxaca en el Programa de  Est\u00edmulo a la Creaci\u00f3n y al Desarrollo Art\u00edstico de J\u00f3venes Creadores,  emisiones 2006 y 2008. <br \/>&#13;<br \/>\n  <br \/>&#13;<br \/>\nSus poemas han sido incluidos en las antolog\u00edas Anuario de  teor\u00eda, vida y cultura, crunch No. 3 (Crunch! Editores, 2005); Tres ventanas a  la literatura oaxaque\u00f1a actual (Editorial Almad\u00eda, Proveedora Escolar y  Carteles Editores, M\u00e9xico, 2006); Oaxaca, siete poetas (Editorial Almad\u00eda,  Secretar\u00eda de Cultura y CEICO Luna Zeta, 2006), y Los mejores poemas mexicanos,  F. I. M. y Joaqu\u00edn Mortiz, 2006). <\/span><\/p>\n<p>&#13;<\/p>\n<div align=\"justify\" class=\"text1noticias\">El autor premiado ha colaborado en diversos  suplementos y revistas como Reverso (Jalisco), Rabia Minerva (Morelos), Plan de  los p\u00e1jaros, La patria ilustrada y Luna Zeta (Oaxaca), La Jornada Semanal  (Distrito Federal); Cast\u00e1lida (Estado de M\u00e9xico) y Tierra Adentro, de la que  forma parte del consejo editorial. <\/div>\n<p>&#13;<\/p>\n<h6> 2008-06-19 18:25:13 <\/h6>\n<p><!--\n<link rel=\"stylesheet\" href=\"css\/bootstrap.min.css\">\n\n\n<ul class=\"pagination\">\n\t    \n\t\n\n<li >\n\t<a href='?page_no=22534'>Previous<\/a>\n\t<\/li>\n\n\n       \n    \n\n<li><a href='?page_no=1'>1<\/a><\/li>\n\n\n\n<li><a href='?page_no=2'>2<\/a><\/li>\n\n\n\n<li><a>...<\/a><\/li>\n\n\n\n<li><a href='?page_no=22533'>22533<\/a><\/li>\n\n\n\n<li><a href='?page_no=22534'>22534<\/a><\/li>\n\n\n\n<li class='active'><a>22535<\/a><\/li>\n\n\n\n<li><a href='?page_no=22536'>22536<\/a><\/li>\n\n\n\n<li><a href='?page_no=22537'>22537<\/a><\/li>\n\n\n\n<li><a>...<\/a><\/li>\n\n\n\n<li><a href='?page_no=22911'>22911<\/a><\/li>\n\n\n\n<li><a href='?page_no=22912'>22912<\/a><\/li>\n\n    \n\t\n\n<li >\n\t<a href='?page_no=22536'>Next<\/a>\n\t<\/li>\n\n\n    \n\n<li><a href='?page_no=22912'>Last &rsaquo;&rsaquo;<\/a><\/li>\n\n<\/ul>\n\n\n--><br \/>\n<\/body><\/p>\n","protected":false},"excerpt":{"rendered":"<p>Gana Efra\u00edn Velasco Sosa, Premio Nacional de Poes\u00eda Joven 2008&#13; &#13; Obtiene el escritor oaxaque\u00f1o el reconocimiento con el poemario &amp; mi voz Tokonoma, el cual otorgan el Consejo Nacional para la Cultura y las Artes (Conaculta) y la Secretar\u00eda de Cultura de Jalisco &#13; &#13; El Universal &#13; &#13; Ciudad de M\u00e9xico Jueves 19 [&hellip;]<\/p>\n","protected":false},"author":3,"featured_media":0,"comment_status":"open","ping_status":"open","sticky":false,"template":"","format":"standard","meta":{"footnotes":""},"categories":[21],"tags":[],"class_list":["post-70857","post","type-post","status-publish","format-standard","hentry","category-cultura"],"_links":{"self":[{"href":"https:\/\/diariodominicano.com\/index.php?rest_route=\/wp\/v2\/posts\/70857","targetHints":{"allow":["GET"]}}],"collection":[{"href":"https:\/\/diariodominicano.com\/index.php?rest_route=\/wp\/v2\/posts"}],"about":[{"href":"https:\/\/diariodominicano.com\/index.php?rest_route=\/wp\/v2\/types\/post"}],"author":[{"embeddable":true,"href":"https:\/\/diariodominicano.com\/index.php?rest_route=\/wp\/v2\/users\/3"}],"replies":[{"embeddable":true,"href":"https:\/\/diariodominicano.com\/index.php?rest_route=%2Fwp%2Fv2%2Fcomments&post=70857"}],"version-history":[{"count":0,"href":"https:\/\/diariodominicano.com\/index.php?rest_route=\/wp\/v2\/posts\/70857\/revisions"}],"wp:attachment":[{"href":"https:\/\/diariodominicano.com\/index.php?rest_route=%2Fwp%2Fv2%2Fmedia&parent=70857"}],"wp:term":[{"taxonomy":"category","embeddable":true,"href":"https:\/\/diariodominicano.com\/index.php?rest_route=%2Fwp%2Fv2%2Fcategories&post=70857"},{"taxonomy":"post_tag","embeddable":true,"href":"https:\/\/diariodominicano.com\/index.php?rest_route=%2Fwp%2Fv2%2Ftags&post=70857"}],"curies":[{"name":"wp","href":"https:\/\/api.w.org\/{rel}","templated":true}]}}