{"id":70856,"date":"2008-06-20T04:13:32","date_gmt":"2008-06-20T04:13:32","guid":{"rendered":"http:\/\/diariodominicano.ddns.net\/?p=70856"},"modified":"2008-06-20T04:13:32","modified_gmt":"2008-06-20T04:13:32","slug":"escuelas-de-la-judicatura-y-del-ministerio-publico-con-el-apoyo-de-la-oit-se-unen-contra-las-peores-formas-de-trabajo-infantil","status":"publish","type":"post","link":"https:\/\/diariodominicano.com\/?p=70856","title":{"rendered":"Escuelas de la Judicatura y del Ministerio P\u00fablico con el apoyo de la OIT se unen contra las Peores Formas de Trabajo Infantil"},"content":{"rendered":"<p><body><\/p>\n<p align=\"justify\" class=\"titulogrande1\"><strong>Escuelas de la Judicatura y del Ministerio P\u00fablico con  el apoyo de la OIT se unen contra las Peores Formas de Trabajo Infantil<\/strong><\/p>\n<p>&#13;<\/p>\n<p align=\"justify\" class=\"text1noticias\"><strong>Santo Domingo.- <\/strong>Con la finalidad de fortalecer, de  manera sostenible la aplicaci\u00f3n de la ley contra el trabajo infantil y sus  peores formas en la   Rep\u00fablica Dominicana la Escuela Nacional de la Judicatura y la Escuela Nacional  del Ministerio P\u00fablico, con el apoyo de la Organizaci\u00f3n   Internacional del Trabajo (OIT) a trav\u00e9s de su Programa  Internacional para la Erradicaci\u00f3n del Trabajo Infantil (IPEC), se unen para  desarrollar un proceso de formaci\u00f3n de formadores dirigido al cuerpo docente de  ambos \u00f3rganos de formaci\u00f3n.<\/p>\n<p>&#13;<\/p>\n<p align=\"justify\" class=\"text1noticias\">El acto de apertura\u00a0 de esta jornada fue realizado el 23 de junio  2008 y cont\u00f3 con la asistencia de la se\u00f1ora Kirsys Fern\u00e1ndez  de Valenzuela Presidenta del CONANI, el Sub-Secretario de Estado de Trabajo,  Dr. Daniel Rond\u00f3n y el Representante Residente del Sistema de Naciones Unidas,  el se\u00f1or Tad Palac, entre otras personalidades. De igual forma, estuvieron  presentes los anfitriones, se\u00f1ores Luis Henry Molina Director de la Escuela Nacional  de la Judicatura, Ram\u00f3n N\u00fa\u00f1ez Director de la Escuela Nacional  del Ministerio P\u00fablico y El\u00edas Dinzey Coordinador Nacional de la OIT-IPEC en la Rep\u00fablica Dominicana.<\/p>\n<p>&#13;<\/p>\n<p align=\"justify\" class=\"text1noticias\">Durante 5 d\u00edas 40 magistrados\/as  docentes de todo el pa\u00eds participaron con la especialista internacional Karla  Cuevas, la   Magistrada \u00a0Eugenia Salazar  de Fiscal\u00eda de Delitos Sexuales y Violencia Dom\u00e9stica de Costa Rica,  acompa\u00f1ados adem\u00e1s por un equipo nacional de consultores locales, integrado por  los \u00a0Magistrados Rafael Frett Mej\u00eda  (Juez), y Jonathan Baro  (Fiscal).<\/p>\n<p>&#13;<\/p>\n<p align=\"justify\" class=\"text1noticias\">El apoyo de la OIT resulta de la  colaboraci\u00f3n de la segunda fase del Programa de  Duraci\u00f3n Determinada para la Eliminaci\u00f3n de las PFTI en la Rep\u00fablica Dominicana  con los  programas Subregionales Prevenci\u00f3n y eliminaci\u00f3n de las  peores formas de trabajo infantil en Honduras, Nicaragua, Guatemala y Rep\u00fablica  Dominicana y el Proyecto\u00a0 Subregional para la  Prevenci\u00f3n y Eliminaci\u00f3n de la Explotaci\u00f3n Sexual   Comercial de Personas Menores de Edad en Centroam\u00e9rica, Panam\u00e1 y Rep\u00fablica Dominicana financiados por el Departamento de Trabajo de los  Estados Unidos.<\/p>\n<p>&#13;<\/p>\n<p align=\"justify\" class=\"text1noticias\">La  iniciativa que dejara capacidad instalada en ambas escuelas judiciales es una  respuesta contundente a la preocupaci\u00f3n del pa\u00eds ante el fen\u00f3meno del trabajo  infantil. Frente al cual, aunque la aplicaci\u00f3n de la ley no es resolutiva del  problema, ciertamente representa un pilar fundamental en el marco de las  estrategias de los pa\u00edses que se han comprometido con su prevenci\u00f3n y  erradicaci\u00f3n. \u00a0<\/p>\n<p>&#13;<\/p>\n<p align=\"justify\" class=\"text1noticias\">Esta acci\u00f3n  conjunta enmarcada en las agendas sectoriales definidas en los Planes  nacionales contra el trabajo infantil y sus peores formas, representa una  avance del pa\u00eds en el desaf\u00edo de hacer cada vez mas efectiva y eficiente la  aplicaci\u00f3n por los actores judiciales de los mecanismos de la normativa  nacional e internacional relativos a proteger a los ni\u00f1os ni\u00f1as y adolescentes  de la explotaci\u00f3n econ\u00f3mica; garantizando el cumplimiento con la edad m\u00ednima de  admisi\u00f3n al empleo, la protecci\u00f3n laboral de los\/las adolescentes  trabajadores\/as; y\u00a0 eliminando todas las  manifestaciones de explotaci\u00f3n sexual comercial de NNA, la trata de NNA\u00a0 y el reclutamiento y utilizaci\u00f3n de ni\u00f1os  para actividades il\u00edcitas. As\u00ed fue asumido al ratificar los Convenios de la OIT  nos. 138 sobre la edad m\u00ednima de admisi\u00f3n al empleo y 182 sobre las peores  formas del trabajo infantil de la OIT; la Convenci\u00f3n sobre los Derechos del Ni\u00f1o  y su Protocolo relativo a la venta de ni\u00f1os; la Convenci\u00f3n contra la Delincuencia   Organizada Transnacional y el Protocolo que la complementa  sobre trata de personas. <\/p>\n<p>&#13;<\/p>\n<h6> 2008-06-20 04:13:32 <\/h6>\n<p><!--\n<link rel=\"stylesheet\" href=\"css\/bootstrap.min.css\">\n\n\n<ul class=\"pagination\">\n\t    \n\t\n\n<li >\n\t<a href='?page_no=22533'>Previous<\/a>\n\t<\/li>\n\n\n       \n    \n\n<li><a href='?page_no=1'>1<\/a><\/li>\n\n\n\n<li><a href='?page_no=2'>2<\/a><\/li>\n\n\n\n<li><a>...<\/a><\/li>\n\n\n\n<li><a href='?page_no=22532'>22532<\/a><\/li>\n\n\n\n<li><a href='?page_no=22533'>22533<\/a><\/li>\n\n\n\n<li class='active'><a>22534<\/a><\/li>\n\n\n\n<li><a href='?page_no=22535'>22535<\/a><\/li>\n\n\n\n<li><a href='?page_no=22536'>22536<\/a><\/li>\n\n\n\n<li><a>...<\/a><\/li>\n\n\n\n<li><a href='?page_no=22911'>22911<\/a><\/li>\n\n\n\n<li><a href='?page_no=22912'>22912<\/a><\/li>\n\n    \n\t\n\n<li >\n\t<a href='?page_no=22535'>Next<\/a>\n\t<\/li>\n\n\n    \n\n<li><a href='?page_no=22912'>Last &rsaquo;&rsaquo;<\/a><\/li>\n\n<\/ul>\n\n\n--><br \/>\n<\/body><\/p>\n","protected":false},"excerpt":{"rendered":"<p>Escuelas de la Judicatura y del Ministerio P\u00fablico con el apoyo de la OIT se unen contra las Peores Formas de Trabajo Infantil &#13; Santo Domingo.- Con la finalidad de fortalecer, de manera sostenible la aplicaci\u00f3n de la ley contra el trabajo infantil y sus peores formas en la Rep\u00fablica Dominicana la Escuela Nacional de [&hellip;]<\/p>\n","protected":false},"author":3,"featured_media":0,"comment_status":"open","ping_status":"open","sticky":false,"template":"","format":"standard","meta":{"footnotes":""},"categories":[21],"tags":[],"class_list":["post-70856","post","type-post","status-publish","format-standard","hentry","category-cultura"],"_links":{"self":[{"href":"https:\/\/diariodominicano.com\/index.php?rest_route=\/wp\/v2\/posts\/70856","targetHints":{"allow":["GET"]}}],"collection":[{"href":"https:\/\/diariodominicano.com\/index.php?rest_route=\/wp\/v2\/posts"}],"about":[{"href":"https:\/\/diariodominicano.com\/index.php?rest_route=\/wp\/v2\/types\/post"}],"author":[{"embeddable":true,"href":"https:\/\/diariodominicano.com\/index.php?rest_route=\/wp\/v2\/users\/3"}],"replies":[{"embeddable":true,"href":"https:\/\/diariodominicano.com\/index.php?rest_route=%2Fwp%2Fv2%2Fcomments&post=70856"}],"version-history":[{"count":0,"href":"https:\/\/diariodominicano.com\/index.php?rest_route=\/wp\/v2\/posts\/70856\/revisions"}],"wp:attachment":[{"href":"https:\/\/diariodominicano.com\/index.php?rest_route=%2Fwp%2Fv2%2Fmedia&parent=70856"}],"wp:term":[{"taxonomy":"category","embeddable":true,"href":"https:\/\/diariodominicano.com\/index.php?rest_route=%2Fwp%2Fv2%2Fcategories&post=70856"},{"taxonomy":"post_tag","embeddable":true,"href":"https:\/\/diariodominicano.com\/index.php?rest_route=%2Fwp%2Fv2%2Ftags&post=70856"}],"curies":[{"name":"wp","href":"https:\/\/api.w.org\/{rel}","templated":true}]}}