{"id":70855,"date":"2008-06-20T21:18:27","date_gmt":"2008-06-20T21:18:27","guid":{"rendered":"http:\/\/diariodominicano.ddns.net\/?p=70855"},"modified":"2008-06-20T21:18:27","modified_gmt":"2008-06-20T21:18:27","slug":"caetano-veloso-responde-con-dureza-a-criticas-de-fidel-castro","status":"publish","type":"post","link":"https:\/\/diariodominicano.com\/?p=70855","title":{"rendered":"Caetano Veloso responde con dureza a cr\u00edticas de Fidel Castro"},"content":{"rendered":"<p><body><\/p>\n<p align=\"justify\"><span class=\"titulogrande1\">Caetano Veloso responde con dureza a cr\u00edticas de Fidel  Castro <\/span><br \/>&#13;<br \/>\n  <br \/>&#13;<br \/>\n    <span class=\"text1noticias\">El cantante respondi\u00f3 en su blog a comentarios hechos por el  ex presidente en su \u00faltimo libro. <\/span><\/p>\n<p>&#13;<\/p>\n<p align=\"justify\" class=\"text1noticias\"><img loading=\"lazy\" decoding=\"async\" src=\"http:\/\/localhost:8080\/img\/veloso castro.jpg\" width=\"375\" height=\"270\" hspace=\"4\" align=\"left\" \/>Ante las cr\u00edticas del ex gobernante cubano, quien lo aludi\u00f3  indirectamente en su libro Fidel, Bolivia y algo m\u00e1s, Caetano respondi\u00f3 en su  blog que no acepta \u00ab\u00f3rdenes de dictadores\u00bb.<br \/>&#13;<br \/>\n  <br \/>&#13;<br \/>\n\u00abSoy un artista, mis palabras son: creaci\u00f3n y libertad.  <br \/>&#13;<br \/>\n<br \/>&#13;<br \/>\nSi no me someto al poder\u00edo norteamericano tampoco acepto \u00f3rdenes de  dictadores\u00bb escribi\u00f3 Veloso, considerado uno de los mayores\u00a0 autores  e int\u00e9rpretes de la m\u00fasica popular brasile\u00f1a.\u00a0<br \/>&#13;<br \/>\n<br \/>&#13;<br \/>\n\u00abFidel nos debe explicaciones respecto de su  identificaci\u00f3n con estados policiales que el comunismo gener\u00f3\u00bb, opin\u00f3.<br \/>&#13;<br \/>\n<br \/>&#13;<br \/>\nVeloso respondi\u00f3 as\u00ed a cr\u00edticas de Castro en el prefacio de  su libro. All\u00ed el ex presidente cuestion\u00f3 al cantante, al que no nombra, por  haber elogiado el\u00a0 \u00abrespeto a los derechos humanos\u00bb en Estados  Unidos y censurado la situaci\u00f3n humanitaria en Cuba.<br \/>&#13;<br \/>\n<br \/>&#13;<br \/>\nSeg\u00fan Castro esos dichos fueron una forma de \u00abpedir  perd\u00f3n al imperio\u00bb.\u00a0<br \/>&#13;<br \/>\n<br \/>&#13;<br \/>\nVeloso replic\u00f3, en la noche del jueves en su blog, al\u00a0  afirmar: \u00abNo ped\u00ed perd\u00f3n a nadie, procuro pensar por cuenta\u00a0 propia.  Mi irreverencia delante de los poderes establecidos es impenitente. Tengo ideas  y reacciones complejas, no acepto paquetes cerrados\u00bb, dijo.<br \/>&#13;<br \/>\n<br \/>&#13;<br \/>\nMentor del movimiento Tropicalista, que remeci\u00f3 los c\u00e1nones  de la m\u00fasica popular brasile\u00f1a en los 60, Veloso a\u00f1adi\u00f3 que \u00abel texto de  Fidel es auto elogioso, prolijo e injusto, sobre todo con Yoani S\u00e1nchez, la  cubana que mantiene el blog Generaci\u00f3n Y\u00bb.<br \/>&#13;<br \/>\n<br \/>&#13;<br \/>\nEl cantante tambi\u00e9n hizo un comentario sobre la vitalidad de  la cultura cubana a la que se acerc\u00f3 cuando reescribi\u00f3 temas tradicionales  latinoamericanos en su disco Fina estampa, de la\u00a0 d\u00e9cada de los 90.<br \/>&#13;<br \/>\n<br \/>&#13;<br \/>\n\u00abRecuerdo haber sentido, cuando viajaba con Fina  estampa, que la tragedia de Cuba, con las libertades cercenadas en la isla y la  poblaci\u00f3n enemiga del r\u00e9gimen actuando en Miami, era m\u00e1s vital que la seguridad  desangrada de Puerto Rico\u00bb, concluy\u00f3 Veloso.<br \/>&#13;<br \/>\n<br \/>&#13;<br \/>\nFuente: La Tercera de Chile <\/p>\n<p>&#13;<\/p>\n<h6> 2008-06-20 21:18:27 <\/h6>\n<p><!--\n<link rel=\"stylesheet\" href=\"css\/bootstrap.min.css\">\n\n\n<ul class=\"pagination\">\n\t    \n\t\n\n<li >\n\t<a href='?page_no=22532'>Previous<\/a>\n\t<\/li>\n\n\n       \n    \n\n<li><a href='?page_no=1'>1<\/a><\/li>\n\n\n\n<li><a href='?page_no=2'>2<\/a><\/li>\n\n\n\n<li><a>...<\/a><\/li>\n\n\n\n<li><a href='?page_no=22531'>22531<\/a><\/li>\n\n\n\n<li><a href='?page_no=22532'>22532<\/a><\/li>\n\n\n\n<li class='active'><a>22533<\/a><\/li>\n\n\n\n<li><a href='?page_no=22534'>22534<\/a><\/li>\n\n\n\n<li><a href='?page_no=22535'>22535<\/a><\/li>\n\n\n\n<li><a>...<\/a><\/li>\n\n\n\n<li><a href='?page_no=22911'>22911<\/a><\/li>\n\n\n\n<li><a href='?page_no=22912'>22912<\/a><\/li>\n\n    \n\t\n\n<li >\n\t<a href='?page_no=22534'>Next<\/a>\n\t<\/li>\n\n\n    \n\n<li><a href='?page_no=22912'>Last &rsaquo;&rsaquo;<\/a><\/li>\n\n<\/ul>\n\n\n--><br \/>\n<\/body><\/p>\n","protected":false},"excerpt":{"rendered":"<p>Caetano Veloso responde con dureza a cr\u00edticas de Fidel Castro &#13; &#13; El cantante respondi\u00f3 en su blog a comentarios hechos por el ex presidente en su \u00faltimo libro. &#13; Ante las cr\u00edticas del ex gobernante cubano, quien lo aludi\u00f3 indirectamente en su libro Fidel, Bolivia y algo m\u00e1s, Caetano respondi\u00f3 en su blog que [&hellip;]<\/p>\n","protected":false},"author":3,"featured_media":0,"comment_status":"open","ping_status":"open","sticky":false,"template":"","format":"standard","meta":{"footnotes":""},"categories":[21],"tags":[],"class_list":["post-70855","post","type-post","status-publish","format-standard","hentry","category-cultura"],"_links":{"self":[{"href":"https:\/\/diariodominicano.com\/index.php?rest_route=\/wp\/v2\/posts\/70855","targetHints":{"allow":["GET"]}}],"collection":[{"href":"https:\/\/diariodominicano.com\/index.php?rest_route=\/wp\/v2\/posts"}],"about":[{"href":"https:\/\/diariodominicano.com\/index.php?rest_route=\/wp\/v2\/types\/post"}],"author":[{"embeddable":true,"href":"https:\/\/diariodominicano.com\/index.php?rest_route=\/wp\/v2\/users\/3"}],"replies":[{"embeddable":true,"href":"https:\/\/diariodominicano.com\/index.php?rest_route=%2Fwp%2Fv2%2Fcomments&post=70855"}],"version-history":[{"count":0,"href":"https:\/\/diariodominicano.com\/index.php?rest_route=\/wp\/v2\/posts\/70855\/revisions"}],"wp:attachment":[{"href":"https:\/\/diariodominicano.com\/index.php?rest_route=%2Fwp%2Fv2%2Fmedia&parent=70855"}],"wp:term":[{"taxonomy":"category","embeddable":true,"href":"https:\/\/diariodominicano.com\/index.php?rest_route=%2Fwp%2Fv2%2Fcategories&post=70855"},{"taxonomy":"post_tag","embeddable":true,"href":"https:\/\/diariodominicano.com\/index.php?rest_route=%2Fwp%2Fv2%2Ftags&post=70855"}],"curies":[{"name":"wp","href":"https:\/\/api.w.org\/{rel}","templated":true}]}}