{"id":70851,"date":"2008-06-21T00:00:46","date_gmt":"2008-06-21T00:00:46","guid":{"rendered":"http:\/\/diariodominicano.ddns.net\/?p=70851"},"modified":"2008-06-21T00:00:46","modified_gmt":"2008-06-21T00:00:46","slug":"montecristi-cultura-historia-y-ecologia-en-dos-rutas","status":"publish","type":"post","link":"https:\/\/diariodominicano.com\/?p=70851","title":{"rendered":"Montecristi: cultura, historia y ecolog\u00eda en dos rutas"},"content":{"rendered":"<p><body><\/p>\n<p class=\"titulogrande1\"><strong>Montecristi:  cultura, historia y ecolog\u00eda en dos rutas<\/strong><\/p>\n<p>&#13;<\/p>\n<p align=\"justify\" class=\"text1noticias\"><strong>Montecristi.-<\/strong> Como forma  innovadora de oferta un paquete de atractivos diferentes, Caribecultural  realizar\u00e1 dos giras hacia la ruta de Montecristi, seg\u00fan inform\u00f3 Ra\u00fal P\u00e9rez Pe\u00f1a  (Bacho), vocero de la entidad.<\/p>\n<p>&#13;<\/p>\n<p align=\"justify\" class=\"text1noticias\">La oferta  mezcla la cultura, la historia y ecolog\u00eda en cada una de las dos giras  propuestas. <\/p>\n<p>&#13;<\/p>\n<p align=\"justify\" class=\"text1noticias\">El primer  recorrido est\u00e1 previsto para el 20 de julio pr\u00f3ximo, e iniciar\u00e1 con una gran  parada en Estero Hondo, porque all\u00ed se har\u00e1 una amplia explicaci\u00f3n de una de  las tres expediciones de junio de 1959, cuando los h\u00e9roes de la raza inmortal  llegaron al pa\u00eds a combatir la tiran\u00eda Trujillista, afirm\u00f3 P\u00e9rez.<\/p>\n<p>&#13;<\/p>\n<p align=\"justify\" class=\"text1noticias\">Luego de  Estero Hondo, el primer recorrido, contempla visitar las localidades de Punta  Rusia, luego El Papayo y Villa Elisa, para finalizar en Villa V\u00e1squez y  Casta\u00f1uelas.<\/p>\n<p>&#13;<\/p>\n<p align=\"justify\" class=\"text1noticias\">P\u00e9rez dijo,  que durante el trayecto profesores expertos hablar\u00e1n del inter\u00e9s hist\u00f3rico,  ecol\u00f3gico y cultural de la zona y al llegar a Estero Hondo, el comandante Delio  G\u00f3mez Ocha explicar\u00e1 el desembarco ocurrido all\u00ed. <\/p>\n<p>&#13;<\/p>\n<p align=\"justify\" class=\"text1noticias\">Sobre la  segunda gira, explic\u00f3 que las paradas previstas son, la Bah\u00eda de Manzanillo,  los vestigios de la Grenada Company, Santa Mar\u00eda, las Matas de Santa Cruz,  Guayubin y Juan G\u00f3mez, con explicaciones sobre la Guerra de la Restauraci\u00f3n y  otros temas de inter\u00e9s hist\u00f3rico, cultural y ecol\u00f3gico, para los participantes  de la misma.<\/p>\n<p>&#13;<\/p>\n<h6> 2008-06-21 00:00:46 <\/h6>\n<p><!--\n<link rel=\"stylesheet\" href=\"css\/bootstrap.min.css\">\n\n\n<ul class=\"pagination\">\n\t    \n\t\n\n<li >\n\t<a href='?page_no=22528'>Previous<\/a>\n\t<\/li>\n\n\n       \n    \n\n<li><a href='?page_no=1'>1<\/a><\/li>\n\n\n\n<li><a href='?page_no=2'>2<\/a><\/li>\n\n\n\n<li><a>...<\/a><\/li>\n\n\n\n<li><a href='?page_no=22527'>22527<\/a><\/li>\n\n\n\n<li><a href='?page_no=22528'>22528<\/a><\/li>\n\n\n\n<li class='active'><a>22529<\/a><\/li>\n\n\n\n<li><a href='?page_no=22530'>22530<\/a><\/li>\n\n\n\n<li><a href='?page_no=22531'>22531<\/a><\/li>\n\n\n\n<li><a>...<\/a><\/li>\n\n\n\n<li><a href='?page_no=22911'>22911<\/a><\/li>\n\n\n\n<li><a href='?page_no=22912'>22912<\/a><\/li>\n\n    \n\t\n\n<li >\n\t<a href='?page_no=22530'>Next<\/a>\n\t<\/li>\n\n\n    \n\n<li><a href='?page_no=22912'>Last &rsaquo;&rsaquo;<\/a><\/li>\n\n<\/ul>\n\n\n--><br \/>\n<\/body><\/p>\n","protected":false},"excerpt":{"rendered":"<p>Montecristi: cultura, historia y ecolog\u00eda en dos rutas &#13; Montecristi.- Como forma innovadora de oferta un paquete de atractivos diferentes, Caribecultural realizar\u00e1 dos giras hacia la ruta de Montecristi, seg\u00fan inform\u00f3 Ra\u00fal P\u00e9rez Pe\u00f1a (Bacho), vocero de la entidad. &#13; La oferta mezcla la cultura, la historia y ecolog\u00eda en cada una de las dos [&hellip;]<\/p>\n","protected":false},"author":3,"featured_media":0,"comment_status":"open","ping_status":"open","sticky":false,"template":"","format":"standard","meta":{"footnotes":""},"categories":[21],"tags":[],"class_list":["post-70851","post","type-post","status-publish","format-standard","hentry","category-cultura"],"_links":{"self":[{"href":"https:\/\/diariodominicano.com\/index.php?rest_route=\/wp\/v2\/posts\/70851","targetHints":{"allow":["GET"]}}],"collection":[{"href":"https:\/\/diariodominicano.com\/index.php?rest_route=\/wp\/v2\/posts"}],"about":[{"href":"https:\/\/diariodominicano.com\/index.php?rest_route=\/wp\/v2\/types\/post"}],"author":[{"embeddable":true,"href":"https:\/\/diariodominicano.com\/index.php?rest_route=\/wp\/v2\/users\/3"}],"replies":[{"embeddable":true,"href":"https:\/\/diariodominicano.com\/index.php?rest_route=%2Fwp%2Fv2%2Fcomments&post=70851"}],"version-history":[{"count":0,"href":"https:\/\/diariodominicano.com\/index.php?rest_route=\/wp\/v2\/posts\/70851\/revisions"}],"wp:attachment":[{"href":"https:\/\/diariodominicano.com\/index.php?rest_route=%2Fwp%2Fv2%2Fmedia&parent=70851"}],"wp:term":[{"taxonomy":"category","embeddable":true,"href":"https:\/\/diariodominicano.com\/index.php?rest_route=%2Fwp%2Fv2%2Fcategories&post=70851"},{"taxonomy":"post_tag","embeddable":true,"href":"https:\/\/diariodominicano.com\/index.php?rest_route=%2Fwp%2Fv2%2Ftags&post=70851"}],"curies":[{"name":"wp","href":"https:\/\/api.w.org\/{rel}","templated":true}]}}