{"id":70849,"date":"2008-06-23T18:19:21","date_gmt":"2008-06-23T18:19:21","guid":{"rendered":"http:\/\/diariodominicano.ddns.net\/?p=70849"},"modified":"2008-06-23T18:19:21","modified_gmt":"2008-06-23T18:19:21","slug":"bob-dylan-no-autoriza-medios-graficos-en-su-actuacion-de-zaragoza","status":"publish","type":"post","link":"https:\/\/diariodominicano.com\/?p=70849","title":{"rendered":"Bob Dylan no autoriza medios gr\u00e1ficos en su actuaci\u00f3n de Zaragoza"},"content":{"rendered":"<p><body><\/p>\n<p align=\"justify\"><strong class=\"titulogrande1\">Bob Dylan no autoriza medios gr\u00e1ficos en su actuaci\u00f3n de Zaragoza<\/strong><br \/>&#13;<br \/>\n  <br \/>&#13;<br \/>\n    <span class=\"text1noticias\">El m\u00fasico no permitir\u00e1 la entrada de c\u00e1maras de televisi\u00f3n ni fot\u00f3grafos al  concierto que abre su gira espa\u00f1ola <br \/>&#13;<br \/>\n    <br \/>&#13;<br \/>\n    <strong>EFE<\/strong> &#8211; Zaragoza &#8211; 23\/06\/2008 <\/span><\/p>\n<p>&#13;<\/p>\n<p align=\"justify\" class=\"text1noticias\"><img loading=\"lazy\" decoding=\"async\" src=\"http:\/\/localhost:8080\/img\/dylan medios.jpg\" width=\"375\" height=\"276\" hspace=\"4\" align=\"left\" \/>Bob Dylan no ha autorizado la  entrada de c\u00e1maras de televisi\u00f3n ni de redactores gr\u00e1ficos al concierto que  protagonizar\u00e1 hoy en la Feria de Muestras de la capital aragonesa, dentro de la  programaci\u00f3n de la Exposici\u00f3n Internacional Zaragoza 2008.<br \/>&#13;<br \/>\n  <br \/>&#13;<br \/>\n  La organizaci\u00f3n de la Muestra  Internacional ha intentando durante los \u00faltimos d\u00edas que el artista autorizara  la presencia de medios gr\u00e1ficos en el primer tema de su concierto, como es  norma habitual en la mayor\u00eda de los conciertos que se celebran en Espa\u00f1a.<br \/>&#13;<br \/>\n  <br \/>&#13;<br \/>\n  En una nota de prensa, Expo  Zaragoza lamenta esta situaci\u00f3n, ajena a la Muestra, y negocia con los  representantes de Bob Dylan que al menos la c\u00e1mara oficial de Canal Expo TV y  el fot\u00f3grafo oficial de la organizadora puedan acceder al recinto para ofrecer  im\u00e1genes a aquellos que las necesiten.<br \/>&#13;<br \/>\n  <br \/>&#13;<br \/>\n  Este concierto en Zaragoza es el  primero de su gira por Espa\u00f1a, despu\u00e9s de las actuaciones que el artista  ofreci\u00f3 en Toulouse y Andorra. El artista tambi\u00e9n actuar\u00e1 el 6 de julio en  Girona, el 7 en La Muela (Zaragoza), el 8 en Villalba, el 9 en Salamanca y el  11 en y San Sebasti\u00e1n.<br \/>&#13;<br \/>\n  <br \/>&#13;<br \/>\n  <strong>Acceso al recinto y entradas<\/strong> <br \/>&#13;<br \/>\n  <br \/>&#13;<br \/>\n  La adquisici\u00f3n de la entrada para  el concierto de Zaragoza da derecho al servicio de autobuses establecido desde  las 18.00 horas. La salida de los autobuses se realizar\u00e1 desde la Avenida de  Ranillas, a la altura del Pabell\u00f3n de Arag\u00f3n, y el Pabell\u00f3n Pr\u00edncipe Felipe,  puntos hasta los que regresar\u00e1n tras finalizar el concierto.<br \/>&#13;<br \/>\n  <br \/>&#13;<br \/>\n  El acceso a los autobuses es  totalmente libre para aquellas personas que quieran adquirir su entrada en las  taquillas habilitadas en la Feria de Muestra. Asimismo, la adquisici\u00f3n de la  entrada tambi\u00e9n permitir\u00e1 el acceso gratuito al estacionamiento de la Feria.<br \/>&#13;<br \/>\n  <br \/>&#13;<br \/>\n  El precio de las entradas ser\u00e1 de  8 euros para las personas que posean un pase de temporada de Expo, de noche,  entrada de un d\u00eda, entrada de tres d\u00edas o paquete de telecabina m\u00e1s entrada.  Quienes no posean entrada Expo tendr\u00e1n que pagar 25 euros.<\/p>\n<p>&#13;<\/p>\n<h6> 2008-06-23 18:19:21 <\/h6>\n<p><!--\n<link rel=\"stylesheet\" href=\"css\/bootstrap.min.css\">\n\n\n<ul class=\"pagination\">\n\t    \n\t\n\n<li >\n\t<a href='?page_no=22526'>Previous<\/a>\n\t<\/li>\n\n\n       \n    \n\n<li><a href='?page_no=1'>1<\/a><\/li>\n\n\n\n<li><a href='?page_no=2'>2<\/a><\/li>\n\n\n\n<li><a>...<\/a><\/li>\n\n\n\n<li><a href='?page_no=22525'>22525<\/a><\/li>\n\n\n\n<li><a href='?page_no=22526'>22526<\/a><\/li>\n\n\n\n<li class='active'><a>22527<\/a><\/li>\n\n\n\n<li><a href='?page_no=22528'>22528<\/a><\/li>\n\n\n\n<li><a href='?page_no=22529'>22529<\/a><\/li>\n\n\n\n<li><a>...<\/a><\/li>\n\n\n\n<li><a href='?page_no=22911'>22911<\/a><\/li>\n\n\n\n<li><a href='?page_no=22912'>22912<\/a><\/li>\n\n    \n\t\n\n<li >\n\t<a href='?page_no=22528'>Next<\/a>\n\t<\/li>\n\n\n    \n\n<li><a href='?page_no=22912'>Last &rsaquo;&rsaquo;<\/a><\/li>\n\n<\/ul>\n\n\n--><br \/>\n<\/body><\/p>\n","protected":false},"excerpt":{"rendered":"<p>Bob Dylan no autoriza medios gr\u00e1ficos en su actuaci\u00f3n de Zaragoza&#13; &#13; El m\u00fasico no permitir\u00e1 la entrada de c\u00e1maras de televisi\u00f3n ni fot\u00f3grafos al concierto que abre su gira espa\u00f1ola &#13; &#13; EFE &#8211; Zaragoza &#8211; 23\/06\/2008 &#13; Bob Dylan no ha autorizado la entrada de c\u00e1maras de televisi\u00f3n ni de redactores gr\u00e1ficos al [&hellip;]<\/p>\n","protected":false},"author":3,"featured_media":0,"comment_status":"open","ping_status":"open","sticky":false,"template":"","format":"standard","meta":{"footnotes":""},"categories":[21],"tags":[],"class_list":["post-70849","post","type-post","status-publish","format-standard","hentry","category-cultura"],"_links":{"self":[{"href":"https:\/\/diariodominicano.com\/index.php?rest_route=\/wp\/v2\/posts\/70849","targetHints":{"allow":["GET"]}}],"collection":[{"href":"https:\/\/diariodominicano.com\/index.php?rest_route=\/wp\/v2\/posts"}],"about":[{"href":"https:\/\/diariodominicano.com\/index.php?rest_route=\/wp\/v2\/types\/post"}],"author":[{"embeddable":true,"href":"https:\/\/diariodominicano.com\/index.php?rest_route=\/wp\/v2\/users\/3"}],"replies":[{"embeddable":true,"href":"https:\/\/diariodominicano.com\/index.php?rest_route=%2Fwp%2Fv2%2Fcomments&post=70849"}],"version-history":[{"count":0,"href":"https:\/\/diariodominicano.com\/index.php?rest_route=\/wp\/v2\/posts\/70849\/revisions"}],"wp:attachment":[{"href":"https:\/\/diariodominicano.com\/index.php?rest_route=%2Fwp%2Fv2%2Fmedia&parent=70849"}],"wp:term":[{"taxonomy":"category","embeddable":true,"href":"https:\/\/diariodominicano.com\/index.php?rest_route=%2Fwp%2Fv2%2Fcategories&post=70849"},{"taxonomy":"post_tag","embeddable":true,"href":"https:\/\/diariodominicano.com\/index.php?rest_route=%2Fwp%2Fv2%2Ftags&post=70849"}],"curies":[{"name":"wp","href":"https:\/\/api.w.org\/{rel}","templated":true}]}}