{"id":70848,"date":"2008-06-23T18:28:15","date_gmt":"2008-06-23T18:28:15","guid":{"rendered":"http:\/\/diariodominicano.ddns.net\/?p=70848"},"modified":"2008-06-23T18:28:15","modified_gmt":"2008-06-23T18:28:15","slug":"roberto-edwards-expone-el-drama-de-las-mujeres-con-artritis-reumatoidea","status":"publish","type":"post","link":"https:\/\/diariodominicano.com\/?p=70848","title":{"rendered":"Roberto Edwards expone el drama de las mujeres con artritis reumatoidea"},"content":{"rendered":"<p><body><\/p>\n<p align=\"justify\"><span class=\"titulogrande1\">Roberto Edwards expone el drama de las mujeres con artritis  reumatoidea <\/span><br \/>&#13;<br \/>\n  <br \/>&#13;<br \/>\n    <span class=\"text1noticias\">La exposici\u00f3n fotogr\u00e1fica Mujeres con Ar, vivir con dolor,  se exhibe en la Biblioteca de Santiago. <\/span><\/p>\n<p>&#13;<\/p>\n<p align=\"justify\" class=\"text1noticias\"><img loading=\"lazy\" decoding=\"async\" src=\"http:\/\/localhost:8080\/img\/artritis reumatoidea.jpg\" width=\"375\" height=\"270\" hspace=\"4\" align=\"left\" \/>La artritis reumatoidea es una enfermedad degenerativa que  no s\u00f3lo causa secuelas f\u00edsicas palpables, sino que adem\u00e1s lastima el autoestima  y el equilibrio emocional de quienes la padecen. COn el objetivo de fotografiar  el dolor y transmitir a la vez esperanza, el destacado fot\u00f3grafo Roberto  Edwards se empe\u00f1\u00f3 en retratar a mujeres que tienen esta enfermedad.<br \/>&#13;<br \/>\n  <br \/>&#13;<br \/>\n  Mujeres con Ar, vivir con dolor, es el nombre de la muestra  que el autor de Cuerpos pintados est\u00e1 presentando en la Sala de Colecciones  Generales de la Biblioteca de Santiago. Se trata de 31 fotograf\u00edas (20 de ellas  en formato de 27&#215;18 cm. y 11 en formato de 60&#215;80 cm.) que reflejan el  testimonio de diversas mujeres que han debido enfrentar esta enfermedad. Su  trabajo retrata con luz y color un sufrimiento que muchas veces se vive de  manera silenciosa, pero que a trav\u00e9s de instituciones como la Corporaci\u00f3n Volar  y Mujeres con Ar, encuentra un medio de apoyo para enfrentar en conjunto los  desaf\u00edos de esta enfermedad.<br \/>&#13;<br \/>\n  <br \/>&#13;<br \/>\n  Edwards trabaja sus im\u00e1genes de manera cruda pero con gran  cercan\u00eda con las mujeres retratadas. Son personas de distintas edades y oficios  las que cuentan las dificultades que han debido enfrentar y el duro golpe que  signific\u00f3 para ellas saber, algunas a\u00fan en la adolescencia, que padec\u00edan una  enfermedad cr\u00f3nica y degenerativa como es la artritis reumatoidea. El texto y  las fotograf\u00edas se entrelazan en una muestra que se transforma en documental de  una realidad muchas veces desconocida.<br \/>&#13;<br \/>\n  <br \/>&#13;<br \/>\n  Mujeres con AR podr\u00e1 ser visitada gratuitamente entre el 20  de junio y el 19 de julio.<\/p>\n<p>&#13;<\/p>\n<h6> 2008-06-23 18:28:15 <\/h6>\n<p><!--\n<link rel=\"stylesheet\" href=\"css\/bootstrap.min.css\">\n\n\n<ul class=\"pagination\">\n\t    \n\t\n\n<li >\n\t<a href='?page_no=22525'>Previous<\/a>\n\t<\/li>\n\n\n       \n    \n\n<li><a href='?page_no=1'>1<\/a><\/li>\n\n\n\n<li><a href='?page_no=2'>2<\/a><\/li>\n\n\n\n<li><a>...<\/a><\/li>\n\n\n\n<li><a href='?page_no=22524'>22524<\/a><\/li>\n\n\n\n<li><a href='?page_no=22525'>22525<\/a><\/li>\n\n\n\n<li class='active'><a>22526<\/a><\/li>\n\n\n\n<li><a href='?page_no=22527'>22527<\/a><\/li>\n\n\n\n<li><a href='?page_no=22528'>22528<\/a><\/li>\n\n\n\n<li><a>...<\/a><\/li>\n\n\n\n<li><a href='?page_no=22911'>22911<\/a><\/li>\n\n\n\n<li><a href='?page_no=22912'>22912<\/a><\/li>\n\n    \n\t\n\n<li >\n\t<a href='?page_no=22527'>Next<\/a>\n\t<\/li>\n\n\n    \n\n<li><a href='?page_no=22912'>Last &rsaquo;&rsaquo;<\/a><\/li>\n\n<\/ul>\n\n\n--><br \/>\n<\/body><\/p>\n","protected":false},"excerpt":{"rendered":"<p>Roberto Edwards expone el drama de las mujeres con artritis reumatoidea &#13; &#13; La exposici\u00f3n fotogr\u00e1fica Mujeres con Ar, vivir con dolor, se exhibe en la Biblioteca de Santiago. &#13; La artritis reumatoidea es una enfermedad degenerativa que no s\u00f3lo causa secuelas f\u00edsicas palpables, sino que adem\u00e1s lastima el autoestima y el equilibrio emocional de [&hellip;]<\/p>\n","protected":false},"author":3,"featured_media":0,"comment_status":"open","ping_status":"open","sticky":false,"template":"","format":"standard","meta":{"footnotes":""},"categories":[21],"tags":[],"class_list":["post-70848","post","type-post","status-publish","format-standard","hentry","category-cultura"],"_links":{"self":[{"href":"https:\/\/diariodominicano.com\/index.php?rest_route=\/wp\/v2\/posts\/70848","targetHints":{"allow":["GET"]}}],"collection":[{"href":"https:\/\/diariodominicano.com\/index.php?rest_route=\/wp\/v2\/posts"}],"about":[{"href":"https:\/\/diariodominicano.com\/index.php?rest_route=\/wp\/v2\/types\/post"}],"author":[{"embeddable":true,"href":"https:\/\/diariodominicano.com\/index.php?rest_route=\/wp\/v2\/users\/3"}],"replies":[{"embeddable":true,"href":"https:\/\/diariodominicano.com\/index.php?rest_route=%2Fwp%2Fv2%2Fcomments&post=70848"}],"version-history":[{"count":0,"href":"https:\/\/diariodominicano.com\/index.php?rest_route=\/wp\/v2\/posts\/70848\/revisions"}],"wp:attachment":[{"href":"https:\/\/diariodominicano.com\/index.php?rest_route=%2Fwp%2Fv2%2Fmedia&parent=70848"}],"wp:term":[{"taxonomy":"category","embeddable":true,"href":"https:\/\/diariodominicano.com\/index.php?rest_route=%2Fwp%2Fv2%2Fcategories&post=70848"},{"taxonomy":"post_tag","embeddable":true,"href":"https:\/\/diariodominicano.com\/index.php?rest_route=%2Fwp%2Fv2%2Ftags&post=70848"}],"curies":[{"name":"wp","href":"https:\/\/api.w.org\/{rel}","templated":true}]}}