{"id":70847,"date":"2008-06-23T22:28:42","date_gmt":"2008-06-23T22:28:42","guid":{"rendered":"http:\/\/diariodominicano.ddns.net\/?p=70847"},"modified":"2008-06-23T22:28:42","modified_gmt":"2008-06-23T22:28:42","slug":"entre-rosas-y-bestias-de-edward-telleria-a-partir-del-miercoles-2-de-julio-en-funglode","status":"publish","type":"post","link":"https:\/\/diariodominicano.com\/?p=70847","title":{"rendered":"\u201cEntre Rosas y Bestias\u201d de Edward Teller\u00eda a partir del mi\u00e9rcoles 2 de julio en FUNGLODE"},"content":{"rendered":"<p><body><\/p>\n<p align=\"justify\" class=\"titulogrande1\">\u201cEntre Rosas y Bestias\u201d de  Edward Teller\u00eda a partir del mi\u00e9rcoles 2 de julio en FUNGLODE<\/p>\n<p>&#13;<\/p>\n<p align=\"justify\" class=\"text1noticias\"><img loading=\"lazy\" decoding=\"async\" src=\"http:\/\/localhost:8080\/img\/entre rosas.jpg\" width=\"375\" height=\"566\" hspace=\"4\" align=\"left\" \/>El artista dominicano Edward  Teller\u00eda presentar\u00e1 la exposici\u00f3n individual \u201cEntre Rosas y Bestias\u201d, el  mi\u00e9rcoles 2 del pr\u00f3ximo mes de Julio, a la 7:00 de la noche, en la sala de  exposiciones de la   Fundaci\u00f3n Global.<\/p>\n<p>&#13;<\/p>\n<p align=\"justify\" class=\"text1noticias\">La muestra pict\u00f3rica  constituye la und\u00e9cima del artista y constar\u00e1 de 15 obras en variados formatos,  presentadas en la t\u00e9cnica de acr\u00edlico.<\/p>\n<p>&#13;<\/p>\n<p align=\"justify\" class=\"text1noticias\">TRAYECTORIA ARTISTICA<\/p>\n<p>&#13;<\/p>\n<p align=\"justify\" class=\"text1noticias\">Edward Teller\u00eda naci\u00f3 en  Santo Domingo, Rep\u00fablica Dominicana. Realiz\u00f3 estudios en la Escuela Nacional  de Bellas Artes. Adem\u00e1s, hizo un postgrado en la Especialidad de  Pintura, bajo la supervisi\u00f3n del profesor Leopoldo P\u00e9rez. <br \/>&#13;<br \/>\n  <br \/>&#13;<br \/>\n  Exposiciones individuales y  colectivas.<br \/>&#13;<br \/>\n  <br \/>&#13;<br \/>\n  Desde 1990-1994 particip\u00f3 en  las exposiciones de fin de a\u00f1o\u00a0\u00a0 <br \/>&#13;<br \/>\n  <br \/>&#13;<br \/>\n  De Bellas Artes. En 1995,  exposici\u00f3n de Arte Sacro en la   Parroquia San Vicente de Paul. En 1997, Exposici\u00f3n colectiva  del CODAP. 1998, particip\u00f3 en la   XXI Bienal de Artes Visuales en Santo Domingo, R.D. En el  2000 Fundaci\u00f3n Guayasam\u00edn, Quito, Ecuador. En ese mismo a\u00f1o, en las Naciones  Unidas. <br \/>&#13;<br \/>\n  <br \/>&#13;<br \/>\n  Afrocimarr\u00f3n, Santiago de Cuba. Particip\u00f3 en la Feria de Arte Caribe\u00f1o, The  Internacional Caribean Art Fair, en el The Puck Building de la ciudad de New  York. Teller\u00edas ha expuesto sus trabajos en los m\u00e1s prestigiosos museos y salas  de arte del pa\u00eds, entre las personalidades que han aportado su aval profesional  en distintivo a su calidad art\u00edstica est\u00e1 el curador de arte Abil Peralta  Ag\u00fcero. <br \/>&#13;<br \/>\n  <br \/>&#13;<br \/>\n  Entre los premios recibidos,  obtuvo el Primer lugar de Liptograf\u00eda en la ENBA\u00a0 y  primer lugar en Separaci\u00f3n de Campo, tambi\u00e9n en la ENBA en 1994. <\/p>\n<p>&#13;<\/p>\n<h6> 2008-06-23 22:28:42 <\/h6>\n<p><!--\n<link rel=\"stylesheet\" href=\"css\/bootstrap.min.css\">\n\n\n<ul class=\"pagination\">\n\t    \n\t\n\n<li >\n\t<a href='?page_no=22524'>Previous<\/a>\n\t<\/li>\n\n\n       \n    \n\n<li><a href='?page_no=1'>1<\/a><\/li>\n\n\n\n<li><a href='?page_no=2'>2<\/a><\/li>\n\n\n\n<li><a>...<\/a><\/li>\n\n\n\n<li><a href='?page_no=22523'>22523<\/a><\/li>\n\n\n\n<li><a href='?page_no=22524'>22524<\/a><\/li>\n\n\n\n<li class='active'><a>22525<\/a><\/li>\n\n\n\n<li><a href='?page_no=22526'>22526<\/a><\/li>\n\n\n\n<li><a href='?page_no=22527'>22527<\/a><\/li>\n\n\n\n<li><a>...<\/a><\/li>\n\n\n\n<li><a href='?page_no=22911'>22911<\/a><\/li>\n\n\n\n<li><a href='?page_no=22912'>22912<\/a><\/li>\n\n    \n\t\n\n<li >\n\t<a href='?page_no=22526'>Next<\/a>\n\t<\/li>\n\n\n    \n\n<li><a href='?page_no=22912'>Last &rsaquo;&rsaquo;<\/a><\/li>\n\n<\/ul>\n\n\n--><br \/>\n<\/body><\/p>\n","protected":false},"excerpt":{"rendered":"<p>\u201cEntre Rosas y Bestias\u201d de Edward Teller\u00eda a partir del mi\u00e9rcoles 2 de julio en FUNGLODE &#13; El artista dominicano Edward Teller\u00eda presentar\u00e1 la exposici\u00f3n individual \u201cEntre Rosas y Bestias\u201d, el mi\u00e9rcoles 2 del pr\u00f3ximo mes de Julio, a la 7:00 de la noche, en la sala de exposiciones de la Fundaci\u00f3n Global. &#13; La [&hellip;]<\/p>\n","protected":false},"author":3,"featured_media":0,"comment_status":"open","ping_status":"open","sticky":false,"template":"","format":"standard","meta":{"footnotes":""},"categories":[21],"tags":[],"class_list":["post-70847","post","type-post","status-publish","format-standard","hentry","category-cultura"],"_links":{"self":[{"href":"https:\/\/diariodominicano.com\/index.php?rest_route=\/wp\/v2\/posts\/70847","targetHints":{"allow":["GET"]}}],"collection":[{"href":"https:\/\/diariodominicano.com\/index.php?rest_route=\/wp\/v2\/posts"}],"about":[{"href":"https:\/\/diariodominicano.com\/index.php?rest_route=\/wp\/v2\/types\/post"}],"author":[{"embeddable":true,"href":"https:\/\/diariodominicano.com\/index.php?rest_route=\/wp\/v2\/users\/3"}],"replies":[{"embeddable":true,"href":"https:\/\/diariodominicano.com\/index.php?rest_route=%2Fwp%2Fv2%2Fcomments&post=70847"}],"version-history":[{"count":0,"href":"https:\/\/diariodominicano.com\/index.php?rest_route=\/wp\/v2\/posts\/70847\/revisions"}],"wp:attachment":[{"href":"https:\/\/diariodominicano.com\/index.php?rest_route=%2Fwp%2Fv2%2Fmedia&parent=70847"}],"wp:term":[{"taxonomy":"category","embeddable":true,"href":"https:\/\/diariodominicano.com\/index.php?rest_route=%2Fwp%2Fv2%2Fcategories&post=70847"},{"taxonomy":"post_tag","embeddable":true,"href":"https:\/\/diariodominicano.com\/index.php?rest_route=%2Fwp%2Fv2%2Ftags&post=70847"}],"curies":[{"name":"wp","href":"https:\/\/api.w.org\/{rel}","templated":true}]}}