{"id":70845,"date":"2008-06-24T18:33:14","date_gmt":"2008-06-24T18:33:14","guid":{"rendered":"http:\/\/diariodominicano.ddns.net\/?p=70845"},"modified":"2008-06-24T18:33:14","modified_gmt":"2008-06-24T18:33:14","slug":"los-colores-de-miro-llegan-por-primera-vez-a-uruguay","status":"publish","type":"post","link":"https:\/\/diariodominicano.com\/?p=70845","title":{"rendered":"Los colores de Mir\u00f3 llegan por primera vez a Uruguay"},"content":{"rendered":"<p><body><\/p>\n<p align=\"justify\"><span class=\"titulogrande1\">Los colores de Mir\u00f3 llegan por primera vez a Uruguay <\/span><br \/>&#13;<br \/>\n  <br \/>&#13;<br \/>\n    <span class=\"text1noticias\">Son grabados, aguafuertes, litograf\u00edas y dibujos realizados  desde fines de 1950 hasta la mitad de 1970 por el autor espa\u00f1ol. <br \/>&#13;<br \/>\n    <br \/>&#13;<br \/>\nAnsa <\/span><\/p>\n<p>&#13;<\/p>\n<p align=\"justify\" class=\"text1noticias\"><img loading=\"lazy\" decoding=\"async\" src=\"http:\/\/localhost:8080\/img\/color miro.jpg\" width=\"375\" height=\"270\" hspace=\"4\" align=\"left\" \/>Una exposici\u00f3n de m\u00e1s de 60 obras del artista catal\u00e1n Joan  Mir\u00f3 (1893-1983) se exhibir\u00e1 por primera vez en Montevideo desde ma\u00f1ana y hasta  el 18 de julio.<br \/>&#13;<br \/>\n  <br \/>&#13;<br \/>\n  Un total de 63 obras, grabados, aguafuertes, litograf\u00edas y  dibujos realizados desde fines de los &#8217;50 hasta mitad de los &#8217;70 del siglo  pasado, integran la muestra La Magia de los Sue\u00f1os.<br \/>&#13;<br \/>\n  <br \/>&#13;<br \/>\n  La exposici\u00f3n se presentar\u00e1 en el Museo Nacional de Artes  Visuales del Parque Rod\u00f3, en la capital uruguaya.<br \/>&#13;<br \/>\n  <br \/>&#13;<br \/>\n\u00abEn estos cuadros Mir\u00f3 expresa el juego entre el amor y  el odio, las pulsiones y los aspectos regresivos\u00bb, obras que  \u00abtransitan entre lo abstracto y lo figurativo\u00bb, explic\u00f3 al diario El  Pa\u00eds Jacqueline Lacasa, directora de ese museo.<br \/>&#13;<br \/>\n<br \/>&#13;<br \/>\nLa exposici\u00f3n desembarca en Montevideo por medio de un  acuerdo con el Centro Cultural Borges de Buenos Aires, que en el futuro  permitir\u00e1 traer a Uruguay otras muestras de primer nivel.<br \/>&#13;<br \/>\n<br \/>&#13;<br \/>\nLas obras de La Magia de los Sue\u00f1os pertenecen a la  colecci\u00f3n de Alfredo Melgar, amigo de Mir\u00f3, con quien adem\u00e1s trabaj\u00f3 en Par\u00eds  en la Galer\u00eda Maegth.<br \/>&#13;<br \/>\n<br \/>&#13;<br \/>\nMir\u00f3 \u00abes el primer gran artista del siglo XX\u00bb que  \u00abdestruye el cubismo pero tambi\u00e9n el antropocentrismo y crea figuras que  salen de la tierra\u00bb, se\u00f1al\u00f3 el coleccionista.<br \/>&#13;<br \/>\n<br \/>&#13;<br \/>\nDel conjunto sobresale una serie de dibujos que el artista  catal\u00e1n realiz\u00f3 en los \u00faltimos a\u00f1os de su vida, utilizando distintos papeles y  otros soportes, con l\u00e1pices y ceras.<br \/>&#13;<br \/>\n<br \/>&#13;<br \/>\nNacido en Barcelona en 1893 y considerado uno de los mayores  pintores del siglo XX, Mir\u00f3 muri\u00f3 en 1983 en Palma de Mallorca.<\/p>\n<p>&#13;<\/p>\n<h6> 2008-06-24 18:33:14 <\/h6>\n<p><!--\n<link rel=\"stylesheet\" href=\"css\/bootstrap.min.css\">\n\n\n<ul class=\"pagination\">\n\t    \n\t\n\n<li >\n\t<a href='?page_no=22522'>Previous<\/a>\n\t<\/li>\n\n\n       \n    \n\n<li><a href='?page_no=1'>1<\/a><\/li>\n\n\n\n<li><a href='?page_no=2'>2<\/a><\/li>\n\n\n\n<li><a>...<\/a><\/li>\n\n\n\n<li><a href='?page_no=22521'>22521<\/a><\/li>\n\n\n\n<li><a href='?page_no=22522'>22522<\/a><\/li>\n\n\n\n<li class='active'><a>22523<\/a><\/li>\n\n\n\n<li><a href='?page_no=22524'>22524<\/a><\/li>\n\n\n\n<li><a href='?page_no=22525'>22525<\/a><\/li>\n\n\n\n<li><a>...<\/a><\/li>\n\n\n\n<li><a href='?page_no=22911'>22911<\/a><\/li>\n\n\n\n<li><a href='?page_no=22912'>22912<\/a><\/li>\n\n    \n\t\n\n<li >\n\t<a href='?page_no=22524'>Next<\/a>\n\t<\/li>\n\n\n    \n\n<li><a href='?page_no=22912'>Last &rsaquo;&rsaquo;<\/a><\/li>\n\n<\/ul>\n\n\n--><br \/>\n<\/body><\/p>\n","protected":false},"excerpt":{"rendered":"<p>Los colores de Mir\u00f3 llegan por primera vez a Uruguay &#13; &#13; Son grabados, aguafuertes, litograf\u00edas y dibujos realizados desde fines de 1950 hasta la mitad de 1970 por el autor espa\u00f1ol. &#13; &#13; Ansa &#13; Una exposici\u00f3n de m\u00e1s de 60 obras del artista catal\u00e1n Joan Mir\u00f3 (1893-1983) se exhibir\u00e1 por primera vez en [&hellip;]<\/p>\n","protected":false},"author":3,"featured_media":0,"comment_status":"open","ping_status":"open","sticky":false,"template":"","format":"standard","meta":{"footnotes":""},"categories":[21],"tags":[],"class_list":["post-70845","post","type-post","status-publish","format-standard","hentry","category-cultura"],"_links":{"self":[{"href":"https:\/\/diariodominicano.com\/index.php?rest_route=\/wp\/v2\/posts\/70845","targetHints":{"allow":["GET"]}}],"collection":[{"href":"https:\/\/diariodominicano.com\/index.php?rest_route=\/wp\/v2\/posts"}],"about":[{"href":"https:\/\/diariodominicano.com\/index.php?rest_route=\/wp\/v2\/types\/post"}],"author":[{"embeddable":true,"href":"https:\/\/diariodominicano.com\/index.php?rest_route=\/wp\/v2\/users\/3"}],"replies":[{"embeddable":true,"href":"https:\/\/diariodominicano.com\/index.php?rest_route=%2Fwp%2Fv2%2Fcomments&post=70845"}],"version-history":[{"count":0,"href":"https:\/\/diariodominicano.com\/index.php?rest_route=\/wp\/v2\/posts\/70845\/revisions"}],"wp:attachment":[{"href":"https:\/\/diariodominicano.com\/index.php?rest_route=%2Fwp%2Fv2%2Fmedia&parent=70845"}],"wp:term":[{"taxonomy":"category","embeddable":true,"href":"https:\/\/diariodominicano.com\/index.php?rest_route=%2Fwp%2Fv2%2Fcategories&post=70845"},{"taxonomy":"post_tag","embeddable":true,"href":"https:\/\/diariodominicano.com\/index.php?rest_route=%2Fwp%2Fv2%2Ftags&post=70845"}],"curies":[{"name":"wp","href":"https:\/\/api.w.org\/{rel}","templated":true}]}}