{"id":70843,"date":"2008-06-24T18:39:44","date_gmt":"2008-06-24T18:39:44","guid":{"rendered":"http:\/\/diariodominicano.ddns.net\/?p=70843"},"modified":"2008-06-24T18:39:44","modified_gmt":"2008-06-24T18:39:44","slug":"sacerdote-e-investigador-dominicano-obtiene-premio-cientifico-en-brasil","status":"publish","type":"post","link":"https:\/\/diariodominicano.com\/?p=70843","title":{"rendered":"Sacerdote e investigador dominicano obtiene premio cient\u00edfico en Brasil"},"content":{"rendered":"<p><body><\/p>\n<p align=\"justify\"><span class=\"titulogrande1\">Sacerdote e investigador dominicano obtiene premio cient\u00edfico en  Brasil<\/span><br \/>&#13;<br \/>\n  <br \/>&#13;<br \/>\n    <span class=\"text1noticias\"><em>El jesuita Jos\u00e9 Navarro gan\u00f3 el rengl\u00f3n de Nutrici\u00f3n en Salud P\u00fablica<\/em><\/span><\/p>\n<p>&#13;<\/p>\n<p align=\"justify\" class=\"text1noticias\"><strong>Rep Dom.-<\/strong> El sacerdote  jesuita padre Jos\u00e9 Navarro Garc\u00eda obtuvo el primer lugar del Premio Henri Nestl\u00e9  de investigaci\u00f3n cient\u00edfica, en el \u00e1rea Nutrici\u00f3n en Salud P\u00fablica, otorgado el  pasado 20 de junio en Sao Paulo, Brasil. <\/p>\n<p>&#13;<\/p>\n<p align=\"justify\" class=\"text1noticias\">El padre  Navarro es el coordinador general de la Pastoral Materno Infantil de la Iglesia  Cat\u00f3lica de Rep\u00fablica Dominicana, que viene funcionando a nivel piloto desde  hace tres a\u00f1os, construyendo una propuesta para mejorar la nutrici\u00f3n y el  desarrollo integral en los primeros a\u00f1os de vida. Precisamente este programa constituye  el tema de su tesis de Doctorado en Ciencias de la Nutrici\u00f3n, bajo el tema: \u201cEvaluaci\u00f3n de impacto de un programa de  atenci\u00f3n primaria en salud materno infantil sobre el estado nutricional en el  segundo a\u00f1o de vida\u201d. <\/p>\n<p>&#13;<\/p>\n<p align=\"justify\" class=\"text1noticias\">Entre los resultados principales de la  investigaci\u00f3n, que compar\u00f3 ni\u00f1os acompa\u00f1ados por la Pastoral Materno Infantil  con ni\u00f1os de comunidades de condiciones socioecon\u00f3micas semejantes donde  todav\u00eda no est\u00e1 la pastoral, est\u00e1n los siguientes: 46% de reducci\u00f3n en la  desnutrici\u00f3n cr\u00f3nica, 48% de reducci\u00f3n en el riesgo de sobrepeso, 39% de  reducci\u00f3n en la\u00a0prevalencia de anemia en grados moderado o  severo,\u00a0tres veces mayor prevalencia de lactancia materna exclusiva hasta  los seis meses de edad y aumento\u00a0de 48%\u00a0en la prevalencia de ni\u00f1os  que completaron\u00a0todas las vacunas del primer a\u00f1o de vida.<\/p>\n<p>&#13;<\/p>\n<p align=\"justify\" class=\"text1noticias\">El premio Henri  Nestl\u00e9 es una iniciativa de Nestl\u00e9 Brasil y recibe el apoyo de la Asociaci\u00f3n  Brasile\u00f1a de Nutriolog\u00eda, la Sociedad Brasile\u00f1a de Alimentaci\u00f3n y Nutrici\u00f3n, la  Sociedad Brasile\u00f1a de Ciencia y Tecnolog\u00eda de Alimentos, la Sociedad Brasile\u00f1a  de Nutrici\u00f3n Parenteral y Enteral, y la Sociedad Brasile\u00f1a de Pediatr\u00eda. <\/p>\n<p>&#13;<\/p>\n<p align=\"justify\" class=\"text1noticias\">El concurso  cient\u00edfico premia las mejores investigaciones en las \u00e1reas de Nutrici\u00f3n en  Salud P\u00fablica, Nutrici\u00f3n Cl\u00ednica y Bioqu\u00edmica y Tecnolog\u00eda de Alimentos  realizadas en Universidades y Centros de Investigaci\u00f3n del Brasil. <\/p>\n<p>&#13;<\/p>\n<p align=\"justify\" class=\"text1noticias\">El padre  Navarro represent\u00f3 a la Universidad Federal de Sao Paulo, que es el centro de  estudios donde realiz\u00f3 su doctorado. <\/p>\n<p>&#13;<\/p>\n<p align=\"justify\" class=\"text1noticias\">Jos\u00e9  Navarro, nacido en la ciudad de Bonao, hizo sus estudios secundarios en el Colegio  Don Bosco, de esta capital. A los 16 a\u00f1os de edad ingres\u00f3 a la Universidad  Aut\u00f3noma de Santo Domingo (UASD), donde se gradu\u00f3 de Qu\u00edmico, <em>magna cum laude<\/em>,\u00a0 obteniendo el mayor \u00edndice acad\u00e9mico entre  los profesionales de su graduaci\u00f3n. <br \/>&#13;<br \/>\n  <br \/>&#13;<br \/>\nSu tesis de licenciatura realizada junto  con Fernando Portes, gan\u00f3 el premio de la mejor tesis del a\u00f1o en el campo de la  qu\u00edmica, en la Rep\u00fablica Dominicana. Realiz\u00f3 la Maestr\u00eda en Ciencias de los  Alimentos en la Universidad Nacional Aut\u00f3noma de M\u00e9xico (UNAM). <\/p>\n<p>&#13;<\/p>\n<p align=\"justify\" class=\"text1noticias\">Al regresar  al pa\u00eds, Navarro ingres\u00f3 al noviciado de los padres jesuitas, dando un nuevo  rumbo a su vida. Fue ordenado sacerdote en el a\u00f1o 2000 y ha estado desempe\u00f1ando  sus labores pastorales principalmente en los barrios Los Guandules, Guachupita  y La Ci\u00e9naga, donde es conocido por los feligreses como \u201cpadre Chochi\u201d. En los  \u00faltimos a\u00f1os ha estado combinando la investigaci\u00f3n cient\u00edfica y la acci\u00f3n  pastoral, fundando en Rep\u00fablica Dominicana \u00a0la Pastoral Materno Infantil, como una  adaptaci\u00f3n creativa de la Pastoral del Ni\u00f1o de Brasil.<\/p>\n<p>&#13;<\/p>\n<p align=\"justify\" class=\"text1noticias\">El padre  Navarro integr\u00f3 un equipo profesional interdisciplinario con el cual dise\u00f1\u00f3 un  novedoso programa educativo a trav\u00e9s de grupos de embarazadas y encuentros de  madres con sus beb\u00e9s. Este programa es implementado por voluntarias denominadas  \u201cconsejeras comunitarias\u201d, quienes realizan la acci\u00f3n educativa directamente en  la comunidad. El programa educativo y la investigaci\u00f3n han sido implementados con  apoyo de la Fundaci\u00f3n An\u00f3nima Holandesa, el Fondo de las Naciones Unidas para  la Infancia (UNICEF), la Subsecretar\u00eda de Nutrici\u00f3n y el Departamento Materno  Infantil de la Secretar\u00eda de Estado de Salud P\u00fablica (SESPAS), la Organizaci\u00f3n  Panamericana de la Salud (OPS), la Misi\u00f3n M\u00e9dica Cat\u00f3lica (CMMB) y otras  instituciones como Misiones de Oriente, Fundaci\u00f3n Falconbridge y Verizon  Dominicana.<\/p>\n<p>&#13;<\/p>\n<p align=\"justify\" class=\"text1noticias\">La tesis  doctoral de Jos\u00e9 Navarro cont\u00f3 con la asesor\u00eda de los profesores brasile\u00f1os  Dirce Mar\u00eda Sigulem, Alexandre Ferraro y Aluisio Barros, y con el apoyo en  an\u00e1lisis de datos en la Rep\u00fablica Dominicana del dem\u00f3grafo Juan Polanco, del  Centro de Estudios Sociales y Demogr\u00e1ficos (CESDEM). Los datos de campo fueron  recolectados por estudiantes de medicina de la UASD.<\/p>\n<p>&#13;<\/p>\n<p align=\"justify\" class=\"text1noticias\">El programa  educativo de la Pastoral Materno Infantil puede ser conocido haciendo contacto  a trav\u00e9s de la direcci\u00f3n electr\u00f3nica: pastoralmi@gmail.com.<\/p>\n<p>&#13;<\/p>\n<p align=\"justify\" class=\"text1noticias\">El padre  Navarro es el \u00fanico deominicano en obtener este premio, el cual es es  coordinado por Nestl\u00e9 Research Center (NRC), localizado en Lausanne, Suiza, y  punto focal de las investigaciones cient\u00edficas emprendidas por la compa\u00f1\u00eda. <\/p>\n<p>&#13;<\/p>\n<p align=\"justify\" class=\"text1noticias\">Inaugurado en  1987, el NRC publica por a\u00f1o cerca de 200 estudios que son aplicados en todos  los centros del conglomerado, y que generan 20 patentes confirmadas y nada menos  que 268 publicaciones.<\/p>\n<p>&#13;<\/p>\n<h6> 2008-06-24 18:39:44 <\/h6>\n<p><!--\n<link rel=\"stylesheet\" href=\"css\/bootstrap.min.css\">\n\n\n<ul class=\"pagination\">\n\t    \n\t\n\n<li >\n\t<a href='?page_no=22520'>Previous<\/a>\n\t<\/li>\n\n\n       \n    \n\n<li><a href='?page_no=1'>1<\/a><\/li>\n\n\n\n<li><a href='?page_no=2'>2<\/a><\/li>\n\n\n\n<li><a>...<\/a><\/li>\n\n\n\n<li><a href='?page_no=22519'>22519<\/a><\/li>\n\n\n\n<li><a href='?page_no=22520'>22520<\/a><\/li>\n\n\n\n<li class='active'><a>22521<\/a><\/li>\n\n\n\n<li><a href='?page_no=22522'>22522<\/a><\/li>\n\n\n\n<li><a href='?page_no=22523'>22523<\/a><\/li>\n\n\n\n<li><a>...<\/a><\/li>\n\n\n\n<li><a href='?page_no=22911'>22911<\/a><\/li>\n\n\n\n<li><a href='?page_no=22912'>22912<\/a><\/li>\n\n    \n\t\n\n<li >\n\t<a href='?page_no=22522'>Next<\/a>\n\t<\/li>\n\n\n    \n\n<li><a href='?page_no=22912'>Last &rsaquo;&rsaquo;<\/a><\/li>\n\n<\/ul>\n\n\n--><br \/>\n<\/body><\/p>\n","protected":false},"excerpt":{"rendered":"<p>Sacerdote e investigador dominicano obtiene premio cient\u00edfico en Brasil&#13; &#13; El jesuita Jos\u00e9 Navarro gan\u00f3 el rengl\u00f3n de Nutrici\u00f3n en Salud P\u00fablica &#13; Rep Dom.- El sacerdote jesuita padre Jos\u00e9 Navarro Garc\u00eda obtuvo el primer lugar del Premio Henri Nestl\u00e9 de investigaci\u00f3n cient\u00edfica, en el \u00e1rea Nutrici\u00f3n en Salud P\u00fablica, otorgado el pasado 20 de [&hellip;]<\/p>\n","protected":false},"author":3,"featured_media":0,"comment_status":"open","ping_status":"open","sticky":false,"template":"","format":"standard","meta":{"footnotes":""},"categories":[21],"tags":[],"class_list":["post-70843","post","type-post","status-publish","format-standard","hentry","category-cultura"],"_links":{"self":[{"href":"https:\/\/diariodominicano.com\/index.php?rest_route=\/wp\/v2\/posts\/70843","targetHints":{"allow":["GET"]}}],"collection":[{"href":"https:\/\/diariodominicano.com\/index.php?rest_route=\/wp\/v2\/posts"}],"about":[{"href":"https:\/\/diariodominicano.com\/index.php?rest_route=\/wp\/v2\/types\/post"}],"author":[{"embeddable":true,"href":"https:\/\/diariodominicano.com\/index.php?rest_route=\/wp\/v2\/users\/3"}],"replies":[{"embeddable":true,"href":"https:\/\/diariodominicano.com\/index.php?rest_route=%2Fwp%2Fv2%2Fcomments&post=70843"}],"version-history":[{"count":0,"href":"https:\/\/diariodominicano.com\/index.php?rest_route=\/wp\/v2\/posts\/70843\/revisions"}],"wp:attachment":[{"href":"https:\/\/diariodominicano.com\/index.php?rest_route=%2Fwp%2Fv2%2Fmedia&parent=70843"}],"wp:term":[{"taxonomy":"category","embeddable":true,"href":"https:\/\/diariodominicano.com\/index.php?rest_route=%2Fwp%2Fv2%2Fcategories&post=70843"},{"taxonomy":"post_tag","embeddable":true,"href":"https:\/\/diariodominicano.com\/index.php?rest_route=%2Fwp%2Fv2%2Ftags&post=70843"}],"curies":[{"name":"wp","href":"https:\/\/api.w.org\/{rel}","templated":true}]}}