{"id":70842,"date":"2008-06-24T19:48:08","date_gmt":"2008-06-24T19:48:08","guid":{"rendered":"http:\/\/diariodominicano.ddns.net\/?p=70842"},"modified":"2008-06-24T19:48:08","modified_gmt":"2008-06-24T19:48:08","slug":"biblioteca-nacional-uasd-y-unica-conmemoraran-125-aniversario-de-natalicio-de-pedro-henriquez-urena","status":"publish","type":"post","link":"https:\/\/diariodominicano.com\/?p=70842","title":{"rendered":"Biblioteca Nacional, UASD y UNICA conmemorar\u00e1n 125 aniversario de natalicio de Pedro Henr\u00edquez Ure\u00f1a"},"content":{"rendered":"<p><body><\/p>\n<p align=\"justify\" class=\"titulogrande1\"><strong>Biblioteca  Nacional, UASD y UNICA conmemorar\u00e1n 125 aniversario de natalicio de Pedro  Henr\u00edquez Ure\u00f1a<\/strong><\/p>\n<p>&#13;<\/p>\n<p align=\"justify\" class=\"text1noticias\"><strong>Santo Domingo.-<\/strong> Con motivo de la conmemoraci\u00f3n del ciento veinticuatro  aniversario del natalicio del ilustre escritor dominicano Pedro Henr\u00edquez  Ure\u00f1a, la \u00a0Biblioteca Nacional Pedro  Henr\u00edquez Ure\u00f1a (BNPHU), \u00a0la Universidad Aut\u00f3noma  de Santo Domingo (UASD) y la Universidad   Interamericana (UNICA) le rendir\u00e1n un homenaje p\u00f3stumo.<\/p>\n<p>&#13;<\/p>\n<p align=\"justify\" class=\"text1noticias\">El pr\u00f3ximo d\u00eda viernes 27 el reconocido intelectual doctor  Odal\u00eds P\u00e9rez, dictar\u00e1 la conferencia\u201cPedro  Henr\u00edquez Ure\u00f1a: cultura e historiograf\u00eda en la Am\u00e9rica Hisp\u00e1nica\u201d,  con los auspicios de la   Biblioteca Nacional Pedro Henr\u00edquez Ure\u00f1a, de la UASD\u00a0 y UNICA.<\/p>\n<p>&#13;<\/p>\n<p align=\"justify\" class=\"text1noticias\">Los interesados podr\u00e1n disfrutar la conferencia del  reconocido intelectual, \u00a0a partir de las  5:00 p.m., en el Paraninfo de la   Facultad de Ciencias Econ\u00f3micas y Sociales de la Universidad Aut\u00f3noma  de Santo Domingo.<\/p>\n<p>&#13;<\/p>\n<p align=\"justify\" class=\"text1noticias\">Igualmente, el domingo 29 del presente mes, a las 10:30  a.m., una comisi\u00f3n encabezada por funcionarios de la BNPHU, de la UASD y de UNICA\u00a0 depositar\u00e1, una ofrenda floral en el Pante\u00f3n  de la Patria,  donde reposan los restos del maestro de Am\u00e9rica.<\/p>\n<p>&#13;<\/p>\n<p align=\"justify\" class=\"text1noticias\">El pr\u00f3ximo viernes, antes del inicio de la conferencia  del doctor Odal\u00eds P\u00e9rez, el \u00a0doctor Di\u00f3medes  N\u00fa\u00f1ez Polanco, director de la BNPHU,  \u00a0pronunciar\u00e1 las palabras de apertura del  evento\u00a0 y tras finalizar la charla, el  doctor Franklin Garc\u00eda Ferm\u00edn, rector de la UASD, expresar\u00e1 las palabras \u00a0de clausura.<\/p>\n<p>&#13;<\/p>\n<p align=\"justify\" class=\"text1noticias\">Pedro Henr\u00edquez Ure\u00f1a, uno de los intelectuales dominicanos  de mayor proyecci\u00f3n internacional, naci\u00f3 en Santo Domingo, precisamente el  domingo 29 de junio de 1884 y falleci\u00f3, en Argentina, el 11 de mayo de 1946. <\/p>\n<p>&#13;<\/p>\n<p align=\"justify\" class=\"text1noticias\">Con su vasta y trascendental obra, Henr\u00edquez Ure\u00f1a  engrandeci\u00f3 el nombre de\u00a0 la patria  dominicana, como tambi\u00e9n lo hizo su insigne madre, la poetisa y educadora  Salome Ure\u00f1a de Henr\u00edquez.<\/p>\n<p>&#13;<\/p>\n<h6> 2008-06-24 19:48:08 <\/h6>\n<p><!--\n<link rel=\"stylesheet\" href=\"css\/bootstrap.min.css\">\n\n\n<ul class=\"pagination\">\n\t    \n\t\n\n<li >\n\t<a href='?page_no=22519'>Previous<\/a>\n\t<\/li>\n\n\n       \n    \n\n<li><a href='?page_no=1'>1<\/a><\/li>\n\n\n\n<li><a href='?page_no=2'>2<\/a><\/li>\n\n\n\n<li><a>...<\/a><\/li>\n\n\n\n<li><a href='?page_no=22518'>22518<\/a><\/li>\n\n\n\n<li><a href='?page_no=22519'>22519<\/a><\/li>\n\n\n\n<li class='active'><a>22520<\/a><\/li>\n\n\n\n<li><a href='?page_no=22521'>22521<\/a><\/li>\n\n\n\n<li><a href='?page_no=22522'>22522<\/a><\/li>\n\n\n\n<li><a>...<\/a><\/li>\n\n\n\n<li><a href='?page_no=22911'>22911<\/a><\/li>\n\n\n\n<li><a href='?page_no=22912'>22912<\/a><\/li>\n\n    \n\t\n\n<li >\n\t<a href='?page_no=22521'>Next<\/a>\n\t<\/li>\n\n\n    \n\n<li><a href='?page_no=22912'>Last &rsaquo;&rsaquo;<\/a><\/li>\n\n<\/ul>\n\n\n--><br \/>\n<\/body><\/p>\n","protected":false},"excerpt":{"rendered":"<p>Biblioteca Nacional, UASD y UNICA conmemorar\u00e1n 125 aniversario de natalicio de Pedro Henr\u00edquez Ure\u00f1a &#13; Santo Domingo.- Con motivo de la conmemoraci\u00f3n del ciento veinticuatro aniversario del natalicio del ilustre escritor dominicano Pedro Henr\u00edquez Ure\u00f1a, la \u00a0Biblioteca Nacional Pedro Henr\u00edquez Ure\u00f1a (BNPHU), \u00a0la Universidad Aut\u00f3noma de Santo Domingo (UASD) y la Universidad Interamericana (UNICA) le [&hellip;]<\/p>\n","protected":false},"author":3,"featured_media":0,"comment_status":"open","ping_status":"open","sticky":false,"template":"","format":"standard","meta":{"footnotes":""},"categories":[21],"tags":[],"class_list":["post-70842","post","type-post","status-publish","format-standard","hentry","category-cultura"],"_links":{"self":[{"href":"https:\/\/diariodominicano.com\/index.php?rest_route=\/wp\/v2\/posts\/70842","targetHints":{"allow":["GET"]}}],"collection":[{"href":"https:\/\/diariodominicano.com\/index.php?rest_route=\/wp\/v2\/posts"}],"about":[{"href":"https:\/\/diariodominicano.com\/index.php?rest_route=\/wp\/v2\/types\/post"}],"author":[{"embeddable":true,"href":"https:\/\/diariodominicano.com\/index.php?rest_route=\/wp\/v2\/users\/3"}],"replies":[{"embeddable":true,"href":"https:\/\/diariodominicano.com\/index.php?rest_route=%2Fwp%2Fv2%2Fcomments&post=70842"}],"version-history":[{"count":0,"href":"https:\/\/diariodominicano.com\/index.php?rest_route=\/wp\/v2\/posts\/70842\/revisions"}],"wp:attachment":[{"href":"https:\/\/diariodominicano.com\/index.php?rest_route=%2Fwp%2Fv2%2Fmedia&parent=70842"}],"wp:term":[{"taxonomy":"category","embeddable":true,"href":"https:\/\/diariodominicano.com\/index.php?rest_route=%2Fwp%2Fv2%2Fcategories&post=70842"},{"taxonomy":"post_tag","embeddable":true,"href":"https:\/\/diariodominicano.com\/index.php?rest_route=%2Fwp%2Fv2%2Ftags&post=70842"}],"curies":[{"name":"wp","href":"https:\/\/api.w.org\/{rel}","templated":true}]}}