{"id":70841,"date":"2008-06-30T19:42:14","date_gmt":"2008-06-30T19:42:14","guid":{"rendered":"http:\/\/diariodominicano.ddns.net\/?p=70841"},"modified":"2008-06-30T19:42:14","modified_gmt":"2008-06-30T19:42:14","slug":"cultura-auspicia-campamento-grupos-artisticos-salesianos","status":"publish","type":"post","link":"https:\/\/diariodominicano.com\/?p=70841","title":{"rendered":"Cultura auspicia Campamento Grupos Art\u00edsticos Salesianos"},"content":{"rendered":"<p><body><\/p>\n<p class=\"titulogrande1\"><strong>Cultura  auspicia Campamento<\/strong> <strong>Grupos  Art\u00edsticos Salesianos<\/strong><\/p>\n<p>&#13;<\/p>\n<p align=\"justify\" class=\"text1noticias\"><strong>La  actividad se desarroll\u00f3 del 26 al 29 pasado en Jarabacoa, con la asistencia de  j\u00f3venes de 11 centros salesianos del pa\u00eds.<\/strong><\/p>\n<p>&#13;<\/p>\n<p align=\"justify\" class=\"text1noticias\"><strong><img loading=\"lazy\" decoding=\"async\" src=\"http:\/\/localhost:8080\/img\/grupos salesianos.jpg\" width=\"375\" height=\"250\" hspace=\"4\" align=\"left\" \/>Rep Dom.-<\/strong> La Secretar\u00eda de Estado de Cultura auspici\u00f3 la celebraci\u00f3n del Campamento Nacional de  Grupos Art\u00edsticos Salesianos, celebrado el pasado fin de semana en Pinar  Quemado, Jarabacoa.<\/p>\n<p>&#13;<\/p>\n<p align=\"justify\" class=\"text1noticias\">La actividad, a la que asistieron decenas de  j\u00f3venes de 11 centros salesianos del pa\u00eds, estuvo organizada por la Pastoral Juvenil  Salesiana.<\/p>\n<p>&#13;<\/p>\n<p align=\"justify\" class=\"text1noticias\">El tema del evento este a\u00f1o fue \u201cSistema  Preventivo y Derechos Humanos en las Artes\u201d, y en el mismo tomaron parte  reconocidos maestros de arte, dominicanos y extranjeros, que sirvieron de gu\u00edas  a los participantes.<\/p>\n<p>&#13;<\/p>\n<p align=\"justify\" class=\"text1noticias\"> El campamento, que tuvo cuatro d\u00edas de  duraci\u00f3n, ten\u00eda como objetivos, el de promover la transformaci\u00f3n social  teniendo a los derechos humanos como paradigma de la educaci\u00f3n integral de la  juventud, as\u00ed como ayudar a que los j\u00f3venes artistas de los ambientes educativos  salesianos sean conscientes de sus derechos y se conviertan en promotores de  los mismos.<\/p>\n<p>&#13;<\/p>\n<p align=\"justify\" class=\"text1noticias\">De acuerdo con el padre Ronnie Stephan,  coordinador del evento, el campamento busc\u00f3 \u201csensibilizar a los j\u00f3venes  artistas de nuestros centros juveniles, oratorios y escuelas a fin de que  valoren los derechos humanos y obtengan conocimientos relativos a sus derechos  a cultivar el arte de su preferencia, pero al mismo tiempo conozcan de sus  deberes para darle calidad al trabajo que realizan y a los valores que representan\u201d.<\/p>\n<p>&#13;<\/p>\n<p align=\"justify\" class=\"text1noticias\">En la actividad represent\u00f3 a la Secretar\u00eda de Estado de  Cultura, el licenciado Enegildo Pe\u00f1a, Subsecretario de Cultura para la Regi\u00f3n Norte, quien destac\u00f3 la  labor de desarrollo art\u00edstico que promueve la Pastoral Salesiana  y salud\u00f3 la celebraci\u00f3n de este campamento.<\/p>\n<p>&#13;<\/p>\n<p align=\"justify\" class=\"text1noticias\">En la actividad estuvieron presentes  delegaciones de los centros salesianos de Santo Domingo, Instituto T\u00e9cnico  Salesiano (ITESA), Hogar Escuela Domingo Savio,\u00a0  Oratorio Mar\u00eda Auxiliadora, Santiago de los Caballeros, Mao, La Descubierta, Barahona,  La Vega, Moca y  Jarabacoa.<\/p>\n<p>&#13;<\/p>\n<h6> 2008-06-30 19:42:14 <\/h6>\n<p><!--\n<link rel=\"stylesheet\" href=\"css\/bootstrap.min.css\">\n\n\n<ul class=\"pagination\">\n\t    \n\t\n\n<li >\n\t<a href='?page_no=22518'>Previous<\/a>\n\t<\/li>\n\n\n       \n    \n\n<li><a href='?page_no=1'>1<\/a><\/li>\n\n\n\n<li><a href='?page_no=2'>2<\/a><\/li>\n\n\n\n<li><a>...<\/a><\/li>\n\n\n\n<li><a href='?page_no=22517'>22517<\/a><\/li>\n\n\n\n<li><a href='?page_no=22518'>22518<\/a><\/li>\n\n\n\n<li class='active'><a>22519<\/a><\/li>\n\n\n\n<li><a href='?page_no=22520'>22520<\/a><\/li>\n\n\n\n<li><a href='?page_no=22521'>22521<\/a><\/li>\n\n\n\n<li><a>...<\/a><\/li>\n\n\n\n<li><a href='?page_no=22911'>22911<\/a><\/li>\n\n\n\n<li><a href='?page_no=22912'>22912<\/a><\/li>\n\n    \n\t\n\n<li >\n\t<a href='?page_no=22520'>Next<\/a>\n\t<\/li>\n\n\n    \n\n<li><a href='?page_no=22912'>Last &rsaquo;&rsaquo;<\/a><\/li>\n\n<\/ul>\n\n\n--><br \/>\n<\/body><\/p>\n","protected":false},"excerpt":{"rendered":"<p>Cultura auspicia Campamento Grupos Art\u00edsticos Salesianos &#13; La actividad se desarroll\u00f3 del 26 al 29 pasado en Jarabacoa, con la asistencia de j\u00f3venes de 11 centros salesianos del pa\u00eds. &#13; Rep Dom.- La Secretar\u00eda de Estado de Cultura auspici\u00f3 la celebraci\u00f3n del Campamento Nacional de Grupos Art\u00edsticos Salesianos, celebrado el pasado fin de semana en [&hellip;]<\/p>\n","protected":false},"author":3,"featured_media":0,"comment_status":"open","ping_status":"open","sticky":false,"template":"","format":"standard","meta":{"footnotes":""},"categories":[21],"tags":[],"class_list":["post-70841","post","type-post","status-publish","format-standard","hentry","category-cultura"],"_links":{"self":[{"href":"https:\/\/diariodominicano.com\/index.php?rest_route=\/wp\/v2\/posts\/70841","targetHints":{"allow":["GET"]}}],"collection":[{"href":"https:\/\/diariodominicano.com\/index.php?rest_route=\/wp\/v2\/posts"}],"about":[{"href":"https:\/\/diariodominicano.com\/index.php?rest_route=\/wp\/v2\/types\/post"}],"author":[{"embeddable":true,"href":"https:\/\/diariodominicano.com\/index.php?rest_route=\/wp\/v2\/users\/3"}],"replies":[{"embeddable":true,"href":"https:\/\/diariodominicano.com\/index.php?rest_route=%2Fwp%2Fv2%2Fcomments&post=70841"}],"version-history":[{"count":0,"href":"https:\/\/diariodominicano.com\/index.php?rest_route=\/wp\/v2\/posts\/70841\/revisions"}],"wp:attachment":[{"href":"https:\/\/diariodominicano.com\/index.php?rest_route=%2Fwp%2Fv2%2Fmedia&parent=70841"}],"wp:term":[{"taxonomy":"category","embeddable":true,"href":"https:\/\/diariodominicano.com\/index.php?rest_route=%2Fwp%2Fv2%2Fcategories&post=70841"},{"taxonomy":"post_tag","embeddable":true,"href":"https:\/\/diariodominicano.com\/index.php?rest_route=%2Fwp%2Fv2%2Ftags&post=70841"}],"curies":[{"name":"wp","href":"https:\/\/api.w.org\/{rel}","templated":true}]}}