{"id":70840,"date":"2008-06-30T19:48:18","date_gmt":"2008-06-30T19:48:18","guid":{"rendered":"http:\/\/diariodominicano.ddns.net\/?p=70840"},"modified":"2008-06-30T19:48:18","modified_gmt":"2008-06-30T19:48:18","slug":"romain-valicon-elegido-chef-mas-joven-de-la-academia-culinaria-de-francia","status":"publish","type":"post","link":"https:\/\/diariodominicano.com\/?p=70840","title":{"rendered":"Romain Valicon Elegido chef m\u00e1s joven de la Academia Culinaria de Francia"},"content":{"rendered":"<p><body><\/p>\n<h1 align=\"justify\" class=\"titulogrande1\">Romain Valicon Elegido chef m\u00e1s joven de la Academia Culinaria de Francia<\/h1>\n<p>&#13;<\/p>\n<p align=\"justify\" class=\"text1noticias\"><strong><img loading=\"lazy\" decoding=\"async\" src=\"http:\/\/localhost:8080\/img\/chef francia.jpg\" width=\"375\" height=\"500\" hspace=\"4\" align=\"left\" \/>PUNTA  CANA-BAVARO.-<\/strong> El chef de los hoteles Tortuga Bay y PUNTACANA Hotel,  Romain Valicon, fue seleccionado como el chef m\u00e1s joven de la Academia  Culinaria de Francia.<br \/>&#13;<br \/>\n  <br \/>&#13;<br \/>\n  El  reconocimiento le ser\u00e1 entregado por la embajadora de Francia, se\u00f1ora Cecile Pozzo  Di Borgo, quien estar\u00e1 acompa\u00f1ada por los miembros de la Academia en el pa\u00eds. <br \/>&#13;<br \/>\n  <br \/>&#13;<br \/>\n  El  gerente general de los hoteles Tortuga Bay y PUNTACANA Hotel,  Vincenzo Calcerano, afirm\u00f3 que \u201ceste honor que recibe Valicon, es tambi\u00e9n un  reconocimiento al destino PUNTACANA Resort &amp; Club y a su compromiso en  ofrecer el mejor servicio a nuestros hu\u00e9spedes\u201d.<br \/>&#13;<br \/>\n  <br \/>&#13;<br \/>\n  La   Academia Culinaria de Francia busca fomentar  el desarrollo del arte culinario y la propagaci\u00f3n de la alta gastronom\u00eda,  manteniendo el prestigio de las profesiones de cocineros y pasteleros.<br \/>&#13;<br \/>\n  <br \/>&#13;<br \/>\n  Esta  instituci\u00f3n representa a los m\u00e1s destacados profesionales del \u00e1rea, por lo que  sus miembros pertenecen a la alta jerarqu\u00eda de la cocina y la pasteler\u00eda. La Academia  tiene como visi\u00f3n perpetuar y salvaguardar el patrimonio culinario, a trav\u00e9s de  la educaci\u00f3n, la formaci\u00f3n\u00a0 y el respeto.<\/p>\n<p>&#13;<\/p>\n<h6> 2008-06-30 19:48:18 <\/h6>\n<p><!--\n<link rel=\"stylesheet\" href=\"css\/bootstrap.min.css\">\n\n\n<ul class=\"pagination\">\n\t    \n\t\n\n<li >\n\t<a href='?page_no=22517'>Previous<\/a>\n\t<\/li>\n\n\n       \n    \n\n<li><a href='?page_no=1'>1<\/a><\/li>\n\n\n\n<li><a href='?page_no=2'>2<\/a><\/li>\n\n\n\n<li><a>...<\/a><\/li>\n\n\n\n<li><a href='?page_no=22516'>22516<\/a><\/li>\n\n\n\n<li><a href='?page_no=22517'>22517<\/a><\/li>\n\n\n\n<li class='active'><a>22518<\/a><\/li>\n\n\n\n<li><a href='?page_no=22519'>22519<\/a><\/li>\n\n\n\n<li><a href='?page_no=22520'>22520<\/a><\/li>\n\n\n\n<li><a>...<\/a><\/li>\n\n\n\n<li><a href='?page_no=22911'>22911<\/a><\/li>\n\n\n\n<li><a href='?page_no=22912'>22912<\/a><\/li>\n\n    \n\t\n\n<li >\n\t<a href='?page_no=22519'>Next<\/a>\n\t<\/li>\n\n\n    \n\n<li><a href='?page_no=22912'>Last &rsaquo;&rsaquo;<\/a><\/li>\n\n<\/ul>\n\n\n--><br \/>\n<\/body><\/p>\n","protected":false},"excerpt":{"rendered":"<p>Romain Valicon Elegido chef m\u00e1s joven de la Academia Culinaria de Francia &#13; PUNTA CANA-BAVARO.- El chef de los hoteles Tortuga Bay y PUNTACANA Hotel, Romain Valicon, fue seleccionado como el chef m\u00e1s joven de la Academia Culinaria de Francia.&#13; &#13; El reconocimiento le ser\u00e1 entregado por la embajadora de Francia, se\u00f1ora Cecile Pozzo Di [&hellip;]<\/p>\n","protected":false},"author":3,"featured_media":0,"comment_status":"open","ping_status":"open","sticky":false,"template":"","format":"standard","meta":{"footnotes":""},"categories":[21],"tags":[],"class_list":["post-70840","post","type-post","status-publish","format-standard","hentry","category-cultura"],"_links":{"self":[{"href":"https:\/\/diariodominicano.com\/index.php?rest_route=\/wp\/v2\/posts\/70840","targetHints":{"allow":["GET"]}}],"collection":[{"href":"https:\/\/diariodominicano.com\/index.php?rest_route=\/wp\/v2\/posts"}],"about":[{"href":"https:\/\/diariodominicano.com\/index.php?rest_route=\/wp\/v2\/types\/post"}],"author":[{"embeddable":true,"href":"https:\/\/diariodominicano.com\/index.php?rest_route=\/wp\/v2\/users\/3"}],"replies":[{"embeddable":true,"href":"https:\/\/diariodominicano.com\/index.php?rest_route=%2Fwp%2Fv2%2Fcomments&post=70840"}],"version-history":[{"count":0,"href":"https:\/\/diariodominicano.com\/index.php?rest_route=\/wp\/v2\/posts\/70840\/revisions"}],"wp:attachment":[{"href":"https:\/\/diariodominicano.com\/index.php?rest_route=%2Fwp%2Fv2%2Fmedia&parent=70840"}],"wp:term":[{"taxonomy":"category","embeddable":true,"href":"https:\/\/diariodominicano.com\/index.php?rest_route=%2Fwp%2Fv2%2Fcategories&post=70840"},{"taxonomy":"post_tag","embeddable":true,"href":"https:\/\/diariodominicano.com\/index.php?rest_route=%2Fwp%2Fv2%2Ftags&post=70840"}],"curies":[{"name":"wp","href":"https:\/\/api.w.org\/{rel}","templated":true}]}}