{"id":70839,"date":"2008-06-30T19:57:34","date_gmt":"2008-06-30T19:57:34","guid":{"rendered":"http:\/\/diariodominicano.ddns.net\/?p=70839"},"modified":"2008-06-30T19:57:34","modified_gmt":"2008-06-30T19:57:34","slug":"odalis-perez-propone-lectura-critica-de-obra-de-henriquez-urena","status":"publish","type":"post","link":"https:\/\/diariodominicano.com\/?p=70839","title":{"rendered":"Odal\u00eds P\u00e9rez propone lectura cr\u00edtica de obra de Henr\u00edquez Ure\u00f1a"},"content":{"rendered":"<p><body><\/p>\n<p align=\"center\" class=\"titulogrande1\"><strong>Odal\u00eds P\u00e9rez propone lectura cr\u00edtica de obra de Henr\u00edquez Ure\u00f1a<\/strong><strong> <\/strong><\/p>\n<p>&#13;<\/p>\n<p align=\"justify\" class=\"text1noticias\"><strong><img loading=\"lazy\" decoding=\"async\" src=\"http:\/\/localhost:8080\/img\/odalis conferencia.jpg\" width=\"375\" height=\"255\" hspace=\"4\" align=\"left\" \/>SANTO DOMINGO.-<\/strong> Al pronunciar una conferencia magistral  con motivo del \u00a0ciento veinticuatro aniversario del natalicio  del ilustre escritor dominicano Pedro Henr\u00edquez Ure\u00f1a, el reconocido intelectual\u00a0 Odal\u00eds P\u00e9rez propuso que la obra del  humanista sea le\u00edda con sentido cr\u00edtico, para propiciar una reflexi\u00f3n sobre la  realidad social dominicana.<\/p>\n<p>&#13;<\/p>\n<p align=\"justify\" class=\"text1noticias\">Lament\u00f3 que en la Rep\u00fablica Dominicana  una obra tan fundamental como la de Pedro Henr\u00edquez Ure\u00f1a no haya logrado imponerse ni en la sociedad  ni en las universidades ni en el ambiente intelectual. <\/p>\n<p>&#13;<\/p>\n<p align=\"justify\" class=\"text1noticias\">La conferencia del doctor P\u00e9rez, titulada \u00abPedro Henr\u00edquez Ure\u00f1a: cultura e historiograf\u00eda en la Am\u00e9rica Hisp\u00e1nica\u201d,  fue auspiciada por \u00a0la\u00a0 Biblioteca Nacional Pedro  Henr\u00edquez Ure\u00f1a (BNPHU),\u00a0 la Universidad Aut\u00f3noma  de Santo Domingo y la Universidad   Interamericana (UNICA), que\u00a0  le rindieron un homenaje al insigne escritor el pasado viernes, en el  Paraninfo de la Facultad  de Ciencias Econ\u00f3micas y Sociales de la UASD.<\/p>\n<p>&#13;<\/p>\n<p align=\"justify\" class=\"text1noticias\">El doctor P\u00e9rez dijo que sobre Pedro  Henr\u00edquez Ure\u00f1a, que fue el maestro de Am\u00e9rica,\u00a0  \u00abse ha dicho mucho y poco\u00bb, y pidi\u00f3 que no se le mitifique,  sino que se lea su obra ponderadamente, a fin de que su pensamiento motive a la  sociedad a reflexionar sobre los problemas actuales. <\/p>\n<p>&#13;<\/p>\n<p align=\"justify\" class=\"text1noticias\">\u00abDebemos explicar qu\u00e9 es lo que  valen las ideas de \u00e9l. Seguimos siendo contempor\u00e1neos de Pedro Henr\u00edquez  Ure\u00f1a\u00bb, manifest\u00f3.<\/p>\n<p>&#13;<\/p>\n<p align=\"justify\" class=\"text1noticias\">Indic\u00f3 que el maestro Henr\u00edquez Ure\u00f1a  \u00abprodujo una reflexi\u00f3n entorno a los valores visibles y sensibles de la  producci\u00f3n cultural, literaria y social de la Am\u00e9rica continental\u00bb.<\/p>\n<p>&#13;<\/p>\n<p align=\"justify\" class=\"text1noticias\">Expres\u00f3 que la contribuci\u00f3n de Henr\u00edquez Ure\u00f1a a la historiograf\u00eda  hispanoamericana\u00a0 es fundamental,\u00a0 por cuanto facilita, aporta, induce y  propicia \u00abuna visi\u00f3n identitaria de la cultura, la lengua, la historia, la  educaci\u00f3n y el sujeto social\u00bb.<\/p>\n<p>&#13;<\/p>\n<p align=\"justify\" class=\"text1noticias\">Antes del inicio de la conferencia,\u00a0 el\u00a0  doctor Di\u00f3medes N\u00fa\u00f1ez Polanco, director de la BNPHU, resalt\u00f3 la  trascendental\u00a0 obra de Henr\u00edquez Ure\u00f1a y  record\u00f3 que en 2009 se celebrar\u00e1 el 125 aniversario de su nacimiento, que  coincide con el centenario del natalicio del profesor Juan Bosch y con otras  grandes celebraciones.<\/p>\n<p>&#13;<\/p>\n<p align=\"justify\" class=\"text1noticias\">La semblanza de Henr\u00edquez Ure\u00f1a fue  le\u00edda por el licenciado Gabriel Read, rector de la Universidad   Interamericana, y las palabras de clausura del acto  estuvieron a cargo del decano de la   Facultad de Humanidades de la UASD, Rafael Morla, quien represent\u00f3 al rector de  la Academia,  doctor\u00a0 Franklin Garc\u00eda Ferm\u00edn.<\/p>\n<p>&#13;<\/p>\n<p align=\"justify\" class=\"text1noticias\">Morla expres\u00f3 que como hombre de  pensamiento complejo y profundo Henr\u00edquez Ure\u00f1a elev\u00f3 su pensar por encima del  ruido y la apariencia del mundo. \u00abPor eso cuando reflexion\u00f3 en torno a las  diferencias de lengua, de culturas, de las tradiciones, no vio en ellas  divisiones insalvables, sino diversos matices de la unidad humana\u00bb.<\/p>\n<p>&#13;<\/p>\n<p align=\"justify\" class=\"text1noticias\">Henr\u00edquez Ure\u00f1a, uno de los intelectuales dominicanos de mayor proyecci\u00f3n  internacional, naci\u00f3 en Santo  Domingo,\u00a0 el domingo 29 de junio de 1884  y falleci\u00f3, en Argentina, el 11 de mayo de 1946. <\/p>\n<p>&#13;<\/p>\n<h6> 2008-06-30 19:57:34 <\/h6>\n<p><!--\n<link rel=\"stylesheet\" href=\"css\/bootstrap.min.css\">\n\n\n<ul class=\"pagination\">\n\t    \n\t\n\n<li >\n\t<a href='?page_no=22516'>Previous<\/a>\n\t<\/li>\n\n\n       \n    \n\n<li><a href='?page_no=1'>1<\/a><\/li>\n\n\n\n<li><a href='?page_no=2'>2<\/a><\/li>\n\n\n\n<li><a>...<\/a><\/li>\n\n\n\n<li><a href='?page_no=22515'>22515<\/a><\/li>\n\n\n\n<li><a href='?page_no=22516'>22516<\/a><\/li>\n\n\n\n<li class='active'><a>22517<\/a><\/li>\n\n\n\n<li><a href='?page_no=22518'>22518<\/a><\/li>\n\n\n\n<li><a href='?page_no=22519'>22519<\/a><\/li>\n\n\n\n<li><a>...<\/a><\/li>\n\n\n\n<li><a href='?page_no=22911'>22911<\/a><\/li>\n\n\n\n<li><a href='?page_no=22912'>22912<\/a><\/li>\n\n    \n\t\n\n<li >\n\t<a href='?page_no=22518'>Next<\/a>\n\t<\/li>\n\n\n    \n\n<li><a href='?page_no=22912'>Last &rsaquo;&rsaquo;<\/a><\/li>\n\n<\/ul>\n\n\n--><br \/>\n<\/body><\/p>\n","protected":false},"excerpt":{"rendered":"<p>Odal\u00eds P\u00e9rez propone lectura cr\u00edtica de obra de Henr\u00edquez Ure\u00f1a &#13; SANTO DOMINGO.- Al pronunciar una conferencia magistral con motivo del \u00a0ciento veinticuatro aniversario del natalicio del ilustre escritor dominicano Pedro Henr\u00edquez Ure\u00f1a, el reconocido intelectual\u00a0 Odal\u00eds P\u00e9rez propuso que la obra del humanista sea le\u00edda con sentido cr\u00edtico, para propiciar una reflexi\u00f3n sobre la [&hellip;]<\/p>\n","protected":false},"author":3,"featured_media":0,"comment_status":"open","ping_status":"open","sticky":false,"template":"","format":"standard","meta":{"footnotes":""},"categories":[21],"tags":[],"class_list":["post-70839","post","type-post","status-publish","format-standard","hentry","category-cultura"],"_links":{"self":[{"href":"https:\/\/diariodominicano.com\/index.php?rest_route=\/wp\/v2\/posts\/70839","targetHints":{"allow":["GET"]}}],"collection":[{"href":"https:\/\/diariodominicano.com\/index.php?rest_route=\/wp\/v2\/posts"}],"about":[{"href":"https:\/\/diariodominicano.com\/index.php?rest_route=\/wp\/v2\/types\/post"}],"author":[{"embeddable":true,"href":"https:\/\/diariodominicano.com\/index.php?rest_route=\/wp\/v2\/users\/3"}],"replies":[{"embeddable":true,"href":"https:\/\/diariodominicano.com\/index.php?rest_route=%2Fwp%2Fv2%2Fcomments&post=70839"}],"version-history":[{"count":0,"href":"https:\/\/diariodominicano.com\/index.php?rest_route=\/wp\/v2\/posts\/70839\/revisions"}],"wp:attachment":[{"href":"https:\/\/diariodominicano.com\/index.php?rest_route=%2Fwp%2Fv2%2Fmedia&parent=70839"}],"wp:term":[{"taxonomy":"category","embeddable":true,"href":"https:\/\/diariodominicano.com\/index.php?rest_route=%2Fwp%2Fv2%2Fcategories&post=70839"},{"taxonomy":"post_tag","embeddable":true,"href":"https:\/\/diariodominicano.com\/index.php?rest_route=%2Fwp%2Fv2%2Ftags&post=70839"}],"curies":[{"name":"wp","href":"https:\/\/api.w.org\/{rel}","templated":true}]}}