{"id":70838,"date":"2008-06-30T21:27:12","date_gmt":"2008-06-30T21:27:12","guid":{"rendered":"http:\/\/diariodominicano.ddns.net\/?p=70838"},"modified":"2008-06-30T21:27:12","modified_gmt":"2008-06-30T21:27:12","slug":"pared-perez-reitera-2009-anos-del-centenario-del-natalicio-de-juan-bosch","status":"publish","type":"post","link":"https:\/\/diariodominicano.com\/?p=70838","title":{"rendered":"Pared P\u00e9rez Reitera: 2009 a\u00f1os del centenario del natalicio de Juan Bosch"},"content":{"rendered":"<p><body><\/p>\n<p class=\"titulogrande1\"><strong>Pared P\u00e9rez Reitera:  2009 a\u00f1os del centenario del natalicio de Juan Bosch<\/strong><\/p>\n<p>&#13;<\/p>\n<p align=\"justify\" class=\"text1noticias\">Bosch es el  dominicano con mayor similitud al padre de la patria Juan Pablo Duarte. <br \/>&#13;<br \/>\n    <strong><br \/>&#13;<br \/>\n    Santo Domingo.- <\/strong>Reinaldo  Pared P\u00e9rez,  Secretario general del Partido de la Liberaci\u00f3n Dominicana, reiter\u00f3 su  propuesta para que el 2009, sea declarado a\u00f1o del Centenario del  nacimiento del Profesor Juan Bosch, a cuya celebraci\u00f3n, opina, \u00a0deben  sumarse todos los sectores de la naci\u00f3n. <br \/>&#13;<br \/>\n  <br \/>&#13;<br \/>\n Dijo  que dentro de un a\u00f1o, el 30 de junio de 2009, se conmemorar\u00e1n los 100 a\u00f1os del  nacimiento del Profesor Juan Bosch, a quien considera un ciudadano \u00a0tan  ilustre y trascendente que ha devenido en ser inmortal.<br \/>&#13;<br \/>\n  <br \/>&#13;<br \/>\n Insisti\u00f3  en que \u00a0todos los sectores de la naci\u00f3n dominicana, sin exclusi\u00f3n de  ninguno deben avocarse a celebrar y conmemorar el nacimiento del profesor Juan  Bosch, que es el dominicano m\u00e1s ilustre y el que guarda m\u00e1s parecido y m\u00e1s  similitud con el fundador de la patria Juan Pablo Duarte.<br \/>&#13;<br \/>\n  <br \/>&#13;<br \/>\n  \u00abTenga  usted, compa\u00f1ero maestro, compa\u00f1ero gu\u00eda, compa\u00f1ero l\u00edder insustituible, que  muchos hombres y mujeres no traicionaremos jam\u00e1s su memoria, porque hemos  sabido apreciar y aquilatar lo que tu fuiste en vida y lo que ser\u00e1s siendo aun  despu\u00e9s de tu desaparici\u00f3n f\u00edsicas\u00bb, precis\u00f3 Reinaldo Pared P\u00e9rez al  hablar ante cientos de pelede\u00edstas reunidos en la Casa Nacional del PLD en la  ma\u00f1ana de este viernes.<br \/>&#13;<br \/>\n  <br \/>&#13;<br \/>\n  El  vocero del PLD \u00a0dijo que de los alumnos y seguidores del Profesor  Bosch depende que su brillante memoria permanezca por siempre entre todos  los dominicanos.<br \/>&#13;<br \/>\n  <br \/>&#13;<br \/>\n El  tambi\u00e9n presidente del Senado de la Rep\u00fablica expres\u00f3 que el reto de los  pelede\u00edstas es no defraudar jam\u00e1s la memoria del mentor y gu\u00eda del Partido de  la Liberaci\u00f3n Dominicana. <br \/>&#13;<br \/>\n  <br \/>&#13;<br \/>\n Manifest\u00f3  que el fenecido ex presidente ha sido una figura que ha jugado un papel  de primer orden en la vida de muchos hombres y mujeres.<br \/>&#13;<br \/>\n  <br \/>&#13;<br \/>\n  \u00abEsos  hombres y Esas mujeres que han seguido y siguen al profesor Juan Bosch les  anima siempre un \u00fanico prop\u00f3sito: es servirle a la Patria\u00bb, agreg\u00f3 Pared  P\u00e9rez.<br \/>&#13;<br \/>\n  <br \/>&#13;<br \/>\n Aclar\u00f3  que cuando se refiere a esos hombres y mujeres que de manera sincera y sin  dobleces han seguido y siguen al profesor Juan Bosch.<\/p>\n<p>&#13;<\/p>\n<p align=\"justify\" class=\"text1noticias\"> Reinaldo Pared P\u00e9rez improvis\u00f3 unas palabras en la culminaci\u00f3n del acto  solemne de izamiento de las banderas nacional y del PLD en horas de la ma\u00f1ana  de este lunes, ceremonia ubicada dentro de los actos de celebraci\u00f3n de los 99  a\u00f1os de nacimientos del maestro de la pol\u00edtica y gloria nacional.<\/p>\n<p>&#13;<\/p>\n<p align=\"justify\" class=\"text1noticias\"> Los  jardines de la Casa Nacional y el foro de la Cultura del PLD se atestaron de  dirigentes, militantes del PLD y personas de pueblo quienes se apersonaron a la  sede pelede\u00edsta para rendir tributo a Juan Bosch en su cumplea\u00f1os.<br \/>&#13;<br \/>\n\u00a0\u00a0\u00a0<br \/>&#13;<br \/>\nEl  secretario general del PLD destac\u00f3 la presencia en la actividad de Antonio  Abreu, primer Secretario General del PLD; y Mildred Guzm\u00e1n, quien fuera  asistente del l\u00edder pelede\u00edsta; as\u00ed como de dirigentes y representantes de los  Comit\u00e9s Pol\u00edtico y Central del PLD.<\/p>\n<p>&#13;<\/p>\n<p align=\"justify\" class=\"text1noticias\"> Cristina  Lizardo, coordinadora de la Comisi\u00f3n Organizadora de los 99 a\u00f1os del profesor  Juan Bosch estuvo presente en los actos as\u00ed como sus compa\u00f1eros del Comit\u00e9  Pol\u00edtico, Jaime David Fern\u00e1ndez Mirabal, ex vicepresidente de la Republica,  Lidio Cadet, Bautista Rojas G\u00f3mez y \u00a0miembros del Comit\u00e9 Central,  Secretarios de Estado y Directores Generales. <\/p>\n<p>&#13;<\/p>\n<p align=\"justify\" class=\"text1noticias\"> Una  representaci\u00f3n de las seccionales del PLD en los Estados Unidos tambi\u00e9n estuvo  presente en la ceremonia, valorada positivamente por los asistentes.<\/p>\n<p>&#13;<\/p>\n<p align=\"justify\" class=\"text1noticias\"> Familiares  del Profesor Juan Bosch y la fundaci\u00f3n que lleva\u00a0de nombre del insigne  maestro de la pol\u00edtica, estuvieron presentes en el acto.<\/p>\n<p>&#13;<\/p>\n<p align=\"justify\" class=\"text1noticias\">Las banderas fueron izadas acorde los himnos nacional y del PLD a cargo  de la rondalla Profesor Juan Bosch por una comisi\u00f3n compuesta por Pedro Pe\u00f1a  Rubio y Rub\u00e9n Mont\u00e1s vice secretarios Generales del PLD y las integrantes del  Comit\u00e9 Central Gladys Guti\u00e9rrez y Teotiste S\u00e1nchez.<br \/>&#13;<br \/>\n  <br \/>&#13;<br \/>\n  Luego  del acto solemne los asistentes disfrutaron de las interpretaciones de Manuel  Fr\u00edas y del grupo coral quienes montaron interpretaciones en honor al Profesor  Juan Bosch con los que festejaron su natalicio 99. <\/p>\n<p>&#13;<\/p>\n<h6> 2008-06-30 21:27:12 <\/h6>\n<p><!--\n<link rel=\"stylesheet\" href=\"css\/bootstrap.min.css\">\n\n\n<ul class=\"pagination\">\n\t    \n\t\n\n<li >\n\t<a href='?page_no=22515'>Previous<\/a>\n\t<\/li>\n\n\n       \n    \n\n<li><a href='?page_no=1'>1<\/a><\/li>\n\n\n\n<li><a href='?page_no=2'>2<\/a><\/li>\n\n\n\n<li><a>...<\/a><\/li>\n\n\n\n<li><a href='?page_no=22514'>22514<\/a><\/li>\n\n\n\n<li><a href='?page_no=22515'>22515<\/a><\/li>\n\n\n\n<li class='active'><a>22516<\/a><\/li>\n\n\n\n<li><a href='?page_no=22517'>22517<\/a><\/li>\n\n\n\n<li><a href='?page_no=22518'>22518<\/a><\/li>\n\n\n\n<li><a>...<\/a><\/li>\n\n\n\n<li><a href='?page_no=22911'>22911<\/a><\/li>\n\n\n\n<li><a href='?page_no=22912'>22912<\/a><\/li>\n\n    \n\t\n\n<li >\n\t<a href='?page_no=22517'>Next<\/a>\n\t<\/li>\n\n\n    \n\n<li><a href='?page_no=22912'>Last &rsaquo;&rsaquo;<\/a><\/li>\n\n<\/ul>\n\n\n--><br \/>\n<\/body><\/p>\n","protected":false},"excerpt":{"rendered":"<p>Pared P\u00e9rez Reitera: 2009 a\u00f1os del centenario del natalicio de Juan Bosch &#13; Bosch es el dominicano con mayor similitud al padre de la patria Juan Pablo Duarte. &#13; &#13; Santo Domingo.- Reinaldo Pared P\u00e9rez, Secretario general del Partido de la Liberaci\u00f3n Dominicana, reiter\u00f3 su propuesta para que el 2009, sea declarado a\u00f1o del Centenario [&hellip;]<\/p>\n","protected":false},"author":3,"featured_media":0,"comment_status":"open","ping_status":"open","sticky":false,"template":"","format":"standard","meta":{"footnotes":""},"categories":[21],"tags":[],"class_list":["post-70838","post","type-post","status-publish","format-standard","hentry","category-cultura"],"_links":{"self":[{"href":"https:\/\/diariodominicano.com\/index.php?rest_route=\/wp\/v2\/posts\/70838","targetHints":{"allow":["GET"]}}],"collection":[{"href":"https:\/\/diariodominicano.com\/index.php?rest_route=\/wp\/v2\/posts"}],"about":[{"href":"https:\/\/diariodominicano.com\/index.php?rest_route=\/wp\/v2\/types\/post"}],"author":[{"embeddable":true,"href":"https:\/\/diariodominicano.com\/index.php?rest_route=\/wp\/v2\/users\/3"}],"replies":[{"embeddable":true,"href":"https:\/\/diariodominicano.com\/index.php?rest_route=%2Fwp%2Fv2%2Fcomments&post=70838"}],"version-history":[{"count":0,"href":"https:\/\/diariodominicano.com\/index.php?rest_route=\/wp\/v2\/posts\/70838\/revisions"}],"wp:attachment":[{"href":"https:\/\/diariodominicano.com\/index.php?rest_route=%2Fwp%2Fv2%2Fmedia&parent=70838"}],"wp:term":[{"taxonomy":"category","embeddable":true,"href":"https:\/\/diariodominicano.com\/index.php?rest_route=%2Fwp%2Fv2%2Fcategories&post=70838"},{"taxonomy":"post_tag","embeddable":true,"href":"https:\/\/diariodominicano.com\/index.php?rest_route=%2Fwp%2Fv2%2Ftags&post=70838"}],"curies":[{"name":"wp","href":"https:\/\/api.w.org\/{rel}","templated":true}]}}