{"id":70837,"date":"2008-07-01T00:27:03","date_gmt":"2008-07-01T00:27:03","guid":{"rendered":"http:\/\/diariodominicano.ddns.net\/?p=70837"},"modified":"2008-07-01T00:27:03","modified_gmt":"2008-07-01T00:27:03","slug":"sec-pondra-a-circular-hoy-miercoles-libro-del-grupo-literario-la-antorcha","status":"publish","type":"post","link":"https:\/\/diariodominicano.com\/?p=70837","title":{"rendered":"SEC pondr\u00e1 a circular hoy mi\u00e9rcoles libro del grupo literario La Antorcha"},"content":{"rendered":"<p><body><\/p>\n<p class=\"titulogrande1\">SEC pondr\u00e1 a circular hoy mi\u00e9rcoles  libro del grupo literario La Antorcha<\/p>\n<p>&#13;<\/p>\n<p align=\"justify\" class=\"text1noticias\"><strong>Santo Domingo.-<\/strong> La Secretar\u00eda de Estado de Cultura pondr\u00e1  en circulaci\u00f3n el libro \u00abPalabra para cruzar el r\u00edo\u00bb, una producci\u00f3n  del desaparecido grupo literario La Antorcha, en un acto que estar\u00e1 presidido  por el Secretario de Estado de Cultura, licenciado Jos\u00e9 Rafael Lantigua.<br \/>&#13;<br \/>\n    <br \/>&#13;<br \/>\n  La actividad se realizar\u00e1 ma\u00f1ana mi\u00e9rcoles 2 de julio, a las 6:00 de la tarde,  en la Sala de Arte Ram\u00f3n Oviedo.<br \/>&#13;<br \/>\n  <br \/>&#13;<br \/>\n  La obra recoge poemas y ensayos de los  integrantes del grupo literario\u00a0\u00a0 La Antorcha,\u00a0que en la d\u00e9cada  de los 60, junto a otros grupos alumbraron el pa\u00eds incorporando a la juventud  de entonces a los afanes y a la producci\u00f3n literaria.<br \/>&#13;<br \/>\n  <br \/>&#13;<br \/>\n  Las palabras introductorias ser\u00e1n pronunciadas por\u00a0 Basilio Belliard,  director General del Libro y la Lectura de la Secretar\u00eda de Cultura. Mientras  que el Secretario de Estado de Cultura, Jos\u00e9 Rafael Lantigua, tendr\u00e1 a su cargo  las palabras centrales de la actividad cultural.<br \/>&#13;<br \/>\n  <br \/>&#13;<br \/>\n  En la actividad cultural los  intelectuales Mateo Morrison, Soledad \u00c1lvarez y Alexis G\u00f3mez y Enrique Eusebio,  aprovechar\u00e1n el escenario y el momento para recordar algunas de las  producciones del grupo, y los poemas de Rafael Abreu (fallecido), ser\u00e1n  declamados.<br \/>&#13;<br \/>\n  <br \/>&#13;<br \/>\n  La puesta en circulaci\u00f3n del libro se enmarca dentro de las actividades  conmemorativas del 40 aniversario de la fundaci\u00f3n del\u00a0 Grupo La Antorcha, creado  por un grupo de j\u00f3venes visionarios que tambi\u00e9n hicieron posible la formaci\u00f3n  de agrupaciones que jugaron importantes papeles en la toma de conciencia de la  juventud de ese entonces.<\/p>\n<p>&#13;<\/p>\n<h6> 2008-07-01 00:27:03 <\/h6>\n<p><!--\n<link rel=\"stylesheet\" href=\"css\/bootstrap.min.css\">\n\n\n<ul class=\"pagination\">\n\t    \n\t\n\n<li >\n\t<a href='?page_no=22514'>Previous<\/a>\n\t<\/li>\n\n\n       \n    \n\n<li><a href='?page_no=1'>1<\/a><\/li>\n\n\n\n<li><a href='?page_no=2'>2<\/a><\/li>\n\n\n\n<li><a>...<\/a><\/li>\n\n\n\n<li><a href='?page_no=22513'>22513<\/a><\/li>\n\n\n\n<li><a href='?page_no=22514'>22514<\/a><\/li>\n\n\n\n<li class='active'><a>22515<\/a><\/li>\n\n\n\n<li><a href='?page_no=22516'>22516<\/a><\/li>\n\n\n\n<li><a href='?page_no=22517'>22517<\/a><\/li>\n\n\n\n<li><a>...<\/a><\/li>\n\n\n\n<li><a href='?page_no=22911'>22911<\/a><\/li>\n\n\n\n<li><a href='?page_no=22912'>22912<\/a><\/li>\n\n    \n\t\n\n<li >\n\t<a href='?page_no=22516'>Next<\/a>\n\t<\/li>\n\n\n    \n\n<li><a href='?page_no=22912'>Last &rsaquo;&rsaquo;<\/a><\/li>\n\n<\/ul>\n\n\n--><br \/>\n<\/body><\/p>\n","protected":false},"excerpt":{"rendered":"<p>SEC pondr\u00e1 a circular hoy mi\u00e9rcoles libro del grupo literario La Antorcha &#13; Santo Domingo.- La Secretar\u00eda de Estado de Cultura pondr\u00e1 en circulaci\u00f3n el libro \u00abPalabra para cruzar el r\u00edo\u00bb, una producci\u00f3n del desaparecido grupo literario La Antorcha, en un acto que estar\u00e1 presidido por el Secretario de Estado de Cultura, licenciado Jos\u00e9 Rafael [&hellip;]<\/p>\n","protected":false},"author":3,"featured_media":0,"comment_status":"open","ping_status":"open","sticky":false,"template":"","format":"standard","meta":{"footnotes":""},"categories":[21],"tags":[],"class_list":["post-70837","post","type-post","status-publish","format-standard","hentry","category-cultura"],"_links":{"self":[{"href":"https:\/\/diariodominicano.com\/index.php?rest_route=\/wp\/v2\/posts\/70837","targetHints":{"allow":["GET"]}}],"collection":[{"href":"https:\/\/diariodominicano.com\/index.php?rest_route=\/wp\/v2\/posts"}],"about":[{"href":"https:\/\/diariodominicano.com\/index.php?rest_route=\/wp\/v2\/types\/post"}],"author":[{"embeddable":true,"href":"https:\/\/diariodominicano.com\/index.php?rest_route=\/wp\/v2\/users\/3"}],"replies":[{"embeddable":true,"href":"https:\/\/diariodominicano.com\/index.php?rest_route=%2Fwp%2Fv2%2Fcomments&post=70837"}],"version-history":[{"count":0,"href":"https:\/\/diariodominicano.com\/index.php?rest_route=\/wp\/v2\/posts\/70837\/revisions"}],"wp:attachment":[{"href":"https:\/\/diariodominicano.com\/index.php?rest_route=%2Fwp%2Fv2%2Fmedia&parent=70837"}],"wp:term":[{"taxonomy":"category","embeddable":true,"href":"https:\/\/diariodominicano.com\/index.php?rest_route=%2Fwp%2Fv2%2Fcategories&post=70837"},{"taxonomy":"post_tag","embeddable":true,"href":"https:\/\/diariodominicano.com\/index.php?rest_route=%2Fwp%2Fv2%2Ftags&post=70837"}],"curies":[{"name":"wp","href":"https:\/\/api.w.org\/{rel}","templated":true}]}}