{"id":70833,"date":"2008-07-01T22:59:43","date_gmt":"2008-07-01T22:59:43","guid":{"rendered":"http:\/\/diariodominicano.ddns.net\/?p=70833"},"modified":"2008-07-01T22:59:43","modified_gmt":"2008-07-01T22:59:43","slug":"centro-de-la-cultura-de-santiago-conforma-la-orquesta-sinfonica-elemental-juvenil-del-cibao","status":"publish","type":"post","link":"https:\/\/diariodominicano.com\/?p=70833","title":{"rendered":"Centro de la Cultura de Santiago Conforma La Orquesta Sinf\u00f3nica Elemental Juvenil del Cibao"},"content":{"rendered":"<p><body><\/p>\n<p align=\"justify\" class=\"titulogrande1\">Centro de la Cultura de Santiago  Conforma La   Orquesta Sinf\u00f3nica Elemental Juvenil del Cibao<\/p>\n<p>&#13;<\/p>\n<p align=\"justify\" class=\"text1noticias\"><strong><img loading=\"lazy\" decoding=\"async\" src=\"http:\/\/localhost:8080\/img\/sinfonica juventud.jpg\" width=\"375\" height=\"284\" hspace=\"4\" align=\"left\" \/>Santiago.-<\/strong> Con la  participaci\u00f3n de un entusiasta p\u00fablico que colm\u00f3 la Sala H\u00e9ctor  Inch\u00e1ustegui Cabral, del Centro de la Cultura de Santiago, qued\u00f3 conformada la Orquesta Sinf\u00f3nica  Elemental Juvenil del Cibao, al mismo tiempo que se conmemor\u00f3 el natalicio del  Profesor Juan Bosch.<\/p>\n<p>&#13;<\/p>\n<p align=\"justify\" class=\"text1noticias\">Al evento \u201cJuventud en  Concierto\u201d asistieron m\u00e1s de 55 j\u00f3venes m\u00fasicos, tanto de las de las escuelas  que conforman el Sistema de Orquestas Infantiles y Juveniles,\u00a0 que\u00a0  auspicia la   Secretar\u00eda de Estado de Cultura, as\u00ed como de otros centros  privados y estatales. En este gran encuentro se dieron cita talentosos  estudiantes de distintas academias de m\u00fasica de Santiago, Bonao y La Vega.<\/p>\n<p>&#13;<\/p>\n<p align=\"justify\" class=\"text1noticias\"> El Lic. Di\u00f3medes N\u00fa\u00f1ez  Polanco, Director de la Biblioteca Nacional,  ley\u00f3 la semblanza del Prof. Juan Bosch en el 99 aniversario de su natalicio y  destac\u00f3 los puntos m\u00e1s relevantes de su vida, dedicada a luchar por la libertad  y el desarrollo del pueblo dominicano. <\/p>\n<p>&#13;<\/p>\n<p align=\"justify\" class=\"text1noticias\">El Departamento de m\u00fasica  del Centro de la Cultura  de Santiago, dirigido por Marcelino Montes, junto a la Escuela de Violines de  dicho Centro, dirigida por el Maestro Frank Hern\u00e1ndez, sirvieron de anfitriones  para este importante espect\u00e1culo.<\/p>\n<p>&#13;<\/p>\n<p align=\"justify\" class=\"text1noticias\">El director del Centro de la Cultura de Santiago,  Manuel Llibre Otero, mostr\u00f3 su satisfacci\u00f3n por del desarrollo alcanzado en el  \u00e1rea de la m\u00fasica cl\u00e1sica e invit\u00f3 a la poblaci\u00f3n en general a acercarse a la  instituci\u00f3n que dirige, la cual desarrolla un intenso programa de formaci\u00f3n  para ni\u00f1os j\u00f3venes y adultos en las diversas facetas del arte.<\/p>\n<p>&#13;<\/p>\n<p align=\"justify\" class=\"text1noticias\">\u201cJuventud  en Concierto\u201d cont\u00f3 la direcci\u00f3n de los profesores Frank Hern\u00e1ndez y\u00a0 Henry Disla.\u00a0  Al mismo asistieron diferentes personalidades de \u00e1rea de la m\u00fasica de la  regi\u00f3n y el Cibao. <\/p>\n<p>&#13;<\/p>\n<h6> 2008-07-01 22:59:43 <\/h6>\n<p><!--\n<link rel=\"stylesheet\" href=\"css\/bootstrap.min.css\">\n\n\n<ul class=\"pagination\">\n\t    \n\t\n\n<li >\n\t<a href='?page_no=22510'>Previous<\/a>\n\t<\/li>\n\n\n       \n    \n\n<li><a href='?page_no=1'>1<\/a><\/li>\n\n\n\n<li><a href='?page_no=2'>2<\/a><\/li>\n\n\n\n<li><a>...<\/a><\/li>\n\n\n\n<li><a href='?page_no=22509'>22509<\/a><\/li>\n\n\n\n<li><a href='?page_no=22510'>22510<\/a><\/li>\n\n\n\n<li class='active'><a>22511<\/a><\/li>\n\n\n\n<li><a href='?page_no=22512'>22512<\/a><\/li>\n\n\n\n<li><a href='?page_no=22513'>22513<\/a><\/li>\n\n\n\n<li><a>...<\/a><\/li>\n\n\n\n<li><a href='?page_no=22911'>22911<\/a><\/li>\n\n\n\n<li><a href='?page_no=22912'>22912<\/a><\/li>\n\n    \n\t\n\n<li >\n\t<a href='?page_no=22512'>Next<\/a>\n\t<\/li>\n\n\n    \n\n<li><a href='?page_no=22912'>Last &rsaquo;&rsaquo;<\/a><\/li>\n\n<\/ul>\n\n\n--><br \/>\n<\/body><\/p>\n","protected":false},"excerpt":{"rendered":"<p>Centro de la Cultura de Santiago Conforma La Orquesta Sinf\u00f3nica Elemental Juvenil del Cibao &#13; Santiago.- Con la participaci\u00f3n de un entusiasta p\u00fablico que colm\u00f3 la Sala H\u00e9ctor Inch\u00e1ustegui Cabral, del Centro de la Cultura de Santiago, qued\u00f3 conformada la Orquesta Sinf\u00f3nica Elemental Juvenil del Cibao, al mismo tiempo que se conmemor\u00f3 el natalicio del [&hellip;]<\/p>\n","protected":false},"author":3,"featured_media":0,"comment_status":"open","ping_status":"open","sticky":false,"template":"","format":"standard","meta":{"footnotes":""},"categories":[21],"tags":[],"class_list":["post-70833","post","type-post","status-publish","format-standard","hentry","category-cultura"],"_links":{"self":[{"href":"https:\/\/diariodominicano.com\/index.php?rest_route=\/wp\/v2\/posts\/70833","targetHints":{"allow":["GET"]}}],"collection":[{"href":"https:\/\/diariodominicano.com\/index.php?rest_route=\/wp\/v2\/posts"}],"about":[{"href":"https:\/\/diariodominicano.com\/index.php?rest_route=\/wp\/v2\/types\/post"}],"author":[{"embeddable":true,"href":"https:\/\/diariodominicano.com\/index.php?rest_route=\/wp\/v2\/users\/3"}],"replies":[{"embeddable":true,"href":"https:\/\/diariodominicano.com\/index.php?rest_route=%2Fwp%2Fv2%2Fcomments&post=70833"}],"version-history":[{"count":0,"href":"https:\/\/diariodominicano.com\/index.php?rest_route=\/wp\/v2\/posts\/70833\/revisions"}],"wp:attachment":[{"href":"https:\/\/diariodominicano.com\/index.php?rest_route=%2Fwp%2Fv2%2Fmedia&parent=70833"}],"wp:term":[{"taxonomy":"category","embeddable":true,"href":"https:\/\/diariodominicano.com\/index.php?rest_route=%2Fwp%2Fv2%2Fcategories&post=70833"},{"taxonomy":"post_tag","embeddable":true,"href":"https:\/\/diariodominicano.com\/index.php?rest_route=%2Fwp%2Fv2%2Ftags&post=70833"}],"curies":[{"name":"wp","href":"https:\/\/api.w.org\/{rel}","templated":true}]}}