{"id":70774,"date":"2008-07-16T18:16:37","date_gmt":"2008-07-16T18:16:37","guid":{"rendered":"http:\/\/diariodominicano.ddns.net\/?p=70774"},"modified":"2008-07-16T18:16:37","modified_gmt":"2008-07-16T18:16:37","slug":"joseph-marmolejos-expone-en-el-centro-abreu","status":"publish","type":"post","link":"https:\/\/diariodominicano.com\/?p=70774","title":{"rendered":"Joseph Marmolejos expone en el Centro Abreu"},"content":{"rendered":"<p><body><\/p>\n<p align=\"justify\"><span class=\"titulogrande1\">Joseph  Marmolejos expone en el Centro Abreu<\/span><br \/>&#13;<br \/>\n  <br \/>&#13;<br \/>\n    <span class=\"text1noticias\">El artista se ha inspirado en los encantos de la mujer de color\u00a0<br \/>&#13;<br \/>\n    <br \/>&#13;<br \/>\n    <strong><img loading=\"lazy\" decoding=\"async\" src=\"http:\/\/localhost:8080\/img\/oscar abreu.jpg\" width=\"375\" height=\"558\" hspace=\"4\" align=\"left\" \/>SANTO DOMINGO.-<\/strong> El Centro Abreu presentar\u00e1  este pr\u00f3ximo jueves la primera exposici\u00f3n individual titulada <em>Un Instante  Infinito<\/em>, del\u00a0 artista\u00a0 Dominicano Joseph Marmolejos. <br \/>&#13;<br \/>\n    <br \/>&#13;<br \/>\n  La muestra individual <em>Un Instante  Infinito<\/em>, consta de una colecci\u00f3n de 25 obras sobre lienzo y tendr\u00e1  lugar este pr\u00f3ximo 17 de julio a partir de las 7:30 de la noche, en los salones  de exposiciones temporales del Centro Abreu ubicado en la Calle Curazao # 61  del Ensanche Ozama, Santo Domingo Este. <br \/>&#13;<br \/>\n  <br \/>&#13;<br \/>\n  Expresa el Sr. Oscar Abreu, fundador del  Centro: \u201cla obra de Joseph Marmolejos es una encantadora fusi\u00f3n de colores, que  muestra la armon\u00eda y el encanto de la mujer caribe\u00f1a\u201d. <br \/>&#13;<br \/>\n  <br \/>&#13;<br \/>\n  La directora del Centro Abreu, Karima  Boutaleb se\u00f1ala que: \u201cla obra de Joseph Marmolejos es una representaci\u00f3n de la  belleza de la mujer de color a trav\u00e9s de un estilo pict\u00f3rico lleno de sutileza.  En efecto, esta serie de obras que yo califico de fotograf\u00edas dejan aparecer  unas mujeres de color secretas, discretas, t\u00edmidas.<br \/>&#13;<br \/>\n  <br \/>&#13;<br \/>\n  El artista pinta unos detalles casi realistas  que llaman la atenci\u00f3n del p\u00fablico como los labios suaves, el color de la piel,  el cabello naturalmente rizado, y las miradas dirigidas hacia nosotros para  provocar emociones o reacciones. <br \/>&#13;<br \/>\n  <br \/>&#13;<br \/>\n  Igualmente, el sombrero aparece como\u00a0 un  adorno fundamental de la indumentaria de esas mujeres morenas elegantes y de  alto nivel social que no quieren desaparecer en una sociedad donde las  prejuicios son tan fuertes.\u201d\u00a0<br \/>&#13;<br \/>\n  <br \/>&#13;<br \/>\n  El curador de la muestra Patrick Landry  subraya que: \u201cLa funci\u00f3n de los sombreros puede ser un recept\u00e1culo donde la  cara viene a posarse y cuando no es un sombrero es una paraguas. Hay siempre  algo que recibe; separa del fondo y protege la cara. Por qu\u00e9? eso viene del  juego de miradas entre ellas y la sociedad. Ver sin ser visto y ser visto sin  ver los otros. <br \/>&#13;<br \/>\n  <br \/>&#13;<br \/>\n  Es un tema de gran importancia en una  sociedad donde la apariencia cuesta y cuenta mucho.Todos estos sombreros son  tambi\u00e9n de dimensiones impresionantes se parecen a los que usan las mujeres en  los hip\u00f3dromos.<br \/>&#13;<br \/>\n  <br \/> &#13;<br \/>\n  En fin, sus mujeres son elegantes como las del pintor Jean  Pierre Cassigneul. Con este estilo depurado, con pocos detalles y su  monocrom\u00e1tico de la piel, sus cuadros\u00a0 hacen pensar en la publicidad de un  perfume.\u201d\u00a0<br \/>&#13;<br \/>\n  <br \/>&#13;<br \/>\n  Seg\u00fan el artista: \u201cEl arte es una forma, un  medio por el cual descargo todas mis emociones y alcanzo la libertad absoluta.  En esta exhibici\u00f3n presento mujeres morenas orgullosas de lo que son pero muy  elegantes. Quiero enaltecer a las mujeres de color con caracter\u00edsticas t\u00edpicas:  pinto mujeres con el pelo rizado, la piel oscura y los labios suaves esperando  provocar reacciones o curiosidad.\u201d\u00a0<br \/>&#13;<br \/>\n  <br \/>&#13;<br \/>\n  Con \u201c<em>Un Instante Infinito<\/em>\u201d de  Joseph Marmolejos, el Centro Abreu, animando culturalmente al Santo Domingo  Este contin\u00faa el ciclo de sus exposiciones, poniendo de manifiesto la  diversidad de los artistas presentados y sus respectivos estilos, pero teniendo  como una de sus prioridades un arte que se identifica con el pa\u00eds y la regi\u00f3n  caribe\u00f1a. <br \/>&#13;<br \/>\n  <br \/>&#13;<br \/>\n  La exhibici\u00f3n permanecer\u00e1 abierta al p\u00fablico  hasta el 24 de Agosto del presente a\u00f1o, para mayor informaci\u00f3n cont\u00e1ctenos al  TEL 809.594.5438 o al correo electr\u00f3nico centroabreu@gmail.com \u00a0<\/span><\/p>\n<p>&#13;<\/p>\n<h6> 2008-07-16 18:16:37 <\/h6>\n<p><!--\n<link rel=\"stylesheet\" href=\"css\/bootstrap.min.css\">\n\n\n<ul class=\"pagination\">\n\t    \n\t\n\n<li >\n\t<a href='?page_no=22451'>Previous<\/a>\n\t<\/li>\n\n\n       \n    \n\n<li><a href='?page_no=1'>1<\/a><\/li>\n\n\n\n<li><a href='?page_no=2'>2<\/a><\/li>\n\n\n\n<li><a>...<\/a><\/li>\n\n\n\n<li><a href='?page_no=22450'>22450<\/a><\/li>\n\n\n\n<li><a href='?page_no=22451'>22451<\/a><\/li>\n\n\n\n<li class='active'><a>22452<\/a><\/li>\n\n\n\n<li><a href='?page_no=22453'>22453<\/a><\/li>\n\n\n\n<li><a href='?page_no=22454'>22454<\/a><\/li>\n\n\n\n<li><a>...<\/a><\/li>\n\n\n\n<li><a href='?page_no=22911'>22911<\/a><\/li>\n\n\n\n<li><a href='?page_no=22912'>22912<\/a><\/li>\n\n    \n\t\n\n<li >\n\t<a href='?page_no=22453'>Next<\/a>\n\t<\/li>\n\n\n    \n\n<li><a href='?page_no=22912'>Last &rsaquo;&rsaquo;<\/a><\/li>\n\n<\/ul>\n\n\n--><br \/>\n<\/body><\/p>\n","protected":false},"excerpt":{"rendered":"<p>Joseph Marmolejos expone en el Centro Abreu&#13; &#13; El artista se ha inspirado en los encantos de la mujer de color\u00a0&#13; &#13; SANTO DOMINGO.- El Centro Abreu presentar\u00e1 este pr\u00f3ximo jueves la primera exposici\u00f3n individual titulada Un Instante Infinito, del\u00a0 artista\u00a0 Dominicano Joseph Marmolejos. &#13; &#13; La muestra individual Un Instante Infinito, consta de una [&hellip;]<\/p>\n","protected":false},"author":3,"featured_media":0,"comment_status":"open","ping_status":"open","sticky":false,"template":"","format":"standard","meta":{"footnotes":""},"categories":[21],"tags":[],"class_list":["post-70774","post","type-post","status-publish","format-standard","hentry","category-cultura"],"_links":{"self":[{"href":"https:\/\/diariodominicano.com\/index.php?rest_route=\/wp\/v2\/posts\/70774","targetHints":{"allow":["GET"]}}],"collection":[{"href":"https:\/\/diariodominicano.com\/index.php?rest_route=\/wp\/v2\/posts"}],"about":[{"href":"https:\/\/diariodominicano.com\/index.php?rest_route=\/wp\/v2\/types\/post"}],"author":[{"embeddable":true,"href":"https:\/\/diariodominicano.com\/index.php?rest_route=\/wp\/v2\/users\/3"}],"replies":[{"embeddable":true,"href":"https:\/\/diariodominicano.com\/index.php?rest_route=%2Fwp%2Fv2%2Fcomments&post=70774"}],"version-history":[{"count":0,"href":"https:\/\/diariodominicano.com\/index.php?rest_route=\/wp\/v2\/posts\/70774\/revisions"}],"wp:attachment":[{"href":"https:\/\/diariodominicano.com\/index.php?rest_route=%2Fwp%2Fv2%2Fmedia&parent=70774"}],"wp:term":[{"taxonomy":"category","embeddable":true,"href":"https:\/\/diariodominicano.com\/index.php?rest_route=%2Fwp%2Fv2%2Fcategories&post=70774"},{"taxonomy":"post_tag","embeddable":true,"href":"https:\/\/diariodominicano.com\/index.php?rest_route=%2Fwp%2Fv2%2Ftags&post=70774"}],"curies":[{"name":"wp","href":"https:\/\/api.w.org\/{rel}","templated":true}]}}